{"id":115,"date":"2014-10-30T00:26:39","date_gmt":"2014-10-29T23:26:39","guid":{"rendered":"http:\/\/tempelherrenorden.de\/cms\/?p=115"},"modified":"2018-05-13T20:25:39","modified_gmt":"2018-05-13T18:25:39","slug":"ausklang-der-gruendungsfeierlichkeiten","status":"publish","type":"post","link":"https:\/\/tempelherrenorden.de\/cms\/ausklang-der-gruendungsfeierlichkeiten\/","title":{"rendered":"Ausklang der Gr\u00fcndungsfeierlichkeiten"},"content":{"rendered":"<p style=\"text-align: justify;\">Die Weltlichkeit hat immer ihren Platz in unserem Orden und so klingen manche Abende auch mit einer Begegnung beim gemeinsamen Mahl aus.<\/p>\n<p style=\"text-align: justify;\">Gerade an einem solch au\u00dfergew\u00f6hnlichen Tag macht es Sinn, dass man gemeinsam die Erlebnisse und Eindr\u00fccke austauscht und untereinander, aber auch mit den geladenen G\u00e4sten ins Gespr\u00e4ch kommt.<\/p>\n<p style=\"text-align: justify;\">Das gegenseitige Kennenlernen konnte dabei intensiviert werden. Das Zusammentreffen von unterschiedlichen Herkunftsorten, Berufen und unterschiedlichen christlichen Pr\u00e4gungen macht eine solche Begegnung f\u00fcr alle zu einem Gewinn und erweitert damit die Basis der menschlichen Gemeinschaft im Orden. Unser Templerorden pflegt die historische Ordenstradition einer Gastfreundschaft, bei der man sich wenn sich die Gelegenheit ergibt, auch gegenseitig besucht. So wurden an diesem Abend neue Kontakte gekn\u00fcpft und alte vertieft.<\/p>\n<p style=\"text-align: justify;\">In der Weltlichkeit zu Hause zu sein, ist unserem Orden ebenso sehr wichtig, auch wenn dieser Tag stark durch die gottesdienstlichen Aktivit\u00e4ten gepr\u00e4gt war. Das junge Ordenshaus Berlin-Brandenburg hat unter der Federf\u00fchrung ihres Ordensoffiziers zur \u00dcberraschung aller bereits Freitzeitkleidung entwickelt, mit der man sich zum Orden bekennen kann.<\/p>\n<p style=\"text-align: justify;\">Als Dank f\u00fcr den Einsatz, der die Gr\u00fcndung in dieser Form m\u00f6glich gemacht hat, \u00fcbergab OBr. Wolf\u00a0 dem Ordensmeister Prior Dr. Schneider eine nicht allt\u00e4gliche Kapuzenjacke. Bei einer Begegnung am Lagerfeuer im n\u00e4chtlichen Berlin kam diese dann bereits zu ihrem ersten Einsatz.<\/p>\n","protected":false},"excerpt":{"rendered":"<p>Die Weltlichkeit hat immer ihren Platz in unserem Orden und so klingen manche Abende auch mit einer Begegnung beim gemeinsamen Mahl aus.<\/p>\n<p> <a class=\"continue-reading-link\" href=\"https:\/\/tempelherrenorden.de\/cms\/ausklang-der-gruendungsfeierlichkeiten\/\"><span>Artikel lesen<\/span><i class=\"crycon-right-dir\"><\/i><\/a> <\/p>\n","protected":false},"author":10,"featured_media":0,"comment_status":"closed","ping_status":"closed","sticky":false,"template":"","format":"standard","meta":{"_crdt_document":"","jetpack_post_was_ever_published":false,"_jetpack_newsletter_access":"","_jetpack_dont_email_post_to_subs":false,"_jetpack_newsletter_tier_id":0,"_jetpack_memberships_contains_paywalled_content":false,"_jetpack_memberships_contains_paid_content":false,"footnotes":""},"categories":[1,37],"tags":[52,49,56,50,63,45,44,47],"class_list":["post-115","post","type-post","status-publish","format-standard","hentry","category-allgemein","category-georg","tag-berlin","tag-komturei","tag-ordenshaus","tag-st-georg","tag-tempelherren","tag-tempelritter","tag-templer","tag-veranstaltung"],"yoast_head":"<!-- This site is optimized with the Yoast SEO plugin v27.5 - https:\/\/yoast.com\/product\/yoast-seo-wordpress\/ -->\n<title>Ausklang der Gr\u00fcndungsfeierlichkeiten &#8226; Deutscher Tempelherren-Orden<\/title>\n<meta name=\"robots\" content=\"index, follow, max-snippet:-1, max-image-preview:large, max-video-preview:-1\" \/>\n<link rel=\"canonical\" href=\"https:\/\/tempelherrenorden.de\/cms\/ausklang-der-gruendungsfeierlichkeiten\/\" \/>\n<meta property=\"og:locale\" content=\"de_DE\" \/>\n<meta property=\"og:type\" content=\"article\" \/>\n<meta property=\"og:title\" content=\"Ausklang der Gr\u00fcndungsfeierlichkeiten &#8226; Deutscher Tempelherren-Orden\" \/>\n<meta property=\"og:description\" content=\"Die Weltlichkeit hat immer ihren Platz in unserem Orden und so klingen manche Abende auch mit einer Begegnung beim gemeinsamen Mahl aus. Artikel lesen\" \/>\n<meta property=\"og:url\" content=\"https:\/\/tempelherrenorden.de\/cms\/ausklang-der-gruendungsfeierlichkeiten\/\" \/>\n<meta property=\"og:site_name\" content=\"Deutscher Tempelherren-Orden\" \/>\n<meta property=\"article:publisher\" content=\"https:\/\/www.facebook.com\/Deutscher-Tempelherren-Orden-OMCT-2054469481490772\/\" \/>\n<meta property=\"article:published_time\" content=\"2014-10-29T23:26:39+00:00\" \/>\n<meta property=\"article:modified_time\" content=\"2018-05-13T18:25:39+00:00\" \/>\n<meta name=\"author\" content=\"Redaktion\" \/>\n<meta name=\"twitter:card\" content=\"summary_large_image\" \/>\n<meta name=\"twitter:label1\" content=\"Verfasst von\" \/>\n\t<meta name=\"twitter:data1\" content=\"Redaktion\" \/>\n\t<meta name=\"twitter:label2\" content=\"Gesch\u00e4tzte Lesezeit\" \/>\n\t<meta name=\"twitter:data2\" content=\"1\u00a0Minute\" \/>\n<script type=\"application\/ld+json\" class=\"yoast-schema-graph\">{\"@context\":\"https:\\\/\\\/schema.org\",\"@graph\":[{\"@type\":\"Article\",\"@id\":\"https:\\\/\\\/tempelherrenorden.de\\\/cms\\\/ausklang-der-gruendungsfeierlichkeiten\\\/#article\",\"isPartOf\":{\"@id\":\"https:\\\/\\\/tempelherrenorden.de\\\/cms\\\/ausklang-der-gruendungsfeierlichkeiten\\\/\"},\"author\":{\"name\":\"Redaktion\",\"@id\":\"https:\\\/\\\/tempelherrenorden.de\\\/cms\\\/#\\\/schema\\\/person\\\/c4b556c7412791f0ed2d6851086be4aa\"},\"headline\":\"Ausklang der Gr\u00fcndungsfeierlichkeiten\",\"datePublished\":\"2014-10-29T23:26:39+00:00\",\"dateModified\":\"2018-05-13T18:25:39+00:00\",\"mainEntityOfPage\":{\"@id\":\"https:\\\/\\\/tempelherrenorden.de\\\/cms\\\/ausklang-der-gruendungsfeierlichkeiten\\\/\"},\"wordCount\":227,\"publisher\":{\"@id\":\"https:\\\/\\\/tempelherrenorden.de\\\/cms\\\/#organization\"},\"keywords\":[\"Berlin\",\"Komturei\",\"Ordenshaus\",\"St. Georg\",\"Tempelherren\",\"Tempelritter\",\"Templer\",\"Veranstaltung\"],\"articleSection\":{\"1\":\"Komturei St. Georg\"},\"inLanguage\":\"de\"},{\"@type\":\"WebPage\",\"@id\":\"https:\\\/\\\/tempelherrenorden.de\\\/cms\\\/ausklang-der-gruendungsfeierlichkeiten\\\/\",\"url\":\"https:\\\/\\\/tempelherrenorden.de\\\/cms\\\/ausklang-der-gruendungsfeierlichkeiten\\\/\",\"name\":\"Ausklang der Gr\u00fcndungsfeierlichkeiten &#8226; Deutscher Tempelherren-Orden\",\"isPartOf\":{\"@id\":\"https:\\\/\\\/tempelherrenorden.de\\\/cms\\\/#website\"},\"datePublished\":\"2014-10-29T23:26:39+00:00\",\"dateModified\":\"2018-05-13T18:25:39+00:00\",\"breadcrumb\":{\"@id\":\"https:\\\/\\\/tempelherrenorden.de\\\/cms\\\/ausklang-der-gruendungsfeierlichkeiten\\\/#breadcrumb\"},\"inLanguage\":\"de\",\"potentialAction\":[{\"@type\":\"ReadAction\",\"target\":[\"https:\\\/\\\/tempelherrenorden.de\\\/cms\\\/ausklang-der-gruendungsfeierlichkeiten\\\/\"]}]},{\"@type\":\"BreadcrumbList\",\"@id\":\"https:\\\/\\\/tempelherrenorden.de\\\/cms\\\/ausklang-der-gruendungsfeierlichkeiten\\\/#breadcrumb\",\"itemListElement\":[{\"@type\":\"ListItem\",\"position\":1,\"name\":\"Startseite\",\"item\":\"https:\\\/\\\/tempelherrenorden.de\\\/cms\\\/\"},{\"@type\":\"ListItem\",\"position\":2,\"name\":\"Ausklang der Gr\u00fcndungsfeierlichkeiten\"}]},{\"@type\":\"WebSite\",\"@id\":\"https:\\\/\\\/tempelherrenorden.de\\\/cms\\\/#website\",\"url\":\"https:\\\/\\\/tempelherrenorden.de\\\/cms\\\/\",\"name\":\"Deutscher Tempelherren-Orden\",\"description\":\"\",\"publisher\":{\"@id\":\"https:\\\/\\\/tempelherrenorden.de\\\/cms\\\/#organization\"},\"potentialAction\":[{\"@type\":\"SearchAction\",\"target\":{\"@type\":\"EntryPoint\",\"urlTemplate\":\"https:\\\/\\\/tempelherrenorden.de\\\/cms\\\/?s={search_term_string}\"},\"query-input\":{\"@type\":\"PropertyValueSpecification\",\"valueRequired\":true,\"valueName\":\"search_term_string\"}}],\"inLanguage\":\"de\"},{\"@type\":\"Organization\",\"@id\":\"https:\\\/\\\/tempelherrenorden.de\\\/cms\\\/#organization\",\"name\":\"Deutscher Tempelherren-Orden OMCT e.V.\",\"url\":\"https:\\\/\\\/tempelherrenorden.de\\\/cms\\\/\",\"logo\":{\"@type\":\"ImageObject\",\"inLanguage\":\"de\",\"@id\":\"https:\\\/\\\/tempelherrenorden.de\\\/cms\\\/#\\\/schema\\\/logo\\\/image\\\/\",\"url\":\"https:\\\/\\\/i0.wp.com\\\/tempelherrenorden.de\\\/cms\\\/wp-content\\\/uploads\\\/2018\\\/01\\\/OMCT-Wappen.jpg?fit=997%2C1198&ssl=1\",\"contentUrl\":\"https:\\\/\\\/i0.wp.com\\\/tempelherrenorden.de\\\/cms\\\/wp-content\\\/uploads\\\/2018\\\/01\\\/OMCT-Wappen.jpg?fit=997%2C1198&ssl=1\",\"width\":997,\"height\":1198,\"caption\":\"Deutscher Tempelherren-Orden OMCT e.V.\"},\"image\":{\"@id\":\"https:\\\/\\\/tempelherrenorden.de\\\/cms\\\/#\\\/schema\\\/logo\\\/image\\\/\"},\"sameAs\":[\"https:\\\/\\\/www.facebook.com\\\/Deutscher-Tempelherren-Orden-OMCT-2054469481490772\\\/\"]},{\"@type\":\"Person\",\"@id\":\"https:\\\/\\\/tempelherrenorden.de\\\/cms\\\/#\\\/schema\\\/person\\\/c4b556c7412791f0ed2d6851086be4aa\",\"name\":\"Redaktion\",\"image\":{\"@type\":\"ImageObject\",\"inLanguage\":\"de\",\"@id\":\"https:\\\/\\\/secure.gravatar.com\\\/avatar\\\/4ed839132852af2d0905f18562e70ba28d4d5c2fa1196284813995a27f534319?s=96&d=mm&r=g\",\"url\":\"https:\\\/\\\/secure.gravatar.com\\\/avatar\\\/4ed839132852af2d0905f18562e70ba28d4d5c2fa1196284813995a27f534319?s=96&d=mm&r=g\",\"contentUrl\":\"https:\\\/\\\/secure.gravatar.com\\\/avatar\\\/4ed839132852af2d0905f18562e70ba28d4d5c2fa1196284813995a27f534319?s=96&d=mm&r=g\",\"caption\":\"Redaktion\"},\"url\":\"https:\\\/\\\/tempelherrenorden.de\\\/cms\\\/author\\\/redaktion\\\/\"}]}<\/script>\n<!-- \/ Yoast SEO plugin. -->","yoast_head_json":{"title":"Ausklang der Gr\u00fcndungsfeierlichkeiten &#8226; Deutscher Tempelherren-Orden","robots":{"index":"index","follow":"follow","max-snippet":"max-snippet:-1","max-image-preview":"max-image-preview:large","max-video-preview":"max-video-preview:-1"},"canonical":"https:\/\/tempelherrenorden.de\/cms\/ausklang-der-gruendungsfeierlichkeiten\/","og_locale":"de_DE","og_type":"article","og_title":"Ausklang der Gr\u00fcndungsfeierlichkeiten &#8226; Deutscher Tempelherren-Orden","og_description":"Die Weltlichkeit hat immer ihren Platz in unserem Orden und so klingen manche Abende auch mit einer Begegnung beim gemeinsamen Mahl aus. Artikel lesen","og_url":"https:\/\/tempelherrenorden.de\/cms\/ausklang-der-gruendungsfeierlichkeiten\/","og_site_name":"Deutscher Tempelherren-Orden","article_publisher":"https:\/\/www.facebook.com\/Deutscher-Tempelherren-Orden-OMCT-2054469481490772\/","article_published_time":"2014-10-29T23:26:39+00:00","article_modified_time":"2018-05-13T18:25:39+00:00","author":"Redaktion","twitter_card":"summary_large_image","twitter_misc":{"Verfasst von":"Redaktion","Gesch\u00e4tzte Lesezeit":"1\u00a0Minute"},"schema":{"@context":"https:\/\/schema.org","@graph":[{"@type":"Article","@id":"https:\/\/tempelherrenorden.de\/cms\/ausklang-der-gruendungsfeierlichkeiten\/#article","isPartOf":{"@id":"https:\/\/tempelherrenorden.de\/cms\/ausklang-der-gruendungsfeierlichkeiten\/"},"author":{"name":"Redaktion","@id":"https:\/\/tempelherrenorden.de\/cms\/#\/schema\/person\/c4b556c7412791f0ed2d6851086be4aa"},"headline":"Ausklang der Gr\u00fcndungsfeierlichkeiten","datePublished":"2014-10-29T23:26:39+00:00","dateModified":"2018-05-13T18:25:39+00:00","mainEntityOfPage":{"@id":"https:\/\/tempelherrenorden.de\/cms\/ausklang-der-gruendungsfeierlichkeiten\/"},"wordCount":227,"publisher":{"@id":"https:\/\/tempelherrenorden.de\/cms\/#organization"},"keywords":["Berlin","Komturei","Ordenshaus","St. Georg","Tempelherren","Tempelritter","Templer","Veranstaltung"],"articleSection":{"1":"Komturei St. Georg"},"inLanguage":"de"},{"@type":"WebPage","@id":"https:\/\/tempelherrenorden.de\/cms\/ausklang-der-gruendungsfeierlichkeiten\/","url":"https:\/\/tempelherrenorden.de\/cms\/ausklang-der-gruendungsfeierlichkeiten\/","name":"Ausklang der Gr\u00fcndungsfeierlichkeiten &#8226; Deutscher Tempelherren-Orden","isPartOf":{"@id":"https:\/\/tempelherrenorden.de\/cms\/#website"},"datePublished":"2014-10-29T23:26:39+00:00","dateModified":"2018-05-13T18:25:39+00:00","breadcrumb":{"@id":"https:\/\/tempelherrenorden.de\/cms\/ausklang-der-gruendungsfeierlichkeiten\/#breadcrumb"},"inLanguage":"de","potentialAction":[{"@type":"ReadAction","target":["https:\/\/tempelherrenorden.de\/cms\/ausklang-der-gruendungsfeierlichkeiten\/"]}]},{"@type":"BreadcrumbList","@id":"https:\/\/tempelherrenorden.de\/cms\/ausklang-der-gruendungsfeierlichkeiten\/#breadcrumb","itemListElement":[{"@type":"ListItem","position":1,"name":"Startseite","item":"https:\/\/tempelherrenorden.de\/cms\/"},{"@type":"ListItem","position":2,"name":"Ausklang der Gr\u00fcndungsfeierlichkeiten"}]},{"@type":"WebSite","@id":"https:\/\/tempelherrenorden.de\/cms\/#website","url":"https:\/\/tempelherrenorden.de\/cms\/","name":"Deutscher Tempelherren-Orden","description":"","publisher":{"@id":"https:\/\/tempelherrenorden.de\/cms\/#organization"},"potentialAction":[{"@type":"SearchAction","target":{"@type":"EntryPoint","urlTemplate":"https:\/\/tempelherrenorden.de\/cms\/?s={search_term_string}"},"query-input":{"@type":"PropertyValueSpecification","valueRequired":true,"valueName":"search_term_string"}}],"inLanguage":"de"},{"@type":"Organization","@id":"https:\/\/tempelherrenorden.de\/cms\/#organization","name":"Deutscher Tempelherren-Orden OMCT e.V.","url":"https:\/\/tempelherrenorden.de\/cms\/","logo":{"@type":"ImageObject","inLanguage":"de","@id":"https:\/\/tempelherrenorden.de\/cms\/#\/schema\/logo\/image\/","url":"https:\/\/i0.wp.com\/tempelherrenorden.de\/cms\/wp-content\/uploads\/2018\/01\/OMCT-Wappen.jpg?fit=997%2C1198&ssl=1","contentUrl":"https:\/\/i0.wp.com\/tempelherrenorden.de\/cms\/wp-content\/uploads\/2018\/01\/OMCT-Wappen.jpg?fit=997%2C1198&ssl=1","width":997,"height":1198,"caption":"Deutscher Tempelherren-Orden OMCT e.V."},"image":{"@id":"https:\/\/tempelherrenorden.de\/cms\/#\/schema\/logo\/image\/"},"sameAs":["https:\/\/www.facebook.com\/Deutscher-Tempelherren-Orden-OMCT-2054469481490772\/"]},{"@type":"Person","@id":"https:\/\/tempelherrenorden.de\/cms\/#\/schema\/person\/c4b556c7412791f0ed2d6851086be4aa","name":"Redaktion","image":{"@type":"ImageObject","inLanguage":"de","@id":"https:\/\/secure.gravatar.com\/avatar\/4ed839132852af2d0905f18562e70ba28d4d5c2fa1196284813995a27f534319?s=96&d=mm&r=g","url":"https:\/\/secure.gravatar.com\/avatar\/4ed839132852af2d0905f18562e70ba28d4d5c2fa1196284813995a27f534319?s=96&d=mm&r=g","contentUrl":"https:\/\/secure.gravatar.com\/avatar\/4ed839132852af2d0905f18562e70ba28d4d5c2fa1196284813995a27f534319?s=96&d=mm&r=g","caption":"Redaktion"},"url":"https:\/\/tempelherrenorden.de\/cms\/author\/redaktion\/"}]}},"jetpack_featured_media_url":"","jetpack_shortlink":"https:\/\/wp.me\/p5yQvL-1R","jetpack_sharing_enabled":true,"_links":{"self":[{"href":"https:\/\/tempelherrenorden.de\/cms\/wp-json\/wp\/v2\/posts\/115","targetHints":{"allow":["GET"]}}],"collection":[{"href":"https:\/\/tempelherrenorden.de\/cms\/wp-json\/wp\/v2\/posts"}],"about":[{"href":"https:\/\/tempelherrenorden.de\/cms\/wp-json\/wp\/v2\/types\/post"}],"author":[{"embeddable":true,"href":"https:\/\/tempelherrenorden.de\/cms\/wp-json\/wp\/v2\/users\/10"}],"replies":[{"embeddable":true,"href":"https:\/\/tempelherrenorden.de\/cms\/wp-json\/wp\/v2\/comments?post=115"}],"version-history":[{"count":14,"href":"https:\/\/tempelherrenorden.de\/cms\/wp-json\/wp\/v2\/posts\/115\/revisions"}],"predecessor-version":[{"id":1946,"href":"https:\/\/tempelherrenorden.de\/cms\/wp-json\/wp\/v2\/posts\/115\/revisions\/1946"}],"wp:attachment":[{"href":"https:\/\/tempelherrenorden.de\/cms\/wp-json\/wp\/v2\/media?parent=115"}],"wp:term":[{"taxonomy":"category","embeddable":true,"href":"https:\/\/tempelherrenorden.de\/cms\/wp-json\/wp\/v2\/categories?post=115"},{"taxonomy":"post_tag","embeddable":true,"href":"https:\/\/tempelherrenorden.de\/cms\/wp-json\/wp\/v2\/tags?post=115"}],"curies":[{"name":"wp","href":"https:\/\/api.w.org\/{rel}","templated":true}]}}