{"id":1594,"date":"2017-05-21T15:18:26","date_gmt":"2017-05-21T13:18:26","guid":{"rendered":"http:\/\/tempelherrenorden.de\/cms\/?p=1594"},"modified":"2018-05-12T20:15:11","modified_gmt":"2018-05-12T18:15:11","slug":"facetten-fuegen-sich-zum-ganzen-vorabend-eines-generalkapitels","status":"publish","type":"post","link":"https:\/\/tempelherrenorden.de\/cms\/facetten-fuegen-sich-zum-ganzen-vorabend-eines-generalkapitels\/","title":{"rendered":"FACETTEN F\u00dcGEN SICH ZUM GANZEN &#8211; VORABEND EINES GENERALKAPITELS"},"content":{"rendered":"<p>Auch wenn es Ordensleben in Begegnungen der Komtureien und Ordenh\u00e4user gibt, ist dies dennoch nur ein kleiner Teil des allt\u00e4glichen Lebens. Jeder von uns ist immer auf dem Weg an der eigenen Einstellung zu arbeiten, dass dies nicht nur ein punktueller Teil des Lebens ist und ansonsten eine untergeordnete Rolle spielt. Dies gilt umso mehr f\u00fcr diejenigen Ordensangeh\u00f6rigen, denen es zumindest noch nicht verg\u00f6nnt ist, im Umkreis des eigenen Wohnortes zumindest ein Ordenshaus vorzufinden oder die daran beauftragt arbeiten, ein Ordenshaus aufzubauen.<\/p>\n<p><!--more--><\/p>\n<p>Der innere Ruf, sich f\u00fcr den Weg einer Ordensdamen oder eines Ordensritters zu entscheiden, endet nicht auf dem Generalkapitel, auf dem eine Frau investiert oder ein Mann rezipiert wird. Es gilt diesem Ruf tats\u00e4chlich nachzugehen, wobei der Weg das Ziel ist und es gilt, sich daf\u00fcr zu motivieren oder immer wieder auch Impulse dazu von der Gemeinschaft zu empfangen. Dies bedeutet, das Ideal des Ordens durch das eigene Handeln gerade im &#8222;Alltag&#8220; zum Leben zu erwecken.<\/p>\n<p>Einmal im Jahr beruft die Ordensregierung ein Generalkapitel ein &#8211; wie zuletzt 2016 nach M\u00fcnster &#8211; zu dem alle Ordensangeh\u00f6rigen geladen sind. Hier f\u00fcgt sich dann zusammen, was zur \u00fcbergreifenden Ordensgemeinschaft geh\u00f6rt. Die im Bundesgebiet lebenden Frauen und M\u00e4nner des Ordens haben damit die M\u00f6glichkeit zur pers\u00f6nlichen Begegnung \u00fcber den Rahmen einer Komturei oder eines Ordenshauses hinaus, was gerade auch f\u00fcr diejenigen von gro\u00dfer Bedeutung ist, die nicht im Einzugsbereich dieser Ordensuntergliederungen wohnen und der Ordensregierung direkt unterstellt sind.<\/p>\n<p>&#8222;Bevor es losgeht&#8220; ist es eine sch\u00f6ne Gewohnheit, dass diejenigen, die fr\u00fch am Freitag anreisen, schon das erste gemeinsame Mittagessen im Refektorium einnehmen und im kleinen Kreis zum pers\u00f6nlichen Austausch kommen.<\/p>\n<p><img data-recalc-dims=\"1\" loading=\"lazy\" decoding=\"async\" data-attachment-id=\"1596\" data-permalink=\"https:\/\/tempelherrenorden.de\/cms\/facetten-fuegen-sich-zum-ganzen-vorabend-eines-generalkapitels\/p1210504\/\" data-orig-file=\"https:\/\/i0.wp.com\/tempelherrenorden.de\/cms\/wp-content\/uploads\/2017\/05\/P1210504-e1495358395559.jpg?fit=350%2C467&amp;ssl=1\" data-orig-size=\"350,467\" data-comments-opened=\"0\" data-image-meta=\"{&quot;aperture&quot;:&quot;2.8&quot;,&quot;credit&quot;:&quot;&quot;,&quot;camera&quot;:&quot;DMC-FZ200&quot;,&quot;caption&quot;:&quot;&quot;,&quot;created_timestamp&quot;:&quot;1462538282&quot;,&quot;copyright&quot;:&quot;&quot;,&quot;focal_length&quot;:&quot;4.5&quot;,&quot;iso&quot;:&quot;125&quot;,&quot;shutter_speed&quot;:&quot;0.0166666666667&quot;,&quot;title&quot;:&quot;&quot;,&quot;orientation&quot;:&quot;1&quot;}\" data-image-title=\"OMCT Refektorium\" data-image-description=\"\" data-image-caption=\"\" data-large-file=\"https:\/\/i0.wp.com\/tempelherrenorden.de\/cms\/wp-content\/uploads\/2017\/05\/P1210504-e1495358395559.jpg?fit=768%2C1024&amp;ssl=1\" class=\"size-full wp-image-1596 alignleft\" src=\"https:\/\/i0.wp.com\/tempelherrenorden.de\/cms\/wp-content\/uploads\/2017\/05\/P1210504-e1495358395559.jpg?resize=350%2C467&#038;ssl=1\" alt=\"OMCT Refektorium\" width=\"350\" height=\"467\" \/><\/p>\n<p>&nbsp;<\/p>\n<p>&nbsp;<\/p>\n<p>&nbsp;<\/p>\n<p>&nbsp;<\/p>\n<p>&nbsp;<\/p>\n<p>&nbsp;<\/p>\n<p>&nbsp;<\/p>\n<p>&nbsp;<\/p>\n<p>&nbsp;<\/p>\n<p>&nbsp;<\/p>\n<p>&nbsp;<\/p>\n<p>Das Generalkapitel ist unserer Ordensdevise <em>&#8222;NON NOBIS, DOMINE, NON NOBIS, SED NOMINI TUO DA GLORIAM &#8220; <\/em>verpflichtet, so dass sich bei allen Berichten und Entscheidungen die anwesenden Ordensdamen, Ordensritter, Postulantinnen und Postulaten\u00a0 im Konvent bewusst sein m\u00fcssen, dass nichts von dem, was war und sein wird, zur eigenen Ehre oder der des Ordens gereicht, sondern allein auf Gott hinweist. Die Ordensregierung und die Komture bzw. Ordensoffiziere berichten \u00fcber die Arbeit und die Aktivit\u00e4ten des vergangenen Jahres und geben auch einen Ausblick auf das im Generalkapitel neu ausgerufene Templerjahr. Die Ordenslichtvesper sowie der Investierungs- und Rezipierungsgottesdienst sind dabei die geistliche Basis f\u00fcr die innere Ausrichtung.<\/p>\n<p>Zur Ordenslichtvesper versammeln wir uns hinter dem Beausant<\/p>\n<p><img data-recalc-dims=\"1\" loading=\"lazy\" decoding=\"async\" data-attachment-id=\"1601\" data-permalink=\"https:\/\/tempelherrenorden.de\/cms\/facetten-fuegen-sich-zum-ganzen-vorabend-eines-generalkapitels\/p1210512-2\/\" data-orig-file=\"https:\/\/i0.wp.com\/tempelherrenorden.de\/cms\/wp-content\/uploads\/2017\/05\/P12105121-e1495359371290.jpg?fit=350%2C263&amp;ssl=1\" data-orig-size=\"350,263\" data-comments-opened=\"0\" data-image-meta=\"{&quot;aperture&quot;:&quot;2.8&quot;,&quot;credit&quot;:&quot;&quot;,&quot;camera&quot;:&quot;DMC-FZ200&quot;,&quot;caption&quot;:&quot;&quot;,&quot;created_timestamp&quot;:&quot;1462563977&quot;,&quot;copyright&quot;:&quot;&quot;,&quot;focal_length&quot;:&quot;4.5&quot;,&quot;iso&quot;:&quot;400&quot;,&quot;shutter_speed&quot;:&quot;0.0333333333333&quot;,&quot;title&quot;:&quot;&quot;,&quot;orientation&quot;:&quot;1&quot;}\" data-image-title=\"OMCT Deutscher Tempelherren-Orden Beausant\" data-image-description=\"\" data-image-caption=\"\" data-large-file=\"https:\/\/i0.wp.com\/tempelherrenorden.de\/cms\/wp-content\/uploads\/2017\/05\/P12105121-e1495359371290.jpg?fit=1024%2C768&amp;ssl=1\" class=\"size-full wp-image-1601 alignleft\" src=\"https:\/\/i0.wp.com\/tempelherrenorden.de\/cms\/wp-content\/uploads\/2017\/05\/P12105121-e1495359371290.jpg?resize=350%2C263&#038;ssl=1\" alt=\"OMCT Deutscher Tempelherren-Orden Beausant\" width=\"350\" height=\"263\" \/><\/p>\n<p>&nbsp;<\/p>\n<p>&nbsp;<\/p>\n<p>&nbsp;<\/p>\n<p>&nbsp;<\/p>\n<p>&nbsp;<\/p>\n<p>&nbsp;<\/p>\n<p>und ziehen gemeinsam in die Kirche ein,<\/p>\n<p><img data-recalc-dims=\"1\" loading=\"lazy\" decoding=\"async\" data-attachment-id=\"1602\" data-permalink=\"https:\/\/tempelherrenorden.de\/cms\/facetten-fuegen-sich-zum-ganzen-vorabend-eines-generalkapitels\/p1210518\/\" data-orig-file=\"https:\/\/i0.wp.com\/tempelherrenorden.de\/cms\/wp-content\/uploads\/2017\/05\/P1210518-e1495359544455.jpg?fit=350%2C263&amp;ssl=1\" data-orig-size=\"350,263\" data-comments-opened=\"0\" data-image-meta=\"{&quot;aperture&quot;:&quot;2.8&quot;,&quot;credit&quot;:&quot;&quot;,&quot;camera&quot;:&quot;DMC-FZ200&quot;,&quot;caption&quot;:&quot;&quot;,&quot;created_timestamp&quot;:&quot;1462564154&quot;,&quot;copyright&quot;:&quot;&quot;,&quot;focal_length&quot;:&quot;4.5&quot;,&quot;iso&quot;:&quot;400&quot;,&quot;shutter_speed&quot;:&quot;0.0333333333333&quot;,&quot;title&quot;:&quot;&quot;,&quot;orientation&quot;:&quot;1&quot;}\" data-image-title=\"OMCT Deutscher Tempelherren-Orden Postulantinnen Postulanten\" data-image-description=\"\" data-image-caption=\"\" data-large-file=\"https:\/\/i0.wp.com\/tempelherrenorden.de\/cms\/wp-content\/uploads\/2017\/05\/P1210518-e1495359544455.jpg?fit=1024%2C768&amp;ssl=1\" class=\"alignnone size-full wp-image-1602\" src=\"https:\/\/i0.wp.com\/tempelherrenorden.de\/cms\/wp-content\/uploads\/2017\/05\/P1210518-e1495359544455.jpg?resize=350%2C263&#038;ssl=1\" alt=\"OMCT Deutscher Tempelherren-Orden Postulantinnen Postulanten\" width=\"350\" height=\"263\" \/><\/p>\n<p>was f\u00fcr die Neuaufzunehmenden das erste gemeinsame Erlebnis auf dem Weg in den neuen Ordensstand ist. In der noch dunklen Kirche versammeln wir uns im gemeinsamen Gebet um Jesus Christus, der f\u00fcr uns das Licht ist, das sich selbst verzehrend W\u00e4rme und Richtung gibt.<\/p>\n<p><img data-recalc-dims=\"1\" loading=\"lazy\" decoding=\"async\" data-attachment-id=\"1605\" data-permalink=\"https:\/\/tempelherrenorden.de\/cms\/facetten-fuegen-sich-zum-ganzen-vorabend-eines-generalkapitels\/p1210588\/\" data-orig-file=\"https:\/\/i0.wp.com\/tempelherrenorden.de\/cms\/wp-content\/uploads\/2017\/05\/P1210588-e1495360121966.jpg?fit=350%2C263&amp;ssl=1\" data-orig-size=\"350,263\" data-comments-opened=\"0\" data-image-meta=\"{&quot;aperture&quot;:&quot;2.8&quot;,&quot;credit&quot;:&quot;&quot;,&quot;camera&quot;:&quot;DMC-FZ200&quot;,&quot;caption&quot;:&quot;&quot;,&quot;created_timestamp&quot;:&quot;1462567356&quot;,&quot;copyright&quot;:&quot;&quot;,&quot;focal_length&quot;:&quot;8.7&quot;,&quot;iso&quot;:&quot;400&quot;,&quot;shutter_speed&quot;:&quot;0.166666666667&quot;,&quot;title&quot;:&quot;&quot;,&quot;orientation&quot;:&quot;1&quot;}\" data-image-title=\"Licht Jesus Christus OMCT Deutscher Tempelherren-Orden\" data-image-description=\"\" data-image-caption=\"\" data-large-file=\"https:\/\/i0.wp.com\/tempelherrenorden.de\/cms\/wp-content\/uploads\/2017\/05\/P1210588-e1495360121966.jpg?fit=1024%2C768&amp;ssl=1\" class=\"alignnone size-full wp-image-1605\" src=\"https:\/\/i0.wp.com\/tempelherrenorden.de\/cms\/wp-content\/uploads\/2017\/05\/P1210588-e1495360121966.jpg?resize=350%2C263&#038;ssl=1\" alt=\"Licht Jesus Christus OMCT Deutscher Tempelherren-Orden\" width=\"350\" height=\"263\" \/><img data-recalc-dims=\"1\" loading=\"lazy\" decoding=\"async\" data-attachment-id=\"1608\" data-permalink=\"https:\/\/tempelherrenorden.de\/cms\/facetten-fuegen-sich-zum-ganzen-vorabend-eines-generalkapitels\/p1210561\/\" data-orig-file=\"https:\/\/i0.wp.com\/tempelherrenorden.de\/cms\/wp-content\/uploads\/2017\/05\/P1210561-e1495360582200.jpg?fit=350%2C263&amp;ssl=1\" data-orig-size=\"350,263\" data-comments-opened=\"0\" data-image-meta=\"{&quot;aperture&quot;:&quot;2.8&quot;,&quot;credit&quot;:&quot;&quot;,&quot;camera&quot;:&quot;DMC-FZ200&quot;,&quot;caption&quot;:&quot;&quot;,&quot;created_timestamp&quot;:&quot;1462566408&quot;,&quot;copyright&quot;:&quot;&quot;,&quot;focal_length&quot;:&quot;7.1&quot;,&quot;iso&quot;:&quot;400&quot;,&quot;shutter_speed&quot;:&quot;0.125&quot;,&quot;title&quot;:&quot;&quot;,&quot;orientation&quot;:&quot;1&quot;}\" data-image-title=\"Ordenslichtvesper OMCT Deutscher Tempelherren-Orden\" data-image-description=\"\" data-image-caption=\"\" data-large-file=\"https:\/\/i0.wp.com\/tempelherrenorden.de\/cms\/wp-content\/uploads\/2017\/05\/P1210561-e1495360582200.jpg?fit=1024%2C768&amp;ssl=1\" class=\"alignnone size-full wp-image-1608\" src=\"https:\/\/i0.wp.com\/tempelherrenorden.de\/cms\/wp-content\/uploads\/2017\/05\/P1210561-e1495360582200.jpg?resize=350%2C263&#038;ssl=1\" alt=\"Ordenslichtvesper OMCT Deutscher Tempelherren-Orden\" width=\"350\" height=\"263\" \/><\/p>\n<p>Am Vorabend des n\u00e4chsten Tages des Generalkapitels wurden in der Ordenslichtvesper aus dem Kreis der Ordensaffiliierten, Ordensangeh\u00f6rige in den Postulantenstand erhoben, so dass nunmehr eine weitere Postulantin und zwei Postulanten das Ordensleben bereichern. Alle drei Neuen im Postulantenstand hatten sich bereits zuvor durch das Ordensseminar auf das gro\u00dfe Ziel einer Ordensdame und eines Ordensritters vorbereitet.<\/p>\n<p>&nbsp;<\/p>\n<p>&nbsp;<\/p>\n<p>&nbsp;<\/p>\n","protected":false},"excerpt":{"rendered":"<p>Auch wenn es Ordensleben in Begegnungen der Komtureien und Ordenh\u00e4user gibt, ist dies dennoch nur ein kleiner Teil des allt\u00e4glichen Lebens. Jeder von uns ist immer auf dem Weg an der eigenen Einstellung zu arbeiten, dass dies nicht nur ein punktueller Teil des Lebens ist und ansonsten eine untergeordnete Rolle\u2026<\/p>\n<p> <a class=\"continue-reading-link\" href=\"https:\/\/tempelherrenorden.de\/cms\/facetten-fuegen-sich-zum-ganzen-vorabend-eines-generalkapitels\/\"><span>Artikel lesen<\/span><i class=\"crycon-right-dir\"><\/i><\/a> <\/p>\n","protected":false},"author":10,"featured_media":1605,"comment_status":"closed","ping_status":"closed","sticky":false,"template":"","format":"standard","meta":{"_crdt_document":"","jetpack_post_was_ever_published":false,"_jetpack_newsletter_access":"","_jetpack_dont_email_post_to_subs":false,"_jetpack_newsletter_tier_id":0,"_jetpack_memberships_contains_paywalled_content":false,"_jetpack_memberships_contains_paid_content":false,"footnotes":""},"categories":[1],"tags":[46,45,44,47],"class_list":["post-1594","post","type-post","status-publish","format-standard","has-post-thumbnail","hentry","category-allgemein","tag-generalkapitel","tag-tempelritter","tag-templer","tag-veranstaltung"],"yoast_head":"<!-- This site is optimized with the Yoast SEO plugin v27.5 - https:\/\/yoast.com\/product\/yoast-seo-wordpress\/ -->\n<title>FACETTEN F\u00dcGEN SICH ZUM GANZEN - VORABEND EINES GENERALKAPITELS &#8226; Deutscher Tempelherren-Orden<\/title>\n<meta name=\"robots\" content=\"index, follow, max-snippet:-1, max-image-preview:large, max-video-preview:-1\" \/>\n<link rel=\"canonical\" href=\"https:\/\/tempelherrenorden.de\/cms\/facetten-fuegen-sich-zum-ganzen-vorabend-eines-generalkapitels\/\" \/>\n<meta property=\"og:locale\" content=\"de_DE\" \/>\n<meta property=\"og:type\" content=\"article\" \/>\n<meta property=\"og:title\" content=\"FACETTEN F\u00dcGEN SICH ZUM GANZEN - VORABEND EINES GENERALKAPITELS &#8226; Deutscher Tempelherren-Orden\" \/>\n<meta property=\"og:description\" content=\"Auch wenn es Ordensleben in Begegnungen der Komtureien und Ordenh\u00e4user gibt, ist dies dennoch nur ein kleiner Teil des allt\u00e4glichen Lebens. Jeder von uns ist immer auf dem Weg an der eigenen Einstellung zu arbeiten, dass dies nicht nur ein punktueller Teil des Lebens ist und ansonsten eine untergeordnete Rolle\u2026 Artikel lesen\" \/>\n<meta property=\"og:url\" content=\"https:\/\/tempelherrenorden.de\/cms\/facetten-fuegen-sich-zum-ganzen-vorabend-eines-generalkapitels\/\" \/>\n<meta property=\"og:site_name\" content=\"Deutscher Tempelherren-Orden\" \/>\n<meta property=\"article:publisher\" content=\"https:\/\/www.facebook.com\/Deutscher-Tempelherren-Orden-OMCT-2054469481490772\/\" \/>\n<meta property=\"article:published_time\" content=\"2017-05-21T13:18:26+00:00\" \/>\n<meta property=\"article:modified_time\" content=\"2018-05-12T18:15:11+00:00\" \/>\n<meta property=\"og:image\" content=\"https:\/\/i2.wp.com\/tempelherrenorden.de\/cms\/wp-content\/uploads\/2017\/05\/P1210588-e1495360121966.jpg?fit=350%2C263&ssl=1\" \/>\n\t<meta property=\"og:image:width\" content=\"350\" \/>\n\t<meta property=\"og:image:height\" content=\"263\" \/>\n\t<meta property=\"og:image:type\" content=\"image\/jpeg\" \/>\n<meta name=\"author\" content=\"Redaktion\" \/>\n<meta name=\"twitter:card\" content=\"summary_large_image\" \/>\n<meta name=\"twitter:label1\" content=\"Verfasst von\" \/>\n\t<meta name=\"twitter:data1\" content=\"Redaktion\" \/>\n\t<meta name=\"twitter:label2\" content=\"Gesch\u00e4tzte Lesezeit\" \/>\n\t<meta name=\"twitter:data2\" content=\"3\u00a0Minuten\" \/>\n<script type=\"application\/ld+json\" class=\"yoast-schema-graph\">{\"@context\":\"https:\\\/\\\/schema.org\",\"@graph\":[{\"@type\":\"Article\",\"@id\":\"https:\\\/\\\/tempelherrenorden.de\\\/cms\\\/facetten-fuegen-sich-zum-ganzen-vorabend-eines-generalkapitels\\\/#article\",\"isPartOf\":{\"@id\":\"https:\\\/\\\/tempelherrenorden.de\\\/cms\\\/facetten-fuegen-sich-zum-ganzen-vorabend-eines-generalkapitels\\\/\"},\"author\":{\"name\":\"Redaktion\",\"@id\":\"https:\\\/\\\/tempelherrenorden.de\\\/cms\\\/#\\\/schema\\\/person\\\/c4b556c7412791f0ed2d6851086be4aa\"},\"headline\":\"FACETTEN F\u00dcGEN SICH ZUM GANZEN &#8211; VORABEND EINES GENERALKAPITELS\",\"datePublished\":\"2017-05-21T13:18:26+00:00\",\"dateModified\":\"2018-05-12T18:15:11+00:00\",\"mainEntityOfPage\":{\"@id\":\"https:\\\/\\\/tempelherrenorden.de\\\/cms\\\/facetten-fuegen-sich-zum-ganzen-vorabend-eines-generalkapitels\\\/\"},\"wordCount\":543,\"publisher\":{\"@id\":\"https:\\\/\\\/tempelherrenorden.de\\\/cms\\\/#organization\"},\"image\":{\"@id\":\"https:\\\/\\\/tempelherrenorden.de\\\/cms\\\/facetten-fuegen-sich-zum-ganzen-vorabend-eines-generalkapitels\\\/#primaryimage\"},\"thumbnailUrl\":\"https:\\\/\\\/i0.wp.com\\\/tempelherrenorden.de\\\/cms\\\/wp-content\\\/uploads\\\/2017\\\/05\\\/P1210588-e1495360121966.jpg?fit=350%2C263&ssl=1\",\"keywords\":[\"Generalkapitel\",\"Tempelritter\",\"Templer\",\"Veranstaltung\"],\"inLanguage\":\"de\"},{\"@type\":\"WebPage\",\"@id\":\"https:\\\/\\\/tempelherrenorden.de\\\/cms\\\/facetten-fuegen-sich-zum-ganzen-vorabend-eines-generalkapitels\\\/\",\"url\":\"https:\\\/\\\/tempelherrenorden.de\\\/cms\\\/facetten-fuegen-sich-zum-ganzen-vorabend-eines-generalkapitels\\\/\",\"name\":\"FACETTEN F\u00dcGEN SICH ZUM GANZEN - VORABEND EINES GENERALKAPITELS &#8226; Deutscher Tempelherren-Orden\",\"isPartOf\":{\"@id\":\"https:\\\/\\\/tempelherrenorden.de\\\/cms\\\/#website\"},\"primaryImageOfPage\":{\"@id\":\"https:\\\/\\\/tempelherrenorden.de\\\/cms\\\/facetten-fuegen-sich-zum-ganzen-vorabend-eines-generalkapitels\\\/#primaryimage\"},\"image\":{\"@id\":\"https:\\\/\\\/tempelherrenorden.de\\\/cms\\\/facetten-fuegen-sich-zum-ganzen-vorabend-eines-generalkapitels\\\/#primaryimage\"},\"thumbnailUrl\":\"https:\\\/\\\/i0.wp.com\\\/tempelherrenorden.de\\\/cms\\\/wp-content\\\/uploads\\\/2017\\\/05\\\/P1210588-e1495360121966.jpg?fit=350%2C263&ssl=1\",\"datePublished\":\"2017-05-21T13:18:26+00:00\",\"dateModified\":\"2018-05-12T18:15:11+00:00\",\"breadcrumb\":{\"@id\":\"https:\\\/\\\/tempelherrenorden.de\\\/cms\\\/facetten-fuegen-sich-zum-ganzen-vorabend-eines-generalkapitels\\\/#breadcrumb\"},\"inLanguage\":\"de\",\"potentialAction\":[{\"@type\":\"ReadAction\",\"target\":[\"https:\\\/\\\/tempelherrenorden.de\\\/cms\\\/facetten-fuegen-sich-zum-ganzen-vorabend-eines-generalkapitels\\\/\"]}]},{\"@type\":\"ImageObject\",\"inLanguage\":\"de\",\"@id\":\"https:\\\/\\\/tempelherrenorden.de\\\/cms\\\/facetten-fuegen-sich-zum-ganzen-vorabend-eines-generalkapitels\\\/#primaryimage\",\"url\":\"https:\\\/\\\/i0.wp.com\\\/tempelherrenorden.de\\\/cms\\\/wp-content\\\/uploads\\\/2017\\\/05\\\/P1210588-e1495360121966.jpg?fit=350%2C263&ssl=1\",\"contentUrl\":\"https:\\\/\\\/i0.wp.com\\\/tempelherrenorden.de\\\/cms\\\/wp-content\\\/uploads\\\/2017\\\/05\\\/P1210588-e1495360121966.jpg?fit=350%2C263&ssl=1\",\"width\":350,\"height\":263},{\"@type\":\"BreadcrumbList\",\"@id\":\"https:\\\/\\\/tempelherrenorden.de\\\/cms\\\/facetten-fuegen-sich-zum-ganzen-vorabend-eines-generalkapitels\\\/#breadcrumb\",\"itemListElement\":[{\"@type\":\"ListItem\",\"position\":1,\"name\":\"Startseite\",\"item\":\"https:\\\/\\\/tempelherrenorden.de\\\/cms\\\/\"},{\"@type\":\"ListItem\",\"position\":2,\"name\":\"FACETTEN F\u00dcGEN SICH ZUM GANZEN &#8211; VORABEND EINES GENERALKAPITELS\"}]},{\"@type\":\"WebSite\",\"@id\":\"https:\\\/\\\/tempelherrenorden.de\\\/cms\\\/#website\",\"url\":\"https:\\\/\\\/tempelherrenorden.de\\\/cms\\\/\",\"name\":\"Deutscher Tempelherren-Orden\",\"description\":\"\",\"publisher\":{\"@id\":\"https:\\\/\\\/tempelherrenorden.de\\\/cms\\\/#organization\"},\"potentialAction\":[{\"@type\":\"SearchAction\",\"target\":{\"@type\":\"EntryPoint\",\"urlTemplate\":\"https:\\\/\\\/tempelherrenorden.de\\\/cms\\\/?s={search_term_string}\"},\"query-input\":{\"@type\":\"PropertyValueSpecification\",\"valueRequired\":true,\"valueName\":\"search_term_string\"}}],\"inLanguage\":\"de\"},{\"@type\":\"Organization\",\"@id\":\"https:\\\/\\\/tempelherrenorden.de\\\/cms\\\/#organization\",\"name\":\"Deutscher Tempelherren-Orden OMCT e.V.\",\"url\":\"https:\\\/\\\/tempelherrenorden.de\\\/cms\\\/\",\"logo\":{\"@type\":\"ImageObject\",\"inLanguage\":\"de\",\"@id\":\"https:\\\/\\\/tempelherrenorden.de\\\/cms\\\/#\\\/schema\\\/logo\\\/image\\\/\",\"url\":\"https:\\\/\\\/i0.wp.com\\\/tempelherrenorden.de\\\/cms\\\/wp-content\\\/uploads\\\/2018\\\/01\\\/OMCT-Wappen.jpg?fit=997%2C1198&ssl=1\",\"contentUrl\":\"https:\\\/\\\/i0.wp.com\\\/tempelherrenorden.de\\\/cms\\\/wp-content\\\/uploads\\\/2018\\\/01\\\/OMCT-Wappen.jpg?fit=997%2C1198&ssl=1\",\"width\":997,\"height\":1198,\"caption\":\"Deutscher Tempelherren-Orden OMCT e.V.\"},\"image\":{\"@id\":\"https:\\\/\\\/tempelherrenorden.de\\\/cms\\\/#\\\/schema\\\/logo\\\/image\\\/\"},\"sameAs\":[\"https:\\\/\\\/www.facebook.com\\\/Deutscher-Tempelherren-Orden-OMCT-2054469481490772\\\/\"]},{\"@type\":\"Person\",\"@id\":\"https:\\\/\\\/tempelherrenorden.de\\\/cms\\\/#\\\/schema\\\/person\\\/c4b556c7412791f0ed2d6851086be4aa\",\"name\":\"Redaktion\",\"image\":{\"@type\":\"ImageObject\",\"inLanguage\":\"de\",\"@id\":\"https:\\\/\\\/secure.gravatar.com\\\/avatar\\\/4ed839132852af2d0905f18562e70ba28d4d5c2fa1196284813995a27f534319?s=96&d=mm&r=g\",\"url\":\"https:\\\/\\\/secure.gravatar.com\\\/avatar\\\/4ed839132852af2d0905f18562e70ba28d4d5c2fa1196284813995a27f534319?s=96&d=mm&r=g\",\"contentUrl\":\"https:\\\/\\\/secure.gravatar.com\\\/avatar\\\/4ed839132852af2d0905f18562e70ba28d4d5c2fa1196284813995a27f534319?s=96&d=mm&r=g\",\"caption\":\"Redaktion\"},\"url\":\"https:\\\/\\\/tempelherrenorden.de\\\/cms\\\/author\\\/redaktion\\\/\"}]}<\/script>\n<!-- \/ Yoast SEO plugin. -->","yoast_head_json":{"title":"FACETTEN F\u00dcGEN SICH ZUM GANZEN - VORABEND EINES GENERALKAPITELS &#8226; Deutscher Tempelherren-Orden","robots":{"index":"index","follow":"follow","max-snippet":"max-snippet:-1","max-image-preview":"max-image-preview:large","max-video-preview":"max-video-preview:-1"},"canonical":"https:\/\/tempelherrenorden.de\/cms\/facetten-fuegen-sich-zum-ganzen-vorabend-eines-generalkapitels\/","og_locale":"de_DE","og_type":"article","og_title":"FACETTEN F\u00dcGEN SICH ZUM GANZEN - VORABEND EINES GENERALKAPITELS &#8226; Deutscher Tempelherren-Orden","og_description":"Auch wenn es Ordensleben in Begegnungen der Komtureien und Ordenh\u00e4user gibt, ist dies dennoch nur ein kleiner Teil des allt\u00e4glichen Lebens. Jeder von uns ist immer auf dem Weg an der eigenen Einstellung zu arbeiten, dass dies nicht nur ein punktueller Teil des Lebens ist und ansonsten eine untergeordnete Rolle\u2026 Artikel lesen","og_url":"https:\/\/tempelherrenorden.de\/cms\/facetten-fuegen-sich-zum-ganzen-vorabend-eines-generalkapitels\/","og_site_name":"Deutscher Tempelherren-Orden","article_publisher":"https:\/\/www.facebook.com\/Deutscher-Tempelherren-Orden-OMCT-2054469481490772\/","article_published_time":"2017-05-21T13:18:26+00:00","article_modified_time":"2018-05-12T18:15:11+00:00","og_image":[{"width":350,"height":263,"url":"https:\/\/i2.wp.com\/tempelherrenorden.de\/cms\/wp-content\/uploads\/2017\/05\/P1210588-e1495360121966.jpg?fit=350%2C263&ssl=1","type":"image\/jpeg"}],"author":"Redaktion","twitter_card":"summary_large_image","twitter_misc":{"Verfasst von":"Redaktion","Gesch\u00e4tzte Lesezeit":"3\u00a0Minuten"},"schema":{"@context":"https:\/\/schema.org","@graph":[{"@type":"Article","@id":"https:\/\/tempelherrenorden.de\/cms\/facetten-fuegen-sich-zum-ganzen-vorabend-eines-generalkapitels\/#article","isPartOf":{"@id":"https:\/\/tempelherrenorden.de\/cms\/facetten-fuegen-sich-zum-ganzen-vorabend-eines-generalkapitels\/"},"author":{"name":"Redaktion","@id":"https:\/\/tempelherrenorden.de\/cms\/#\/schema\/person\/c4b556c7412791f0ed2d6851086be4aa"},"headline":"FACETTEN F\u00dcGEN SICH ZUM GANZEN &#8211; VORABEND EINES GENERALKAPITELS","datePublished":"2017-05-21T13:18:26+00:00","dateModified":"2018-05-12T18:15:11+00:00","mainEntityOfPage":{"@id":"https:\/\/tempelherrenorden.de\/cms\/facetten-fuegen-sich-zum-ganzen-vorabend-eines-generalkapitels\/"},"wordCount":543,"publisher":{"@id":"https:\/\/tempelherrenorden.de\/cms\/#organization"},"image":{"@id":"https:\/\/tempelherrenorden.de\/cms\/facetten-fuegen-sich-zum-ganzen-vorabend-eines-generalkapitels\/#primaryimage"},"thumbnailUrl":"https:\/\/i0.wp.com\/tempelherrenorden.de\/cms\/wp-content\/uploads\/2017\/05\/P1210588-e1495360121966.jpg?fit=350%2C263&ssl=1","keywords":["Generalkapitel","Tempelritter","Templer","Veranstaltung"],"inLanguage":"de"},{"@type":"WebPage","@id":"https:\/\/tempelherrenorden.de\/cms\/facetten-fuegen-sich-zum-ganzen-vorabend-eines-generalkapitels\/","url":"https:\/\/tempelherrenorden.de\/cms\/facetten-fuegen-sich-zum-ganzen-vorabend-eines-generalkapitels\/","name":"FACETTEN F\u00dcGEN SICH ZUM GANZEN - VORABEND EINES GENERALKAPITELS &#8226; Deutscher Tempelherren-Orden","isPartOf":{"@id":"https:\/\/tempelherrenorden.de\/cms\/#website"},"primaryImageOfPage":{"@id":"https:\/\/tempelherrenorden.de\/cms\/facetten-fuegen-sich-zum-ganzen-vorabend-eines-generalkapitels\/#primaryimage"},"image":{"@id":"https:\/\/tempelherrenorden.de\/cms\/facetten-fuegen-sich-zum-ganzen-vorabend-eines-generalkapitels\/#primaryimage"},"thumbnailUrl":"https:\/\/i0.wp.com\/tempelherrenorden.de\/cms\/wp-content\/uploads\/2017\/05\/P1210588-e1495360121966.jpg?fit=350%2C263&ssl=1","datePublished":"2017-05-21T13:18:26+00:00","dateModified":"2018-05-12T18:15:11+00:00","breadcrumb":{"@id":"https:\/\/tempelherrenorden.de\/cms\/facetten-fuegen-sich-zum-ganzen-vorabend-eines-generalkapitels\/#breadcrumb"},"inLanguage":"de","potentialAction":[{"@type":"ReadAction","target":["https:\/\/tempelherrenorden.de\/cms\/facetten-fuegen-sich-zum-ganzen-vorabend-eines-generalkapitels\/"]}]},{"@type":"ImageObject","inLanguage":"de","@id":"https:\/\/tempelherrenorden.de\/cms\/facetten-fuegen-sich-zum-ganzen-vorabend-eines-generalkapitels\/#primaryimage","url":"https:\/\/i0.wp.com\/tempelherrenorden.de\/cms\/wp-content\/uploads\/2017\/05\/P1210588-e1495360121966.jpg?fit=350%2C263&ssl=1","contentUrl":"https:\/\/i0.wp.com\/tempelherrenorden.de\/cms\/wp-content\/uploads\/2017\/05\/P1210588-e1495360121966.jpg?fit=350%2C263&ssl=1","width":350,"height":263},{"@type":"BreadcrumbList","@id":"https:\/\/tempelherrenorden.de\/cms\/facetten-fuegen-sich-zum-ganzen-vorabend-eines-generalkapitels\/#breadcrumb","itemListElement":[{"@type":"ListItem","position":1,"name":"Startseite","item":"https:\/\/tempelherrenorden.de\/cms\/"},{"@type":"ListItem","position":2,"name":"FACETTEN F\u00dcGEN SICH ZUM GANZEN &#8211; VORABEND EINES GENERALKAPITELS"}]},{"@type":"WebSite","@id":"https:\/\/tempelherrenorden.de\/cms\/#website","url":"https:\/\/tempelherrenorden.de\/cms\/","name":"Deutscher Tempelherren-Orden","description":"","publisher":{"@id":"https:\/\/tempelherrenorden.de\/cms\/#organization"},"potentialAction":[{"@type":"SearchAction","target":{"@type":"EntryPoint","urlTemplate":"https:\/\/tempelherrenorden.de\/cms\/?s={search_term_string}"},"query-input":{"@type":"PropertyValueSpecification","valueRequired":true,"valueName":"search_term_string"}}],"inLanguage":"de"},{"@type":"Organization","@id":"https:\/\/tempelherrenorden.de\/cms\/#organization","name":"Deutscher Tempelherren-Orden OMCT e.V.","url":"https:\/\/tempelherrenorden.de\/cms\/","logo":{"@type":"ImageObject","inLanguage":"de","@id":"https:\/\/tempelherrenorden.de\/cms\/#\/schema\/logo\/image\/","url":"https:\/\/i0.wp.com\/tempelherrenorden.de\/cms\/wp-content\/uploads\/2018\/01\/OMCT-Wappen.jpg?fit=997%2C1198&ssl=1","contentUrl":"https:\/\/i0.wp.com\/tempelherrenorden.de\/cms\/wp-content\/uploads\/2018\/01\/OMCT-Wappen.jpg?fit=997%2C1198&ssl=1","width":997,"height":1198,"caption":"Deutscher Tempelherren-Orden OMCT e.V."},"image":{"@id":"https:\/\/tempelherrenorden.de\/cms\/#\/schema\/logo\/image\/"},"sameAs":["https:\/\/www.facebook.com\/Deutscher-Tempelherren-Orden-OMCT-2054469481490772\/"]},{"@type":"Person","@id":"https:\/\/tempelherrenorden.de\/cms\/#\/schema\/person\/c4b556c7412791f0ed2d6851086be4aa","name":"Redaktion","image":{"@type":"ImageObject","inLanguage":"de","@id":"https:\/\/secure.gravatar.com\/avatar\/4ed839132852af2d0905f18562e70ba28d4d5c2fa1196284813995a27f534319?s=96&d=mm&r=g","url":"https:\/\/secure.gravatar.com\/avatar\/4ed839132852af2d0905f18562e70ba28d4d5c2fa1196284813995a27f534319?s=96&d=mm&r=g","contentUrl":"https:\/\/secure.gravatar.com\/avatar\/4ed839132852af2d0905f18562e70ba28d4d5c2fa1196284813995a27f534319?s=96&d=mm&r=g","caption":"Redaktion"},"url":"https:\/\/tempelherrenorden.de\/cms\/author\/redaktion\/"}]}},"jetpack_featured_media_url":"https:\/\/i0.wp.com\/tempelherrenorden.de\/cms\/wp-content\/uploads\/2017\/05\/P1210588-e1495360121966.jpg?fit=350%2C263&ssl=1","jetpack_shortlink":"https:\/\/wp.me\/p5yQvL-pI","jetpack_sharing_enabled":true,"_links":{"self":[{"href":"https:\/\/tempelherrenorden.de\/cms\/wp-json\/wp\/v2\/posts\/1594","targetHints":{"allow":["GET"]}}],"collection":[{"href":"https:\/\/tempelherrenorden.de\/cms\/wp-json\/wp\/v2\/posts"}],"about":[{"href":"https:\/\/tempelherrenorden.de\/cms\/wp-json\/wp\/v2\/types\/post"}],"author":[{"embeddable":true,"href":"https:\/\/tempelherrenorden.de\/cms\/wp-json\/wp\/v2\/users\/10"}],"replies":[{"embeddable":true,"href":"https:\/\/tempelherrenorden.de\/cms\/wp-json\/wp\/v2\/comments?post=1594"}],"version-history":[{"count":28,"href":"https:\/\/tempelherrenorden.de\/cms\/wp-json\/wp\/v2\/posts\/1594\/revisions"}],"predecessor-version":[{"id":2370,"href":"https:\/\/tempelherrenorden.de\/cms\/wp-json\/wp\/v2\/posts\/1594\/revisions\/2370"}],"wp:featuredmedia":[{"embeddable":true,"href":"https:\/\/tempelherrenorden.de\/cms\/wp-json\/wp\/v2\/media\/1605"}],"wp:attachment":[{"href":"https:\/\/tempelherrenorden.de\/cms\/wp-json\/wp\/v2\/media?parent=1594"}],"wp:term":[{"taxonomy":"category","embeddable":true,"href":"https:\/\/tempelherrenorden.de\/cms\/wp-json\/wp\/v2\/categories?post=1594"},{"taxonomy":"post_tag","embeddable":true,"href":"https:\/\/tempelherrenorden.de\/cms\/wp-json\/wp\/v2\/tags?post=1594"}],"curies":[{"name":"wp","href":"https:\/\/api.w.org\/{rel}","templated":true}]}}