{"id":3114,"date":"2019-04-18T07:53:04","date_gmt":"2019-04-18T05:53:04","guid":{"rendered":"http:\/\/tempelherrenorden.de\/cms\/?p=3114"},"modified":"2019-04-21T18:58:53","modified_gmt":"2019-04-21T16:58:53","slug":"nos-pensees-sont-a-paris-unsere-gedanken-sind-in-paris","status":"publish","type":"post","link":"https:\/\/tempelherrenorden.de\/cms\/nos-pensees-sont-a-paris-unsere-gedanken-sind-in-paris\/","title":{"rendered":"Nos pens\u00e9es sont \u00e0 Paris &#8211; Unsere Gedanken sind in Paris"},"content":{"rendered":"\n<p class=\"wp-block-paragraph\">Fassungslos war die Grand Nation als am Montag die ersten Nachrichten vom Brand in der Notre Dame aufkamen. Geschockt war die ganze Welt als live im Fernsehen und Internet die Bilder des brennenden Dachstuhls zu sehen waren. Auch wir sind \u00fcber das Ausma\u00df der Zerst\u00f6rung entsetzt und sind in Gedanken bei unseren franz\u00f6sischen Schwestern und Br\u00fcdern. <\/p>\n\n\n\n<!--more-->\n\n\n\n<figure class=\"wp-block-image\"><img data-recalc-dims=\"1\" loading=\"lazy\" decoding=\"async\" width=\"616\" height=\"347\" data-attachment-id=\"3116\" data-permalink=\"https:\/\/tempelherrenorden.de\/cms\/nos-pensees-sont-a-paris-unsere-gedanken-sind-in-paris\/unbenannt\/\" data-orig-file=\"https:\/\/i0.wp.com\/tempelherrenorden.de\/cms\/wp-content\/uploads\/2019\/04\/Unbenannt.png?fit=616%2C347&amp;ssl=1\" data-orig-size=\"616,347\" data-comments-opened=\"0\" data-image-meta=\"{&quot;aperture&quot;:&quot;0&quot;,&quot;credit&quot;:&quot;&quot;,&quot;camera&quot;:&quot;&quot;,&quot;caption&quot;:&quot;&quot;,&quot;created_timestamp&quot;:&quot;0&quot;,&quot;copyright&quot;:&quot;&quot;,&quot;focal_length&quot;:&quot;0&quot;,&quot;iso&quot;:&quot;0&quot;,&quot;shutter_speed&quot;:&quot;0&quot;,&quot;title&quot;:&quot;&quot;,&quot;orientation&quot;:&quot;0&quot;}\" data-image-title=\"Unbenannt\" data-image-description=\"\" data-image-caption=\"\" data-large-file=\"https:\/\/i0.wp.com\/tempelherrenorden.de\/cms\/wp-content\/uploads\/2019\/04\/Unbenannt.png?fit=616%2C347&amp;ssl=1\" src=\"https:\/\/i0.wp.com\/tempelherrenorden.de\/cms\/wp-content\/uploads\/2019\/04\/Unbenannt.png?resize=616%2C347&#038;ssl=1\" alt=\"\" class=\"wp-image-3116\" srcset=\"https:\/\/i0.wp.com\/tempelherrenorden.de\/cms\/wp-content\/uploads\/2019\/04\/Unbenannt.png?w=616&amp;ssl=1 616w, https:\/\/i0.wp.com\/tempelherrenorden.de\/cms\/wp-content\/uploads\/2019\/04\/Unbenannt.png?resize=300%2C169&amp;ssl=1 300w, https:\/\/i0.wp.com\/tempelherrenorden.de\/cms\/wp-content\/uploads\/2019\/04\/Unbenannt.png?resize=150%2C84&amp;ssl=1 150w\" sizes=\"auto, (max-width: 616px) 100vw, 616px\" \/><figcaption>https:\/\/kurier.at\/chronik\/welt\/notre-dame-in-paris-darum-breiteten-sich-die-flammen-so-schnell-aus\/400468201<\/figcaption><\/figure>\n\n\n\n<h2 class=\"wp-block-heading\">Denkmal der Geschichte<\/h2>\n\n\n\n<p class=\"wp-block-paragraph\">Seit dem Baubeginn 1163 hat die Kathedrale auf der \u00cele de la Cit\u00e9 die Wirren des Mittelalters, die Ver\u00e4nderung durch die Revolution und nicht zuletzt die grauenhaften Weltkriege \u00fcberstanden. Auch f\u00fcr die Geschichte der Tempelritter stellt die Kirche einen Bezugspunkt dar. Unweit der Notre Dame, an der Br\u00fccke Pont Neuf, einer der Zug\u00e4nge auf die Insel in der Seine, fanden Jacques de Molay, letzter Gro\u00dfmeister in Frankreich, und weitere Ordensbr\u00fcder Ihren Tod auf dem <a href=\"https:\/\/tempelherrenorden.de\/cms\/unsere-geschichte\/\">Scheiterhaufen<\/a>. <\/p>\n\n\n\n<p class=\"wp-block-paragraph\">In j\u00fcngster Geschichte ist die Notre Dame aber vor allen Dingen auch ein Symbol der europ\u00e4ischen Einheit, des kulturellen Austauschs und des Friedens in Europa geworden. Wir denken dabei an die Tr\u00e4nen des Altbundeskanzlers Helmut Kohl bei der Trauerfeier f\u00fcr Francois Mitterand in der Pariser Kathedrale.<\/p>\n\n\n\n<h2 class=\"wp-block-heading\">Weltweite Unterst\u00fctzung<\/h2>\n\n\n\n<p class=\"wp-block-paragraph\">Trotz der Trag\u00f6die um das Geb\u00e4ude, gibt es in diesen Stunden auch einen Lichtblick. Das franz\u00f6sische Volk h\u00e4lt zusammen und die Solidarit\u00e4t ist weltweit zu sp\u00fcren. Bereits innerhalb der ersten Stunden sind hunderte Millionen Euro f\u00fcr den Wiederaufbau gespendet worden. Wir begr\u00fc\u00dfen jede Spende unserer Mitglieder an eine der Zahlreichen <a href=\"https:\/\/www.google.de\/search?source=hp&amp;ei=ZqC8XJvSNe6mrgTNgZaoDQ&amp;q=spenden+notre+dame&amp;oq=spenden+no&amp;gs_l=mobile-gws-wiz-hp.1.0.0i324l3j0i3l3j0j0i3.2823.5251..5948...0.0..0.270.1244.4j5j1......0....1.......1..41j46i131i275j0i131j46i131j46i275j46.gscGFHAz4F4\">Spendenaktionen<\/a>.<\/p>\n","protected":false},"excerpt":{"rendered":"<p>Fassungslos war die Grand Nation als am Montag die ersten Nachrichten vom Brand in der Notre Dame aufkamen. Geschockt war die ganze Welt als live im Fernsehen und Internet die Bilder des brennenden Dachstuhls zu sehen waren. Auch wir sind \u00fcber das Ausma\u00df der Zerst\u00f6rung entsetzt und sind in Gedanken\u2026<\/p>\n<p> <a class=\"continue-reading-link\" href=\"https:\/\/tempelherrenorden.de\/cms\/nos-pensees-sont-a-paris-unsere-gedanken-sind-in-paris\/\"><span>Artikel lesen<\/span><i class=\"crycon-right-dir\"><\/i><\/a> <\/p>\n","protected":false},"author":10,"featured_media":3116,"comment_status":"closed","ping_status":"closed","sticky":false,"template":"","format":"standard","meta":{"_crdt_document":"","jetpack_post_was_ever_published":false,"_jetpack_newsletter_access":"","_jetpack_dont_email_post_to_subs":false,"_jetpack_newsletter_tier_id":0,"_jetpack_memberships_contains_paywalled_content":false,"_jetpack_memberships_contains_paid_content":false,"footnotes":""},"categories":[1],"tags":[],"class_list":["post-3114","post","type-post","status-publish","format-standard","has-post-thumbnail","hentry","category-allgemein"],"yoast_head":"<!-- This site is optimized with the Yoast SEO plugin v27.5 - https:\/\/yoast.com\/product\/yoast-seo-wordpress\/ -->\n<title>Nos pens\u00e9es sont \u00e0 Paris - Unsere Gedanken sind in Paris &#8226; Deutscher Tempelherren-Orden<\/title>\n<meta name=\"description\" content=\"Der Deutsche Tempelherrenorden ist ersch\u00fcttert von der Trag\u00f6die in der Notre Dame in Paris. Wir sind in Gedanken bei unseren Schwestern und Br\u00fcdern in Paris\" \/>\n<meta name=\"robots\" content=\"index, follow, max-snippet:-1, max-image-preview:large, max-video-preview:-1\" \/>\n<link rel=\"canonical\" href=\"https:\/\/tempelherrenorden.de\/cms\/nos-pensees-sont-a-paris-unsere-gedanken-sind-in-paris\/\" \/>\n<meta property=\"og:locale\" content=\"de_DE\" \/>\n<meta property=\"og:type\" content=\"article\" \/>\n<meta property=\"og:title\" content=\"Nos pens\u00e9es sont \u00e0 Paris - Unsere Gedanken sind in Paris &#8226; Deutscher Tempelherren-Orden\" \/>\n<meta property=\"og:description\" content=\"Der Deutsche Tempelherrenorden ist ersch\u00fcttert von der Trag\u00f6die in der Notre Dame in Paris. Wir sind in Gedanken bei unseren Schwestern und Br\u00fcdern in Paris\" \/>\n<meta property=\"og:url\" content=\"https:\/\/tempelherrenorden.de\/cms\/nos-pensees-sont-a-paris-unsere-gedanken-sind-in-paris\/\" \/>\n<meta property=\"og:site_name\" content=\"Deutscher Tempelherren-Orden\" \/>\n<meta property=\"article:publisher\" content=\"https:\/\/www.facebook.com\/Deutscher-Tempelherren-Orden-OMCT-2054469481490772\/\" \/>\n<meta property=\"article:published_time\" content=\"2019-04-18T05:53:04+00:00\" \/>\n<meta property=\"article:modified_time\" content=\"2019-04-21T16:58:53+00:00\" \/>\n<meta property=\"og:image\" content=\"https:\/\/i0.wp.com\/tempelherrenorden.de\/cms\/wp-content\/uploads\/2019\/04\/Unbenannt.png?fit=616%2C347&ssl=1\" \/>\n\t<meta property=\"og:image:width\" content=\"616\" \/>\n\t<meta property=\"og:image:height\" content=\"347\" \/>\n\t<meta property=\"og:image:type\" content=\"image\/png\" \/>\n<meta name=\"author\" content=\"Redaktion\" \/>\n<meta name=\"twitter:card\" content=\"summary_large_image\" \/>\n<meta name=\"twitter:label1\" content=\"Verfasst von\" \/>\n\t<meta name=\"twitter:data1\" content=\"Redaktion\" \/>\n\t<meta name=\"twitter:label2\" content=\"Gesch\u00e4tzte Lesezeit\" \/>\n\t<meta name=\"twitter:data2\" content=\"1\u00a0Minute\" \/>\n<script type=\"application\/ld+json\" class=\"yoast-schema-graph\">{\"@context\":\"https:\\\/\\\/schema.org\",\"@graph\":[{\"@type\":\"Article\",\"@id\":\"https:\\\/\\\/tempelherrenorden.de\\\/cms\\\/nos-pensees-sont-a-paris-unsere-gedanken-sind-in-paris\\\/#article\",\"isPartOf\":{\"@id\":\"https:\\\/\\\/tempelherrenorden.de\\\/cms\\\/nos-pensees-sont-a-paris-unsere-gedanken-sind-in-paris\\\/\"},\"author\":{\"name\":\"Redaktion\",\"@id\":\"https:\\\/\\\/tempelherrenorden.de\\\/cms\\\/#\\\/schema\\\/person\\\/c4b556c7412791f0ed2d6851086be4aa\"},\"headline\":\"Nos pens\u00e9es sont \u00e0 Paris &#8211; Unsere Gedanken sind in Paris\",\"datePublished\":\"2019-04-18T05:53:04+00:00\",\"dateModified\":\"2019-04-21T16:58:53+00:00\",\"mainEntityOfPage\":{\"@id\":\"https:\\\/\\\/tempelherrenorden.de\\\/cms\\\/nos-pensees-sont-a-paris-unsere-gedanken-sind-in-paris\\\/\"},\"wordCount\":271,\"publisher\":{\"@id\":\"https:\\\/\\\/tempelherrenorden.de\\\/cms\\\/#organization\"},\"image\":{\"@id\":\"https:\\\/\\\/tempelherrenorden.de\\\/cms\\\/nos-pensees-sont-a-paris-unsere-gedanken-sind-in-paris\\\/#primaryimage\"},\"thumbnailUrl\":\"https:\\\/\\\/i0.wp.com\\\/tempelherrenorden.de\\\/cms\\\/wp-content\\\/uploads\\\/2019\\\/04\\\/Unbenannt.png?fit=616%2C347&ssl=1\",\"inLanguage\":\"de\"},{\"@type\":\"WebPage\",\"@id\":\"https:\\\/\\\/tempelherrenorden.de\\\/cms\\\/nos-pensees-sont-a-paris-unsere-gedanken-sind-in-paris\\\/\",\"url\":\"https:\\\/\\\/tempelherrenorden.de\\\/cms\\\/nos-pensees-sont-a-paris-unsere-gedanken-sind-in-paris\\\/\",\"name\":\"Nos pens\u00e9es sont \u00e0 Paris - Unsere Gedanken sind in Paris &#8226; Deutscher Tempelherren-Orden\",\"isPartOf\":{\"@id\":\"https:\\\/\\\/tempelherrenorden.de\\\/cms\\\/#website\"},\"primaryImageOfPage\":{\"@id\":\"https:\\\/\\\/tempelherrenorden.de\\\/cms\\\/nos-pensees-sont-a-paris-unsere-gedanken-sind-in-paris\\\/#primaryimage\"},\"image\":{\"@id\":\"https:\\\/\\\/tempelherrenorden.de\\\/cms\\\/nos-pensees-sont-a-paris-unsere-gedanken-sind-in-paris\\\/#primaryimage\"},\"thumbnailUrl\":\"https:\\\/\\\/i0.wp.com\\\/tempelherrenorden.de\\\/cms\\\/wp-content\\\/uploads\\\/2019\\\/04\\\/Unbenannt.png?fit=616%2C347&ssl=1\",\"datePublished\":\"2019-04-18T05:53:04+00:00\",\"dateModified\":\"2019-04-21T16:58:53+00:00\",\"description\":\"Der Deutsche Tempelherrenorden ist ersch\u00fcttert von der Trag\u00f6die in der Notre Dame in Paris. Wir sind in Gedanken bei unseren Schwestern und Br\u00fcdern in Paris\",\"breadcrumb\":{\"@id\":\"https:\\\/\\\/tempelherrenorden.de\\\/cms\\\/nos-pensees-sont-a-paris-unsere-gedanken-sind-in-paris\\\/#breadcrumb\"},\"inLanguage\":\"de\",\"potentialAction\":[{\"@type\":\"ReadAction\",\"target\":[\"https:\\\/\\\/tempelherrenorden.de\\\/cms\\\/nos-pensees-sont-a-paris-unsere-gedanken-sind-in-paris\\\/\"]}]},{\"@type\":\"ImageObject\",\"inLanguage\":\"de\",\"@id\":\"https:\\\/\\\/tempelherrenorden.de\\\/cms\\\/nos-pensees-sont-a-paris-unsere-gedanken-sind-in-paris\\\/#primaryimage\",\"url\":\"https:\\\/\\\/i0.wp.com\\\/tempelherrenorden.de\\\/cms\\\/wp-content\\\/uploads\\\/2019\\\/04\\\/Unbenannt.png?fit=616%2C347&ssl=1\",\"contentUrl\":\"https:\\\/\\\/i0.wp.com\\\/tempelherrenorden.de\\\/cms\\\/wp-content\\\/uploads\\\/2019\\\/04\\\/Unbenannt.png?fit=616%2C347&ssl=1\",\"width\":616,\"height\":347},{\"@type\":\"BreadcrumbList\",\"@id\":\"https:\\\/\\\/tempelherrenorden.de\\\/cms\\\/nos-pensees-sont-a-paris-unsere-gedanken-sind-in-paris\\\/#breadcrumb\",\"itemListElement\":[{\"@type\":\"ListItem\",\"position\":1,\"name\":\"Startseite\",\"item\":\"https:\\\/\\\/tempelherrenorden.de\\\/cms\\\/\"},{\"@type\":\"ListItem\",\"position\":2,\"name\":\"Nos pens\u00e9es sont \u00e0 Paris &#8211; Unsere Gedanken sind in Paris\"}]},{\"@type\":\"WebSite\",\"@id\":\"https:\\\/\\\/tempelherrenorden.de\\\/cms\\\/#website\",\"url\":\"https:\\\/\\\/tempelherrenorden.de\\\/cms\\\/\",\"name\":\"Deutscher Tempelherren-Orden\",\"description\":\"\",\"publisher\":{\"@id\":\"https:\\\/\\\/tempelherrenorden.de\\\/cms\\\/#organization\"},\"potentialAction\":[{\"@type\":\"SearchAction\",\"target\":{\"@type\":\"EntryPoint\",\"urlTemplate\":\"https:\\\/\\\/tempelherrenorden.de\\\/cms\\\/?s={search_term_string}\"},\"query-input\":{\"@type\":\"PropertyValueSpecification\",\"valueRequired\":true,\"valueName\":\"search_term_string\"}}],\"inLanguage\":\"de\"},{\"@type\":\"Organization\",\"@id\":\"https:\\\/\\\/tempelherrenorden.de\\\/cms\\\/#organization\",\"name\":\"Deutscher Tempelherren-Orden OMCT e.V.\",\"url\":\"https:\\\/\\\/tempelherrenorden.de\\\/cms\\\/\",\"logo\":{\"@type\":\"ImageObject\",\"inLanguage\":\"de\",\"@id\":\"https:\\\/\\\/tempelherrenorden.de\\\/cms\\\/#\\\/schema\\\/logo\\\/image\\\/\",\"url\":\"https:\\\/\\\/i0.wp.com\\\/tempelherrenorden.de\\\/cms\\\/wp-content\\\/uploads\\\/2018\\\/01\\\/OMCT-Wappen.jpg?fit=997%2C1198&ssl=1\",\"contentUrl\":\"https:\\\/\\\/i0.wp.com\\\/tempelherrenorden.de\\\/cms\\\/wp-content\\\/uploads\\\/2018\\\/01\\\/OMCT-Wappen.jpg?fit=997%2C1198&ssl=1\",\"width\":997,\"height\":1198,\"caption\":\"Deutscher Tempelherren-Orden OMCT e.V.\"},\"image\":{\"@id\":\"https:\\\/\\\/tempelherrenorden.de\\\/cms\\\/#\\\/schema\\\/logo\\\/image\\\/\"},\"sameAs\":[\"https:\\\/\\\/www.facebook.com\\\/Deutscher-Tempelherren-Orden-OMCT-2054469481490772\\\/\"]},{\"@type\":\"Person\",\"@id\":\"https:\\\/\\\/tempelherrenorden.de\\\/cms\\\/#\\\/schema\\\/person\\\/c4b556c7412791f0ed2d6851086be4aa\",\"name\":\"Redaktion\",\"image\":{\"@type\":\"ImageObject\",\"inLanguage\":\"de\",\"@id\":\"https:\\\/\\\/secure.gravatar.com\\\/avatar\\\/4ed839132852af2d0905f18562e70ba28d4d5c2fa1196284813995a27f534319?s=96&d=mm&r=g\",\"url\":\"https:\\\/\\\/secure.gravatar.com\\\/avatar\\\/4ed839132852af2d0905f18562e70ba28d4d5c2fa1196284813995a27f534319?s=96&d=mm&r=g\",\"contentUrl\":\"https:\\\/\\\/secure.gravatar.com\\\/avatar\\\/4ed839132852af2d0905f18562e70ba28d4d5c2fa1196284813995a27f534319?s=96&d=mm&r=g\",\"caption\":\"Redaktion\"},\"url\":\"https:\\\/\\\/tempelherrenorden.de\\\/cms\\\/author\\\/redaktion\\\/\"}]}<\/script>\n<!-- \/ Yoast SEO plugin. -->","yoast_head_json":{"title":"Nos pens\u00e9es sont \u00e0 Paris - Unsere Gedanken sind in Paris &#8226; Deutscher Tempelherren-Orden","description":"Der Deutsche Tempelherrenorden ist ersch\u00fcttert von der Trag\u00f6die in der Notre Dame in Paris. Wir sind in Gedanken bei unseren Schwestern und Br\u00fcdern in Paris","robots":{"index":"index","follow":"follow","max-snippet":"max-snippet:-1","max-image-preview":"max-image-preview:large","max-video-preview":"max-video-preview:-1"},"canonical":"https:\/\/tempelherrenorden.de\/cms\/nos-pensees-sont-a-paris-unsere-gedanken-sind-in-paris\/","og_locale":"de_DE","og_type":"article","og_title":"Nos pens\u00e9es sont \u00e0 Paris - Unsere Gedanken sind in Paris &#8226; Deutscher Tempelherren-Orden","og_description":"Der Deutsche Tempelherrenorden ist ersch\u00fcttert von der Trag\u00f6die in der Notre Dame in Paris. Wir sind in Gedanken bei unseren Schwestern und Br\u00fcdern in Paris","og_url":"https:\/\/tempelherrenorden.de\/cms\/nos-pensees-sont-a-paris-unsere-gedanken-sind-in-paris\/","og_site_name":"Deutscher Tempelherren-Orden","article_publisher":"https:\/\/www.facebook.com\/Deutscher-Tempelherren-Orden-OMCT-2054469481490772\/","article_published_time":"2019-04-18T05:53:04+00:00","article_modified_time":"2019-04-21T16:58:53+00:00","og_image":[{"width":616,"height":347,"url":"https:\/\/i0.wp.com\/tempelherrenorden.de\/cms\/wp-content\/uploads\/2019\/04\/Unbenannt.png?fit=616%2C347&ssl=1","type":"image\/png"}],"author":"Redaktion","twitter_card":"summary_large_image","twitter_misc":{"Verfasst von":"Redaktion","Gesch\u00e4tzte Lesezeit":"1\u00a0Minute"},"schema":{"@context":"https:\/\/schema.org","@graph":[{"@type":"Article","@id":"https:\/\/tempelherrenorden.de\/cms\/nos-pensees-sont-a-paris-unsere-gedanken-sind-in-paris\/#article","isPartOf":{"@id":"https:\/\/tempelherrenorden.de\/cms\/nos-pensees-sont-a-paris-unsere-gedanken-sind-in-paris\/"},"author":{"name":"Redaktion","@id":"https:\/\/tempelherrenorden.de\/cms\/#\/schema\/person\/c4b556c7412791f0ed2d6851086be4aa"},"headline":"Nos pens\u00e9es sont \u00e0 Paris &#8211; Unsere Gedanken sind in Paris","datePublished":"2019-04-18T05:53:04+00:00","dateModified":"2019-04-21T16:58:53+00:00","mainEntityOfPage":{"@id":"https:\/\/tempelherrenorden.de\/cms\/nos-pensees-sont-a-paris-unsere-gedanken-sind-in-paris\/"},"wordCount":271,"publisher":{"@id":"https:\/\/tempelherrenorden.de\/cms\/#organization"},"image":{"@id":"https:\/\/tempelherrenorden.de\/cms\/nos-pensees-sont-a-paris-unsere-gedanken-sind-in-paris\/#primaryimage"},"thumbnailUrl":"https:\/\/i0.wp.com\/tempelherrenorden.de\/cms\/wp-content\/uploads\/2019\/04\/Unbenannt.png?fit=616%2C347&ssl=1","inLanguage":"de"},{"@type":"WebPage","@id":"https:\/\/tempelherrenorden.de\/cms\/nos-pensees-sont-a-paris-unsere-gedanken-sind-in-paris\/","url":"https:\/\/tempelherrenorden.de\/cms\/nos-pensees-sont-a-paris-unsere-gedanken-sind-in-paris\/","name":"Nos pens\u00e9es sont \u00e0 Paris - Unsere Gedanken sind in Paris &#8226; Deutscher Tempelherren-Orden","isPartOf":{"@id":"https:\/\/tempelherrenorden.de\/cms\/#website"},"primaryImageOfPage":{"@id":"https:\/\/tempelherrenorden.de\/cms\/nos-pensees-sont-a-paris-unsere-gedanken-sind-in-paris\/#primaryimage"},"image":{"@id":"https:\/\/tempelherrenorden.de\/cms\/nos-pensees-sont-a-paris-unsere-gedanken-sind-in-paris\/#primaryimage"},"thumbnailUrl":"https:\/\/i0.wp.com\/tempelherrenorden.de\/cms\/wp-content\/uploads\/2019\/04\/Unbenannt.png?fit=616%2C347&ssl=1","datePublished":"2019-04-18T05:53:04+00:00","dateModified":"2019-04-21T16:58:53+00:00","description":"Der Deutsche Tempelherrenorden ist ersch\u00fcttert von der Trag\u00f6die in der Notre Dame in Paris. Wir sind in Gedanken bei unseren Schwestern und Br\u00fcdern in Paris","breadcrumb":{"@id":"https:\/\/tempelherrenorden.de\/cms\/nos-pensees-sont-a-paris-unsere-gedanken-sind-in-paris\/#breadcrumb"},"inLanguage":"de","potentialAction":[{"@type":"ReadAction","target":["https:\/\/tempelherrenorden.de\/cms\/nos-pensees-sont-a-paris-unsere-gedanken-sind-in-paris\/"]}]},{"@type":"ImageObject","inLanguage":"de","@id":"https:\/\/tempelherrenorden.de\/cms\/nos-pensees-sont-a-paris-unsere-gedanken-sind-in-paris\/#primaryimage","url":"https:\/\/i0.wp.com\/tempelherrenorden.de\/cms\/wp-content\/uploads\/2019\/04\/Unbenannt.png?fit=616%2C347&ssl=1","contentUrl":"https:\/\/i0.wp.com\/tempelherrenorden.de\/cms\/wp-content\/uploads\/2019\/04\/Unbenannt.png?fit=616%2C347&ssl=1","width":616,"height":347},{"@type":"BreadcrumbList","@id":"https:\/\/tempelherrenorden.de\/cms\/nos-pensees-sont-a-paris-unsere-gedanken-sind-in-paris\/#breadcrumb","itemListElement":[{"@type":"ListItem","position":1,"name":"Startseite","item":"https:\/\/tempelherrenorden.de\/cms\/"},{"@type":"ListItem","position":2,"name":"Nos pens\u00e9es sont \u00e0 Paris &#8211; Unsere Gedanken sind in Paris"}]},{"@type":"WebSite","@id":"https:\/\/tempelherrenorden.de\/cms\/#website","url":"https:\/\/tempelherrenorden.de\/cms\/","name":"Deutscher Tempelherren-Orden","description":"","publisher":{"@id":"https:\/\/tempelherrenorden.de\/cms\/#organization"},"potentialAction":[{"@type":"SearchAction","target":{"@type":"EntryPoint","urlTemplate":"https:\/\/tempelherrenorden.de\/cms\/?s={search_term_string}"},"query-input":{"@type":"PropertyValueSpecification","valueRequired":true,"valueName":"search_term_string"}}],"inLanguage":"de"},{"@type":"Organization","@id":"https:\/\/tempelherrenorden.de\/cms\/#organization","name":"Deutscher Tempelherren-Orden OMCT e.V.","url":"https:\/\/tempelherrenorden.de\/cms\/","logo":{"@type":"ImageObject","inLanguage":"de","@id":"https:\/\/tempelherrenorden.de\/cms\/#\/schema\/logo\/image\/","url":"https:\/\/i0.wp.com\/tempelherrenorden.de\/cms\/wp-content\/uploads\/2018\/01\/OMCT-Wappen.jpg?fit=997%2C1198&ssl=1","contentUrl":"https:\/\/i0.wp.com\/tempelherrenorden.de\/cms\/wp-content\/uploads\/2018\/01\/OMCT-Wappen.jpg?fit=997%2C1198&ssl=1","width":997,"height":1198,"caption":"Deutscher Tempelherren-Orden OMCT e.V."},"image":{"@id":"https:\/\/tempelherrenorden.de\/cms\/#\/schema\/logo\/image\/"},"sameAs":["https:\/\/www.facebook.com\/Deutscher-Tempelherren-Orden-OMCT-2054469481490772\/"]},{"@type":"Person","@id":"https:\/\/tempelherrenorden.de\/cms\/#\/schema\/person\/c4b556c7412791f0ed2d6851086be4aa","name":"Redaktion","image":{"@type":"ImageObject","inLanguage":"de","@id":"https:\/\/secure.gravatar.com\/avatar\/4ed839132852af2d0905f18562e70ba28d4d5c2fa1196284813995a27f534319?s=96&d=mm&r=g","url":"https:\/\/secure.gravatar.com\/avatar\/4ed839132852af2d0905f18562e70ba28d4d5c2fa1196284813995a27f534319?s=96&d=mm&r=g","contentUrl":"https:\/\/secure.gravatar.com\/avatar\/4ed839132852af2d0905f18562e70ba28d4d5c2fa1196284813995a27f534319?s=96&d=mm&r=g","caption":"Redaktion"},"url":"https:\/\/tempelherrenorden.de\/cms\/author\/redaktion\/"}]}},"jetpack_featured_media_url":"https:\/\/i0.wp.com\/tempelherrenorden.de\/cms\/wp-content\/uploads\/2019\/04\/Unbenannt.png?fit=616%2C347&ssl=1","jetpack_shortlink":"https:\/\/wp.me\/p5yQvL-Oe","jetpack_sharing_enabled":true,"_links":{"self":[{"href":"https:\/\/tempelherrenorden.de\/cms\/wp-json\/wp\/v2\/posts\/3114","targetHints":{"allow":["GET"]}}],"collection":[{"href":"https:\/\/tempelherrenorden.de\/cms\/wp-json\/wp\/v2\/posts"}],"about":[{"href":"https:\/\/tempelherrenorden.de\/cms\/wp-json\/wp\/v2\/types\/post"}],"author":[{"embeddable":true,"href":"https:\/\/tempelherrenorden.de\/cms\/wp-json\/wp\/v2\/users\/10"}],"replies":[{"embeddable":true,"href":"https:\/\/tempelherrenorden.de\/cms\/wp-json\/wp\/v2\/comments?post=3114"}],"version-history":[{"count":5,"href":"https:\/\/tempelherrenorden.de\/cms\/wp-json\/wp\/v2\/posts\/3114\/revisions"}],"predecessor-version":[{"id":3149,"href":"https:\/\/tempelherrenorden.de\/cms\/wp-json\/wp\/v2\/posts\/3114\/revisions\/3149"}],"wp:featuredmedia":[{"embeddable":true,"href":"https:\/\/tempelherrenorden.de\/cms\/wp-json\/wp\/v2\/media\/3116"}],"wp:attachment":[{"href":"https:\/\/tempelherrenorden.de\/cms\/wp-json\/wp\/v2\/media?parent=3114"}],"wp:term":[{"taxonomy":"category","embeddable":true,"href":"https:\/\/tempelherrenorden.de\/cms\/wp-json\/wp\/v2\/categories?post=3114"},{"taxonomy":"post_tag","embeddable":true,"href":"https:\/\/tempelherrenorden.de\/cms\/wp-json\/wp\/v2\/tags?post=3114"}],"curies":[{"name":"wp","href":"https:\/\/api.w.org\/{rel}","templated":true}]}}