{"id":3264,"date":"2019-08-16T15:29:43","date_gmt":"2019-08-16T13:29:43","guid":{"rendered":"http:\/\/tempelherrenorden.de\/cms\/?p=3264"},"modified":"2019-08-21T14:16:52","modified_gmt":"2019-08-21T12:16:52","slug":"tempelherren-begleiten-pilger-nach-altoetting","status":"publish","type":"post","link":"https:\/\/tempelherrenorden.de\/cms\/tempelherren-begleiten-pilger-nach-altoetting\/","title":{"rendered":"Tempelherren begleiten Pilger nach Alt\u00f6tting"},"content":{"rendered":"\n<p class=\"wp-block-paragraph\">Im Laufe des 11. Jahrhunderts berichteten zur\u00fcckkehrende Pilger von zahllosen Gefahren, denen sie mit knapper Not entkommen waren. Papst Urban II. (1088-1099) sah sich daraufhin gezwungen, auf dem <a href=\"https:\/\/de.wikipedia.org\/wiki\/Synode_von_Clermont\" target=\"_blank\" rel=\"noreferrer noopener\" aria-label=\"Konzil zu Clermont (\u00f6ffnet in neuem Tab)\">Konzil zu Clermont<\/a> am 27.11.1095 zum Schutz der Pilger und der Rettung der heiligen St\u00e4tten aufzurufen, die damals auf Befehl des Kalifen von \u00c4gypten, Hakim, zerst\u00f6rt wurden.<\/p>\n\n\n\n<!--more-->\n\n\n\n<p class=\"wp-block-paragraph\">Nach der Proklamation zum Kreuzzug durch den franz\u00f6sischen Papst Urban II. entstanden die historischen Templer.<\/p>\n\n\n\n<p class=\"wp-block-paragraph\">Die Pilger, guter abendl\u00e4ndischer Tradition folgend, konnten nun ins heilige Land pilgern, ohne sich um ihre Habseligkeiten (Geld, Proviant, Lasttiere etc.) sorgen zu m\u00fcssen.<\/p>\n\n\n\n<p class=\"wp-block-paragraph\">Dieser Tradition folgend, haben die heutigen Templer, die sich Tempelherren nennen, wie seit vielen Jahren schon, auch dieses Jahr wieder eine Pilgergruppe nach <a href=\"https:\/\/www.altoetting.de\/tourismus\/wallfahrt\/wallfahrtsort\/\">Alt\u00f6tting <\/a>begleitet.<\/p>\n\n\n\n<p class=\"wp-block-paragraph\">Nach der Ankunft in Alt\u00f6tting und einem guten Mittagessen im Hotel Plankel ging es zur Kreuzwegandacht in den Garten unmittelbar hinter der Stiftskirche.<\/p>\n\n\n\n<p class=\"wp-block-paragraph\">Anschlie\u00dfend ging die Pilgergruppe gemeinsam zur Gnadenkapelle, wo wir der Schwarzen Madonna mit zwei Liedern huldigten.<\/p>\n\n\n\n<p class=\"wp-block-paragraph\">Am Abend lud die St. Anna Basilika die Pilger zur hl. Messe mit anschlie\u00dfender Lichterprozession zur Gnadenkapelle.<\/p>\n\n\n\n<p class=\"wp-block-paragraph\">Am n\u00e4chsten Tag stie\u00df Ob. <a href=\"https:\/\/tempelherrenorden.de\/cms\/organisation\/komtureien-und-ordenshaeuser\/komturei-johanna-von-orleans\/\">Klaus Kunert [Komtur des Deutschen Tempelherrenordens (OMCT)]<\/a> zu den Pilgern, begr\u00fc\u00dft durch OBr. Wolfgang Wohlgemuth [OM des Ritterordens der Tempelherren (OMCTT)], um gemeinsam im Ornat die heilige Messe in der St. Magdalena Kirche zu besuchen.<\/p>\n\n\n\n<div class=\"wp-block-image\"><figure class=\"aligncenter size-large\"><img data-recalc-dims=\"1\" loading=\"lazy\" decoding=\"async\" width=\"576\" height=\"1024\" data-attachment-id=\"3179\" data-permalink=\"https:\/\/tempelherrenorden.de\/cms\/besuch-eines-ordensbruders-in-altoetting\/jg29c3af\/\" data-orig-file=\"https:\/\/i0.wp.com\/tempelherrenorden.de\/cms\/wp-content\/uploads\/2019\/05\/JG29C3aF.jpeg?fit=900%2C1600&amp;ssl=1\" data-orig-size=\"900,1600\" data-comments-opened=\"0\" data-image-meta=\"{&quot;aperture&quot;:&quot;0&quot;,&quot;credit&quot;:&quot;&quot;,&quot;camera&quot;:&quot;&quot;,&quot;caption&quot;:&quot;&quot;,&quot;created_timestamp&quot;:&quot;0&quot;,&quot;copyright&quot;:&quot;&quot;,&quot;focal_length&quot;:&quot;0&quot;,&quot;iso&quot;:&quot;0&quot;,&quot;shutter_speed&quot;:&quot;0&quot;,&quot;title&quot;:&quot;&quot;,&quot;orientation&quot;:&quot;0&quot;}\" data-image-title=\"JG29C3aF\" data-image-description=\"\" data-image-caption=\"\" data-large-file=\"https:\/\/i0.wp.com\/tempelherrenorden.de\/cms\/wp-content\/uploads\/2019\/05\/JG29C3aF.jpeg?fit=576%2C1024&amp;ssl=1\" src=\"https:\/\/i0.wp.com\/tempelherrenorden.de\/cms\/wp-content\/uploads\/2019\/05\/JG29C3aF.jpeg?resize=576%2C1024&#038;ssl=1\" alt=\"OBr. Wolfgang (l) und OBr. Klaus (r) begleiten die Pilger nach Alt\u00f6tting\" class=\"wp-image-3179\" srcset=\"https:\/\/i0.wp.com\/tempelherrenorden.de\/cms\/wp-content\/uploads\/2019\/05\/JG29C3aF.jpeg?resize=576%2C1024&amp;ssl=1 576w, https:\/\/i0.wp.com\/tempelherrenorden.de\/cms\/wp-content\/uploads\/2019\/05\/JG29C3aF.jpeg?resize=169%2C300&amp;ssl=1 169w, https:\/\/i0.wp.com\/tempelherrenorden.de\/cms\/wp-content\/uploads\/2019\/05\/JG29C3aF.jpeg?resize=768%2C1365&amp;ssl=1 768w, https:\/\/i0.wp.com\/tempelherrenorden.de\/cms\/wp-content\/uploads\/2019\/05\/JG29C3aF.jpeg?resize=84%2C150&amp;ssl=1 84w, https:\/\/i0.wp.com\/tempelherrenorden.de\/cms\/wp-content\/uploads\/2019\/05\/JG29C3aF.jpeg?w=900&amp;ssl=1 900w\" sizes=\"auto, (max-width: 576px) 100vw, 576px\" \/><\/figure><\/div>\n\n\n\n<p class=\"wp-block-paragraph\">Ein gemeinsames Mittagessen rundete die Pilgerreise ab, bevor die Pilgergruppe die Heim-reise antrat.<\/p>\n\n\n\n<p class=\"wp-block-paragraph\">Die von den Tempelherren begleiteten Wallfahrten finden zweimal im Jahr statt, einmal im Mai und dann wieder im Rosenkranzmonat Oktober.<\/p>\n\n\n\n<p class=\"wp-block-paragraph\">Verfasser<br \/><strong>Ritterorden der Tempelherren (OMCTT) e.V.<\/strong><br \/>OM Hp.theol. W. Wohlgemuth<\/p>\n","protected":false},"excerpt":{"rendered":"<p>Im Laufe des 11. Jahrhunderts berichteten zur\u00fcckkehrende Pilger von zahllosen Gefahren, denen sie mit knapper Not entkommen waren. Papst Urban II. (1088-1099) sah sich daraufhin gezwungen, auf dem Konzil zu Clermont am 27.11.1095 zum Schutz der Pilger und der Rettung der heiligen St\u00e4tten aufzurufen, die damals auf Befehl des Kalifen\u2026<\/p>\n<p> <a class=\"continue-reading-link\" href=\"https:\/\/tempelherrenorden.de\/cms\/tempelherren-begleiten-pilger-nach-altoetting\/\"><span>Artikel lesen<\/span><i class=\"crycon-right-dir\"><\/i><\/a> <\/p>\n","protected":false},"author":10,"featured_media":3181,"comment_status":"closed","ping_status":"closed","sticky":false,"template":"","format":"standard","meta":{"_crdt_document":"","jetpack_post_was_ever_published":false,"_jetpack_newsletter_access":"","_jetpack_dont_email_post_to_subs":false,"_jetpack_newsletter_tier_id":0,"_jetpack_memberships_contains_paywalled_content":false,"_jetpack_memberships_contains_paid_content":false,"footnotes":""},"categories":[38],"tags":[108,110,109,49,115,45,44,116],"class_list":["post-3264","post","type-post","status-publish","format-standard","has-post-thumbnail","hentry","category-johanna","tag-altoettingen","tag-bayern","tag-johanna-von-orleans","tag-komturei","tag-pilger","tag-tempelritter","tag-templer","tag-wallfahrt"],"yoast_head":"<!-- This site is optimized with the Yoast SEO plugin v27.5 - https:\/\/yoast.com\/product\/yoast-seo-wordpress\/ -->\n<title>Tempelherren begleiten Pilger nach Alt\u00f6tting &#8226; Deutscher Tempelherren-Orden<\/title>\n<meta name=\"description\" content=\"Der Tradition folgend, haben die heutigen Templer, wie seit vielen Jahren schon, wieder eine Pilgergruppe nach Alt\u00f6tting begleitet.\" \/>\n<meta name=\"robots\" content=\"index, follow, max-snippet:-1, max-image-preview:large, max-video-preview:-1\" \/>\n<link rel=\"canonical\" href=\"https:\/\/tempelherrenorden.de\/cms\/tempelherren-begleiten-pilger-nach-altoetting\/\" \/>\n<meta property=\"og:locale\" content=\"de_DE\" \/>\n<meta property=\"og:type\" content=\"article\" \/>\n<meta property=\"og:title\" content=\"Tempelherren begleiten Pilger nach Alt\u00f6tting &#8226; Deutscher Tempelherren-Orden\" \/>\n<meta property=\"og:description\" content=\"Der Tradition folgend, haben die heutigen Templer, wie seit vielen Jahren schon, wieder eine Pilgergruppe nach Alt\u00f6tting begleitet.\" \/>\n<meta property=\"og:url\" content=\"https:\/\/tempelherrenorden.de\/cms\/tempelherren-begleiten-pilger-nach-altoetting\/\" \/>\n<meta property=\"og:site_name\" content=\"Deutscher Tempelherren-Orden\" \/>\n<meta property=\"article:publisher\" content=\"https:\/\/www.facebook.com\/Deutscher-Tempelherren-Orden-OMCT-2054469481490772\/\" \/>\n<meta property=\"article:published_time\" content=\"2019-08-16T13:29:43+00:00\" \/>\n<meta property=\"article:modified_time\" content=\"2019-08-21T12:16:52+00:00\" \/>\n<meta property=\"og:image\" content=\"https:\/\/i2.wp.com\/tempelherrenorden.de\/cms\/wp-content\/uploads\/2019\/05\/JG29C3aF.cut_.jpeg?fit=494%2C546&ssl=1\" \/>\n\t<meta property=\"og:image:width\" content=\"494\" \/>\n\t<meta property=\"og:image:height\" content=\"546\" \/>\n\t<meta property=\"og:image:type\" content=\"image\/jpeg\" \/>\n<meta name=\"author\" content=\"Redaktion\" \/>\n<meta name=\"twitter:card\" content=\"summary_large_image\" \/>\n<meta name=\"twitter:label1\" content=\"Verfasst von\" \/>\n\t<meta name=\"twitter:data1\" content=\"Redaktion\" \/>\n\t<meta name=\"twitter:label2\" content=\"Gesch\u00e4tzte Lesezeit\" \/>\n\t<meta name=\"twitter:data2\" content=\"1\u00a0Minute\" \/>\n<script type=\"application\/ld+json\" class=\"yoast-schema-graph\">{\"@context\":\"https:\\\/\\\/schema.org\",\"@graph\":[{\"@type\":\"Article\",\"@id\":\"https:\\\/\\\/tempelherrenorden.de\\\/cms\\\/tempelherren-begleiten-pilger-nach-altoetting\\\/#article\",\"isPartOf\":{\"@id\":\"https:\\\/\\\/tempelherrenorden.de\\\/cms\\\/tempelherren-begleiten-pilger-nach-altoetting\\\/\"},\"author\":{\"name\":\"Redaktion\",\"@id\":\"https:\\\/\\\/tempelherrenorden.de\\\/cms\\\/#\\\/schema\\\/person\\\/c4b556c7412791f0ed2d6851086be4aa\"},\"headline\":\"Tempelherren begleiten Pilger nach Alt\u00f6tting\",\"datePublished\":\"2019-08-16T13:29:43+00:00\",\"dateModified\":\"2019-08-21T12:16:52+00:00\",\"mainEntityOfPage\":{\"@id\":\"https:\\\/\\\/tempelherrenorden.de\\\/cms\\\/tempelherren-begleiten-pilger-nach-altoetting\\\/\"},\"wordCount\":276,\"publisher\":{\"@id\":\"https:\\\/\\\/tempelherrenorden.de\\\/cms\\\/#organization\"},\"image\":{\"@id\":\"https:\\\/\\\/tempelherrenorden.de\\\/cms\\\/tempelherren-begleiten-pilger-nach-altoetting\\\/#primaryimage\"},\"thumbnailUrl\":\"https:\\\/\\\/i0.wp.com\\\/tempelherrenorden.de\\\/cms\\\/wp-content\\\/uploads\\\/2019\\\/05\\\/JG29C3aF.cut_.jpeg?fit=494%2C546&ssl=1\",\"keywords\":[\"Alt\u00f6ttingen\",\"Bayern\",\"Johanna von Orl\u00e9ans\",\"Komturei\",\"Pilger\",\"Tempelritter\",\"Templer\",\"Wallfahrt\"],\"articleSection\":[\"Komturei Johanna von Orl\u00e9ans\"],\"inLanguage\":\"de\"},{\"@type\":\"WebPage\",\"@id\":\"https:\\\/\\\/tempelherrenorden.de\\\/cms\\\/tempelherren-begleiten-pilger-nach-altoetting\\\/\",\"url\":\"https:\\\/\\\/tempelherrenorden.de\\\/cms\\\/tempelherren-begleiten-pilger-nach-altoetting\\\/\",\"name\":\"Tempelherren begleiten Pilger nach Alt\u00f6tting &#8226; Deutscher Tempelherren-Orden\",\"isPartOf\":{\"@id\":\"https:\\\/\\\/tempelherrenorden.de\\\/cms\\\/#website\"},\"primaryImageOfPage\":{\"@id\":\"https:\\\/\\\/tempelherrenorden.de\\\/cms\\\/tempelherren-begleiten-pilger-nach-altoetting\\\/#primaryimage\"},\"image\":{\"@id\":\"https:\\\/\\\/tempelherrenorden.de\\\/cms\\\/tempelherren-begleiten-pilger-nach-altoetting\\\/#primaryimage\"},\"thumbnailUrl\":\"https:\\\/\\\/i0.wp.com\\\/tempelherrenorden.de\\\/cms\\\/wp-content\\\/uploads\\\/2019\\\/05\\\/JG29C3aF.cut_.jpeg?fit=494%2C546&ssl=1\",\"datePublished\":\"2019-08-16T13:29:43+00:00\",\"dateModified\":\"2019-08-21T12:16:52+00:00\",\"description\":\"Der Tradition folgend, haben die heutigen Templer, wie seit vielen Jahren schon, wieder eine Pilgergruppe nach Alt\u00f6tting begleitet.\",\"breadcrumb\":{\"@id\":\"https:\\\/\\\/tempelherrenorden.de\\\/cms\\\/tempelherren-begleiten-pilger-nach-altoetting\\\/#breadcrumb\"},\"inLanguage\":\"de\",\"potentialAction\":[{\"@type\":\"ReadAction\",\"target\":[\"https:\\\/\\\/tempelherrenorden.de\\\/cms\\\/tempelherren-begleiten-pilger-nach-altoetting\\\/\"]}]},{\"@type\":\"ImageObject\",\"inLanguage\":\"de\",\"@id\":\"https:\\\/\\\/tempelherrenorden.de\\\/cms\\\/tempelherren-begleiten-pilger-nach-altoetting\\\/#primaryimage\",\"url\":\"https:\\\/\\\/i0.wp.com\\\/tempelherrenorden.de\\\/cms\\\/wp-content\\\/uploads\\\/2019\\\/05\\\/JG29C3aF.cut_.jpeg?fit=494%2C546&ssl=1\",\"contentUrl\":\"https:\\\/\\\/i0.wp.com\\\/tempelherrenorden.de\\\/cms\\\/wp-content\\\/uploads\\\/2019\\\/05\\\/JG29C3aF.cut_.jpeg?fit=494%2C546&ssl=1\",\"width\":494,\"height\":546},{\"@type\":\"BreadcrumbList\",\"@id\":\"https:\\\/\\\/tempelherrenorden.de\\\/cms\\\/tempelherren-begleiten-pilger-nach-altoetting\\\/#breadcrumb\",\"itemListElement\":[{\"@type\":\"ListItem\",\"position\":1,\"name\":\"Startseite\",\"item\":\"https:\\\/\\\/tempelherrenorden.de\\\/cms\\\/\"},{\"@type\":\"ListItem\",\"position\":2,\"name\":\"Tempelherren begleiten Pilger nach Alt\u00f6tting\"}]},{\"@type\":\"WebSite\",\"@id\":\"https:\\\/\\\/tempelherrenorden.de\\\/cms\\\/#website\",\"url\":\"https:\\\/\\\/tempelherrenorden.de\\\/cms\\\/\",\"name\":\"Deutscher Tempelherren-Orden\",\"description\":\"\",\"publisher\":{\"@id\":\"https:\\\/\\\/tempelherrenorden.de\\\/cms\\\/#organization\"},\"potentialAction\":[{\"@type\":\"SearchAction\",\"target\":{\"@type\":\"EntryPoint\",\"urlTemplate\":\"https:\\\/\\\/tempelherrenorden.de\\\/cms\\\/?s={search_term_string}\"},\"query-input\":{\"@type\":\"PropertyValueSpecification\",\"valueRequired\":true,\"valueName\":\"search_term_string\"}}],\"inLanguage\":\"de\"},{\"@type\":\"Organization\",\"@id\":\"https:\\\/\\\/tempelherrenorden.de\\\/cms\\\/#organization\",\"name\":\"Deutscher Tempelherren-Orden OMCT e.V.\",\"url\":\"https:\\\/\\\/tempelherrenorden.de\\\/cms\\\/\",\"logo\":{\"@type\":\"ImageObject\",\"inLanguage\":\"de\",\"@id\":\"https:\\\/\\\/tempelherrenorden.de\\\/cms\\\/#\\\/schema\\\/logo\\\/image\\\/\",\"url\":\"https:\\\/\\\/i0.wp.com\\\/tempelherrenorden.de\\\/cms\\\/wp-content\\\/uploads\\\/2018\\\/01\\\/OMCT-Wappen.jpg?fit=997%2C1198&ssl=1\",\"contentUrl\":\"https:\\\/\\\/i0.wp.com\\\/tempelherrenorden.de\\\/cms\\\/wp-content\\\/uploads\\\/2018\\\/01\\\/OMCT-Wappen.jpg?fit=997%2C1198&ssl=1\",\"width\":997,\"height\":1198,\"caption\":\"Deutscher Tempelherren-Orden OMCT e.V.\"},\"image\":{\"@id\":\"https:\\\/\\\/tempelherrenorden.de\\\/cms\\\/#\\\/schema\\\/logo\\\/image\\\/\"},\"sameAs\":[\"https:\\\/\\\/www.facebook.com\\\/Deutscher-Tempelherren-Orden-OMCT-2054469481490772\\\/\"]},{\"@type\":\"Person\",\"@id\":\"https:\\\/\\\/tempelherrenorden.de\\\/cms\\\/#\\\/schema\\\/person\\\/c4b556c7412791f0ed2d6851086be4aa\",\"name\":\"Redaktion\",\"image\":{\"@type\":\"ImageObject\",\"inLanguage\":\"de\",\"@id\":\"https:\\\/\\\/secure.gravatar.com\\\/avatar\\\/4ed839132852af2d0905f18562e70ba28d4d5c2fa1196284813995a27f534319?s=96&d=mm&r=g\",\"url\":\"https:\\\/\\\/secure.gravatar.com\\\/avatar\\\/4ed839132852af2d0905f18562e70ba28d4d5c2fa1196284813995a27f534319?s=96&d=mm&r=g\",\"contentUrl\":\"https:\\\/\\\/secure.gravatar.com\\\/avatar\\\/4ed839132852af2d0905f18562e70ba28d4d5c2fa1196284813995a27f534319?s=96&d=mm&r=g\",\"caption\":\"Redaktion\"},\"url\":\"https:\\\/\\\/tempelherrenorden.de\\\/cms\\\/author\\\/redaktion\\\/\"}]}<\/script>\n<!-- \/ Yoast SEO plugin. -->","yoast_head_json":{"title":"Tempelherren begleiten Pilger nach Alt\u00f6tting &#8226; Deutscher Tempelherren-Orden","description":"Der Tradition folgend, haben die heutigen Templer, wie seit vielen Jahren schon, wieder eine Pilgergruppe nach Alt\u00f6tting begleitet.","robots":{"index":"index","follow":"follow","max-snippet":"max-snippet:-1","max-image-preview":"max-image-preview:large","max-video-preview":"max-video-preview:-1"},"canonical":"https:\/\/tempelherrenorden.de\/cms\/tempelherren-begleiten-pilger-nach-altoetting\/","og_locale":"de_DE","og_type":"article","og_title":"Tempelherren begleiten Pilger nach Alt\u00f6tting &#8226; Deutscher Tempelherren-Orden","og_description":"Der Tradition folgend, haben die heutigen Templer, wie seit vielen Jahren schon, wieder eine Pilgergruppe nach Alt\u00f6tting begleitet.","og_url":"https:\/\/tempelherrenorden.de\/cms\/tempelherren-begleiten-pilger-nach-altoetting\/","og_site_name":"Deutscher Tempelherren-Orden","article_publisher":"https:\/\/www.facebook.com\/Deutscher-Tempelherren-Orden-OMCT-2054469481490772\/","article_published_time":"2019-08-16T13:29:43+00:00","article_modified_time":"2019-08-21T12:16:52+00:00","og_image":[{"width":494,"height":546,"url":"https:\/\/i2.wp.com\/tempelherrenorden.de\/cms\/wp-content\/uploads\/2019\/05\/JG29C3aF.cut_.jpeg?fit=494%2C546&ssl=1","type":"image\/jpeg"}],"author":"Redaktion","twitter_card":"summary_large_image","twitter_misc":{"Verfasst von":"Redaktion","Gesch\u00e4tzte Lesezeit":"1\u00a0Minute"},"schema":{"@context":"https:\/\/schema.org","@graph":[{"@type":"Article","@id":"https:\/\/tempelherrenorden.de\/cms\/tempelherren-begleiten-pilger-nach-altoetting\/#article","isPartOf":{"@id":"https:\/\/tempelherrenorden.de\/cms\/tempelherren-begleiten-pilger-nach-altoetting\/"},"author":{"name":"Redaktion","@id":"https:\/\/tempelherrenorden.de\/cms\/#\/schema\/person\/c4b556c7412791f0ed2d6851086be4aa"},"headline":"Tempelherren begleiten Pilger nach Alt\u00f6tting","datePublished":"2019-08-16T13:29:43+00:00","dateModified":"2019-08-21T12:16:52+00:00","mainEntityOfPage":{"@id":"https:\/\/tempelherrenorden.de\/cms\/tempelherren-begleiten-pilger-nach-altoetting\/"},"wordCount":276,"publisher":{"@id":"https:\/\/tempelherrenorden.de\/cms\/#organization"},"image":{"@id":"https:\/\/tempelherrenorden.de\/cms\/tempelherren-begleiten-pilger-nach-altoetting\/#primaryimage"},"thumbnailUrl":"https:\/\/i0.wp.com\/tempelherrenorden.de\/cms\/wp-content\/uploads\/2019\/05\/JG29C3aF.cut_.jpeg?fit=494%2C546&ssl=1","keywords":["Alt\u00f6ttingen","Bayern","Johanna von Orl\u00e9ans","Komturei","Pilger","Tempelritter","Templer","Wallfahrt"],"articleSection":["Komturei Johanna von Orl\u00e9ans"],"inLanguage":"de"},{"@type":"WebPage","@id":"https:\/\/tempelherrenorden.de\/cms\/tempelherren-begleiten-pilger-nach-altoetting\/","url":"https:\/\/tempelherrenorden.de\/cms\/tempelherren-begleiten-pilger-nach-altoetting\/","name":"Tempelherren begleiten Pilger nach Alt\u00f6tting &#8226; Deutscher Tempelherren-Orden","isPartOf":{"@id":"https:\/\/tempelherrenorden.de\/cms\/#website"},"primaryImageOfPage":{"@id":"https:\/\/tempelherrenorden.de\/cms\/tempelherren-begleiten-pilger-nach-altoetting\/#primaryimage"},"image":{"@id":"https:\/\/tempelherrenorden.de\/cms\/tempelherren-begleiten-pilger-nach-altoetting\/#primaryimage"},"thumbnailUrl":"https:\/\/i0.wp.com\/tempelherrenorden.de\/cms\/wp-content\/uploads\/2019\/05\/JG29C3aF.cut_.jpeg?fit=494%2C546&ssl=1","datePublished":"2019-08-16T13:29:43+00:00","dateModified":"2019-08-21T12:16:52+00:00","description":"Der Tradition folgend, haben die heutigen Templer, wie seit vielen Jahren schon, wieder eine Pilgergruppe nach Alt\u00f6tting begleitet.","breadcrumb":{"@id":"https:\/\/tempelherrenorden.de\/cms\/tempelherren-begleiten-pilger-nach-altoetting\/#breadcrumb"},"inLanguage":"de","potentialAction":[{"@type":"ReadAction","target":["https:\/\/tempelherrenorden.de\/cms\/tempelherren-begleiten-pilger-nach-altoetting\/"]}]},{"@type":"ImageObject","inLanguage":"de","@id":"https:\/\/tempelherrenorden.de\/cms\/tempelherren-begleiten-pilger-nach-altoetting\/#primaryimage","url":"https:\/\/i0.wp.com\/tempelherrenorden.de\/cms\/wp-content\/uploads\/2019\/05\/JG29C3aF.cut_.jpeg?fit=494%2C546&ssl=1","contentUrl":"https:\/\/i0.wp.com\/tempelherrenorden.de\/cms\/wp-content\/uploads\/2019\/05\/JG29C3aF.cut_.jpeg?fit=494%2C546&ssl=1","width":494,"height":546},{"@type":"BreadcrumbList","@id":"https:\/\/tempelherrenorden.de\/cms\/tempelherren-begleiten-pilger-nach-altoetting\/#breadcrumb","itemListElement":[{"@type":"ListItem","position":1,"name":"Startseite","item":"https:\/\/tempelherrenorden.de\/cms\/"},{"@type":"ListItem","position":2,"name":"Tempelherren begleiten Pilger nach Alt\u00f6tting"}]},{"@type":"WebSite","@id":"https:\/\/tempelherrenorden.de\/cms\/#website","url":"https:\/\/tempelherrenorden.de\/cms\/","name":"Deutscher Tempelherren-Orden","description":"","publisher":{"@id":"https:\/\/tempelherrenorden.de\/cms\/#organization"},"potentialAction":[{"@type":"SearchAction","target":{"@type":"EntryPoint","urlTemplate":"https:\/\/tempelherrenorden.de\/cms\/?s={search_term_string}"},"query-input":{"@type":"PropertyValueSpecification","valueRequired":true,"valueName":"search_term_string"}}],"inLanguage":"de"},{"@type":"Organization","@id":"https:\/\/tempelherrenorden.de\/cms\/#organization","name":"Deutscher Tempelherren-Orden OMCT e.V.","url":"https:\/\/tempelherrenorden.de\/cms\/","logo":{"@type":"ImageObject","inLanguage":"de","@id":"https:\/\/tempelherrenorden.de\/cms\/#\/schema\/logo\/image\/","url":"https:\/\/i0.wp.com\/tempelherrenorden.de\/cms\/wp-content\/uploads\/2018\/01\/OMCT-Wappen.jpg?fit=997%2C1198&ssl=1","contentUrl":"https:\/\/i0.wp.com\/tempelherrenorden.de\/cms\/wp-content\/uploads\/2018\/01\/OMCT-Wappen.jpg?fit=997%2C1198&ssl=1","width":997,"height":1198,"caption":"Deutscher Tempelherren-Orden OMCT e.V."},"image":{"@id":"https:\/\/tempelherrenorden.de\/cms\/#\/schema\/logo\/image\/"},"sameAs":["https:\/\/www.facebook.com\/Deutscher-Tempelherren-Orden-OMCT-2054469481490772\/"]},{"@type":"Person","@id":"https:\/\/tempelherrenorden.de\/cms\/#\/schema\/person\/c4b556c7412791f0ed2d6851086be4aa","name":"Redaktion","image":{"@type":"ImageObject","inLanguage":"de","@id":"https:\/\/secure.gravatar.com\/avatar\/4ed839132852af2d0905f18562e70ba28d4d5c2fa1196284813995a27f534319?s=96&d=mm&r=g","url":"https:\/\/secure.gravatar.com\/avatar\/4ed839132852af2d0905f18562e70ba28d4d5c2fa1196284813995a27f534319?s=96&d=mm&r=g","contentUrl":"https:\/\/secure.gravatar.com\/avatar\/4ed839132852af2d0905f18562e70ba28d4d5c2fa1196284813995a27f534319?s=96&d=mm&r=g","caption":"Redaktion"},"url":"https:\/\/tempelherrenorden.de\/cms\/author\/redaktion\/"}]}},"jetpack_featured_media_url":"https:\/\/i0.wp.com\/tempelherrenorden.de\/cms\/wp-content\/uploads\/2019\/05\/JG29C3aF.cut_.jpeg?fit=494%2C546&ssl=1","jetpack_shortlink":"https:\/\/wp.me\/p5yQvL-QE","jetpack_sharing_enabled":true,"_links":{"self":[{"href":"https:\/\/tempelherrenorden.de\/cms\/wp-json\/wp\/v2\/posts\/3264","targetHints":{"allow":["GET"]}}],"collection":[{"href":"https:\/\/tempelherrenorden.de\/cms\/wp-json\/wp\/v2\/posts"}],"about":[{"href":"https:\/\/tempelherrenorden.de\/cms\/wp-json\/wp\/v2\/types\/post"}],"author":[{"embeddable":true,"href":"https:\/\/tempelherrenorden.de\/cms\/wp-json\/wp\/v2\/users\/10"}],"replies":[{"embeddable":true,"href":"https:\/\/tempelherrenorden.de\/cms\/wp-json\/wp\/v2\/comments?post=3264"}],"version-history":[{"count":3,"href":"https:\/\/tempelherrenorden.de\/cms\/wp-json\/wp\/v2\/posts\/3264\/revisions"}],"predecessor-version":[{"id":3355,"href":"https:\/\/tempelherrenorden.de\/cms\/wp-json\/wp\/v2\/posts\/3264\/revisions\/3355"}],"wp:featuredmedia":[{"embeddable":true,"href":"https:\/\/tempelherrenorden.de\/cms\/wp-json\/wp\/v2\/media\/3181"}],"wp:attachment":[{"href":"https:\/\/tempelherrenorden.de\/cms\/wp-json\/wp\/v2\/media?parent=3264"}],"wp:term":[{"taxonomy":"category","embeddable":true,"href":"https:\/\/tempelherrenorden.de\/cms\/wp-json\/wp\/v2\/categories?post=3264"},{"taxonomy":"post_tag","embeddable":true,"href":"https:\/\/tempelherrenorden.de\/cms\/wp-json\/wp\/v2\/tags?post=3264"}],"curies":[{"name":"wp","href":"https:\/\/api.w.org\/{rel}","templated":true}]}}