{"id":3850,"date":"2020-07-19T22:10:51","date_gmt":"2020-07-19T20:10:51","guid":{"rendered":"https:\/\/tempelherrenorden.de\/cms\/?p=3850"},"modified":"2020-08-08T15:38:34","modified_gmt":"2020-08-08T13:38:34","slug":"sommergruesse-der-komturei-johanna-von-orleans","status":"publish","type":"post","link":"https:\/\/tempelherrenorden.de\/cms\/sommergruesse-der-komturei-johanna-von-orleans\/","title":{"rendered":"Sommergr\u00fc\u00dfe der Komturei Johanna von Orl\u00e9ans"},"content":{"rendered":"\n<p class=\"wp-block-paragraph\">Liebe Ordensschwestern, liebe Ordensbr\u00fcder, liebe Postulanten, liebe Postulantinnen, liebe Freunde und F\u00f6rderer unseres Ordens, liebe Ordensgeschwister,<\/p>\n\n\n\n<p class=\"wp-block-paragraph\">ein Leben unter der Maske ist uns auferlegt dort, wo viele Menschen zusammenkommen&nbsp;&nbsp;\u2013 ob in Bahnh\u00f6fen, Gesch\u00e4ften oder Stra\u00dfenbahnen \u2013 \u00fcberall sind die Gesichter verh\u00fcllt. Und v\u00f6llig verschwunden ist das L\u00e4cheln, das sonst \u00fcberall den Alltag beschwingt. Unser ganzes Gesicht steht unter Generalverdacht der Ansteckung. Die Freude des L\u00e4chelns, Beginn jeder Kommunikation, wird damit erstickt. Aber \u00fcberall, unter freiem Himmel ohne Maske, bei Spazierg\u00e4ngen in Parks und auf Wanderwegen, gibt es auch wieder Gr\u00fc\u00dfen und L\u00e4cheln. Distanz h\u00e4lt gesund, N\u00e4he kann krank machen \u2013 also nun Abstand halten \u2013 am besten 1,5 bis 2 Meter.<\/p>\n\n\n\n<!--more-->\n\n\n\n<p class=\"wp-block-paragraph\">Das alles bringt mein soziales, seelisches Gleichgewicht in Unordnung, ist f\u00fcr mich aber leicht ertr\u00e4glich, da das Allgemeinwohl an erster Stelle steht. F\u00fcr manche ist die Isolation aber gef\u00e4hrlicher und sch\u00e4dlicher als die Infektion. Schon Andreas Gryphius hat vor 400 Jahren angesichts von Pestinfektion, Kriegsverw\u00fcstungen und Hunger festgestellt, da\u00df die Zerst\u00f6rung der Seele schlimmer ist als der Tod. Er schreibt in seinem Gedicht \u201eTr\u00e4nen des Vaterlandes: \u201cDoch schweig ich noch von dem, was \u00e4rger als der Tod, was grimmer denn die Pest und Glut und Hungersnot: Da\u00df auch der Seelen Schatz so vielen abgezwungen.\u201c<\/p>\n\n\n\n<p class=\"wp-block-paragraph\">Wer meint, \u201esocial distancing\u201c sei eine moderne, durch Corona gestiftete gesellschaftliche Einrichtung, t\u00e4uscht sich gewaltig. Vielmehr sind Ph\u00e4nomene gesellschaftlicher Trennung uralte Bestandteile der Sozialgeschichte, auch der bayerischen!<\/p>\n\n\n\n<h4 class=\"wp-block-heading\"><strong>\u201eVom Affenstall zum Heiliggeistloch\u201c von Bezirksheimatpfleger Dr. Norbert G\u00f6ttler<\/strong><\/h4>\n\n\n\n<p class=\"wp-block-paragraph\">Entgegen der Lyrik der Fremdenverkehrs- und Gastronomieverb\u00e4nde war zum Beispiel das bayerische Wirtshaus nur selten ein Hort von Integration und Gemeinsinn. Man ging nicht in ein Wirtshaus, auf das man gerade Lust hatte, sondern in eines, das einem schichtenspezifisch zustand. Die Honoratioren in die Tafern- und Brauereigasth\u00e4user, die Bauern in die Bauernwirtsh\u00e4user und die Arbeiter in die Arbeiterkneipen. F\u00fcr Knechte und M\u00e4gde, K\u00fcnstler und andere Underdogs blieben zwielichtige Stopselwirtschaften, Gassensch\u00e4nken und Branntweinstuben. Auch im nur scheinbar egalit\u00e4ren Biergarten oder Volksfest war es undenkbar, da\u00df sich der Knecht mir nichts, dir nichts an den Tisch seines Gro\u00dfbauern gesetzt h\u00e4tte, um mit ihm Br\u00fcderschaft zu trinken. Augenscheinlichstes Symbol der sozialen Trennung war der sogenannte Affenstall, ein durch Latten abgegrenztes Geviert in der Wirtsstube, in das nur Pfarrer, B\u00fcrgermeister und Gro\u00dfbauern Zutritt hatten, um darin ihren allabendlichen Tarock oder Schafkopf zu spielen, Der \u201eAffenstall\u201c war eine Notl\u00f6sung in Orten mit nur einem Wirtshaus. Dieser Verschlag hatte aber auch seine Vorteile: Die Honoratioren waren zwar unter sich, konnten aber doch mit einem Ohr lauschen, welch aufr\u00fchrerische oder ketzerische Reden die Untertanen f\u00fchrten. Selbstredend, da\u00df sich der Begriff \u201eAffenstall\u201c eher in den Reihen der Subalternen der Beliebtheit erfreute, selber bevorzugten die Honoratioren Begriffe wie \u201eSalettl\u201c oder \u201eHaimlichkeit\u201c!<\/p>\n\n\n\n<p class=\"wp-block-paragraph\">Was den Honoratioren des Dorfes Recht war, war dem Landadel billig. Das Bekenntnis zu christlicher Br\u00fcderlichkeit f\u00fchrte keineswegs so weit, sich am Sonntagsgottesdienst unter das gemeine Volk zu mischen. Da zw\u00e4ngte man sich lieber eine enge Wendeltreppe hinauf in die Gebetsnische, die allein f\u00fcr den Hofmarksherren und seine Familie reserviert war. Dort war man nicht nur dem Bauernvolk und seinen Stallger\u00fcchen fern, sondern dem eucharistischen Geschehen in der Apsis nahe. Mehr noch, das Heiliggeistloch \u00fcber dem Haupt lie\u00df erhoffen, einer kleinen Portion geistlicher Inspiration direkt vom Sender, also ohne Umweg priesterlicher Verballhornung, teilhaftig werden zu d\u00fcrfen. Und da\u00df man dem neuen, vielleicht herzjesuroten Kaplan von oben her ein wenig in sein Predigtmanuskript schauen konnte, mochte ja auch nicht schaden.<\/p>\n\n\n\n<p class=\"wp-block-paragraph\">Ob also Affenstall oder Heiliggeistloch: \u201eSocial distancing\u201c erfreute sich immer schon einer gewissen Beliebtheit, wenn es darum ging, Abstand zu schaffen. Da sind die heutigen Einmeterf\u00fcnfzig ja geradezu sozialistisch gering!<\/p>\n\n\n\n<p class=\"wp-block-paragraph\">Kaum noch bekannt ist heute der \u201eWettersegen\u201c, ein monstranz- oder scheibenf\u00f6rmiger Beh\u00e4lter, der fr\u00fcher in den Bauernh\u00e4usern an der Wand hing. Er war seit der Barockzeit sehr beliebt und sollte mit vielen winzigen Gegenst\u00e4nden g\u00fcnstige Witterung bewirken und Unwetter abwehren. Um ein kleines Osterlamm wurden Amulette, Mitbringsel von Wallfahrten, Heiligenattribute, Naturstoffe wie Buchs, Lebensbaum, Palmk\u00e4tzchen, Wacholderbeeren, Steine und diverse Fr\u00fcchte gruppiert. Auf der R\u00fcckseite des Wettersegens standen kurze Spr\u00fcche gegen alles Unheil.<\/p>\n\n\n\n<p class=\"wp-block-paragraph\">In der Kirche wird der Wettersegen in der Zeit zwischen dem Fest des Evangelisten Markus (25. April) und dem Fest Kreuzerh\u00f6hung (14. September), und zwar an Stelle des Schlu\u00dfsegens der sonnt\u00e4glichen Eucharistiefeier erteilt.<\/p>\n\n\n\n<p class=\"wp-block-paragraph\">Viele von uns sehen, da\u00df das Leben in der Welt insgesamt in die Krise geraten ist. Corona, nachteilige Umweltver\u00e4nderungen, Arbeitswelt, Schule, Familie und auch das religi\u00f6se Glaubensleben. Ganz elementar wird uns unsere Abh\u00e4ngig- und Hilflosigkeit vor Augen gef\u00fchrt. In solchen Zeiten fingen Menschen immer wieder an, ihre Verbundenheit mit Gott zu suchen und mit ihren N\u00f6ten sich an ihn zu wenden. So entstand auch die Tradition des Wettersegens.<\/p>\n\n\n\n<p class=\"wp-block-paragraph\">In dem anschlie\u00dfenden Segensgebet geht es zun\u00e4chst um gedeihliches Wetter f\u00fcr Mensch und Natur damit die lebensnotwendigen Gaben der Natur heranreifen k\u00f6nnen. Wir k\u00f6nnen es aber auch in einem erweiterten Sinn beten, f\u00fcr eine allgemein g\u00fcnstige \u201eWetterlage\u201c dieser besonderen Krisenzeit, damit wir all das, was Lebensnotwendig ist gedeihen kann und bleibt.<\/p>\n\n\n\n<h4 class=\"wp-block-heading\"><strong>Wettersegen<\/strong><\/h4>\n\n\n\n<p class=\"wp-block-paragraph\">Gott der allm\u00e4chtige Vater,<br \/>segne uns und schenke gedeihliches Wetter;<br \/>er halte Blitz, Hagel und jedes Unheil von uns fern.<br \/>Er segne die Felder, die G\u00e4rten und den Wald und schenke uns die Fr\u00fcchte der Erde.<br \/>Er begleite unsere Arbeit, damit wir in Dankbarkeit und Freude gebrauchen,<br \/>was durch die Kr\u00e4fte der Natur und die M\u00fche der Menschen gewachsen ist.<br \/>Das gew\u00e4hre uns der dreieinige Gott,<br \/>der Vater und der Sohn und der Heilige Geist. <\/p>\n\n\n\n<p class=\"wp-block-paragraph\">Amen.&nbsp;&nbsp;<\/p>\n\n\n\n<p class=\"has-text-align-right wp-block-paragraph\"><em>Komtur Klaus Kunerl, Komturei Johanna von Orl\u00e9ans<\/em><\/p>\n","protected":false},"excerpt":{"rendered":"<p>Liebe Ordensschwestern, liebe Ordensbr\u00fcder, liebe Postulanten, liebe Postulantinnen, liebe Freunde und F\u00f6rderer unseres Ordens, liebe Ordensgeschwister, ein Leben unter der Maske ist uns auferlegt dort, wo viele Menschen zusammenkommen&nbsp;&nbsp;\u2013 ob in Bahnh\u00f6fen, Gesch\u00e4ften oder Stra\u00dfenbahnen \u2013 \u00fcberall sind die Gesichter verh\u00fcllt. Und v\u00f6llig verschwunden ist das L\u00e4cheln, das sonst \u00fcberall\u2026<\/p>\n<p> <a class=\"continue-reading-link\" href=\"https:\/\/tempelherrenorden.de\/cms\/sommergruesse-der-komturei-johanna-von-orleans\/\"><span>Artikel lesen<\/span><i class=\"crycon-right-dir\"><\/i><\/a> <\/p>\n","protected":false},"author":10,"featured_media":0,"comment_status":"closed","ping_status":"closed","sticky":false,"template":"","format":"standard","meta":{"_crdt_document":"","jetpack_post_was_ever_published":false,"_jetpack_newsletter_access":"","_jetpack_dont_email_post_to_subs":false,"_jetpack_newsletter_tier_id":0,"_jetpack_memberships_contains_paywalled_content":false,"_jetpack_memberships_contains_paid_content":false,"footnotes":""},"categories":[38],"tags":[],"class_list":["post-3850","post","type-post","status-publish","format-standard","hentry","category-johanna"],"yoast_head":"<!-- This site is optimized with the Yoast SEO plugin v27.5 - https:\/\/yoast.com\/product\/yoast-seo-wordpress\/ -->\n<title>Sommergr\u00fc\u00dfe der Komturei Johanna von Orl\u00e9ans &#8226; Deutscher Tempelherren-Orden<\/title>\n<meta name=\"robots\" content=\"index, follow, max-snippet:-1, max-image-preview:large, max-video-preview:-1\" \/>\n<link rel=\"canonical\" href=\"https:\/\/tempelherrenorden.de\/cms\/sommergruesse-der-komturei-johanna-von-orleans\/\" \/>\n<meta property=\"og:locale\" content=\"de_DE\" \/>\n<meta property=\"og:type\" content=\"article\" \/>\n<meta property=\"og:title\" content=\"Sommergr\u00fc\u00dfe der Komturei Johanna von Orl\u00e9ans &#8226; Deutscher Tempelherren-Orden\" \/>\n<meta property=\"og:description\" content=\"Liebe Ordensschwestern, liebe Ordensbr\u00fcder, liebe Postulanten, liebe Postulantinnen, liebe Freunde und F\u00f6rderer unseres Ordens, liebe Ordensgeschwister, ein Leben unter der Maske ist uns auferlegt dort, wo viele Menschen zusammenkommen&nbsp;&nbsp;\u2013 ob in Bahnh\u00f6fen, Gesch\u00e4ften oder Stra\u00dfenbahnen \u2013 \u00fcberall sind die Gesichter verh\u00fcllt. Und v\u00f6llig verschwunden ist das L\u00e4cheln, das sonst \u00fcberall\u2026 Artikel lesen\" \/>\n<meta property=\"og:url\" content=\"https:\/\/tempelherrenorden.de\/cms\/sommergruesse-der-komturei-johanna-von-orleans\/\" \/>\n<meta property=\"og:site_name\" content=\"Deutscher Tempelherren-Orden\" \/>\n<meta property=\"article:publisher\" content=\"https:\/\/www.facebook.com\/Deutscher-Tempelherren-Orden-OMCT-2054469481490772\/\" \/>\n<meta property=\"article:published_time\" content=\"2020-07-19T20:10:51+00:00\" \/>\n<meta property=\"article:modified_time\" content=\"2020-08-08T13:38:34+00:00\" \/>\n<meta name=\"author\" content=\"Redaktion\" \/>\n<meta name=\"twitter:card\" content=\"summary_large_image\" \/>\n<meta name=\"twitter:label1\" content=\"Verfasst von\" \/>\n\t<meta name=\"twitter:data1\" content=\"Redaktion\" \/>\n\t<meta name=\"twitter:label2\" content=\"Gesch\u00e4tzte Lesezeit\" \/>\n\t<meta name=\"twitter:data2\" content=\"5\u00a0Minuten\" \/>\n<script type=\"application\/ld+json\" class=\"yoast-schema-graph\">{\"@context\":\"https:\\\/\\\/schema.org\",\"@graph\":[{\"@type\":\"Article\",\"@id\":\"https:\\\/\\\/tempelherrenorden.de\\\/cms\\\/sommergruesse-der-komturei-johanna-von-orleans\\\/#article\",\"isPartOf\":{\"@id\":\"https:\\\/\\\/tempelherrenorden.de\\\/cms\\\/sommergruesse-der-komturei-johanna-von-orleans\\\/\"},\"author\":{\"name\":\"Redaktion\",\"@id\":\"https:\\\/\\\/tempelherrenorden.de\\\/cms\\\/#\\\/schema\\\/person\\\/c4b556c7412791f0ed2d6851086be4aa\"},\"headline\":\"Sommergr\u00fc\u00dfe der Komturei Johanna von Orl\u00e9ans\",\"datePublished\":\"2020-07-19T20:10:51+00:00\",\"dateModified\":\"2020-08-08T13:38:34+00:00\",\"mainEntityOfPage\":{\"@id\":\"https:\\\/\\\/tempelherrenorden.de\\\/cms\\\/sommergruesse-der-komturei-johanna-von-orleans\\\/\"},\"wordCount\":984,\"publisher\":{\"@id\":\"https:\\\/\\\/tempelherrenorden.de\\\/cms\\\/#organization\"},\"articleSection\":[\"Komturei Johanna von Orl\u00e9ans\"],\"inLanguage\":\"de\"},{\"@type\":\"WebPage\",\"@id\":\"https:\\\/\\\/tempelherrenorden.de\\\/cms\\\/sommergruesse-der-komturei-johanna-von-orleans\\\/\",\"url\":\"https:\\\/\\\/tempelherrenorden.de\\\/cms\\\/sommergruesse-der-komturei-johanna-von-orleans\\\/\",\"name\":\"Sommergr\u00fc\u00dfe der Komturei Johanna von Orl\u00e9ans &#8226; Deutscher Tempelherren-Orden\",\"isPartOf\":{\"@id\":\"https:\\\/\\\/tempelherrenorden.de\\\/cms\\\/#website\"},\"datePublished\":\"2020-07-19T20:10:51+00:00\",\"dateModified\":\"2020-08-08T13:38:34+00:00\",\"breadcrumb\":{\"@id\":\"https:\\\/\\\/tempelherrenorden.de\\\/cms\\\/sommergruesse-der-komturei-johanna-von-orleans\\\/#breadcrumb\"},\"inLanguage\":\"de\",\"potentialAction\":[{\"@type\":\"ReadAction\",\"target\":[\"https:\\\/\\\/tempelherrenorden.de\\\/cms\\\/sommergruesse-der-komturei-johanna-von-orleans\\\/\"]}]},{\"@type\":\"BreadcrumbList\",\"@id\":\"https:\\\/\\\/tempelherrenorden.de\\\/cms\\\/sommergruesse-der-komturei-johanna-von-orleans\\\/#breadcrumb\",\"itemListElement\":[{\"@type\":\"ListItem\",\"position\":1,\"name\":\"Startseite\",\"item\":\"https:\\\/\\\/tempelherrenorden.de\\\/cms\\\/\"},{\"@type\":\"ListItem\",\"position\":2,\"name\":\"Sommergr\u00fc\u00dfe der Komturei Johanna von Orl\u00e9ans\"}]},{\"@type\":\"WebSite\",\"@id\":\"https:\\\/\\\/tempelherrenorden.de\\\/cms\\\/#website\",\"url\":\"https:\\\/\\\/tempelherrenorden.de\\\/cms\\\/\",\"name\":\"Deutscher Tempelherren-Orden\",\"description\":\"\",\"publisher\":{\"@id\":\"https:\\\/\\\/tempelherrenorden.de\\\/cms\\\/#organization\"},\"potentialAction\":[{\"@type\":\"SearchAction\",\"target\":{\"@type\":\"EntryPoint\",\"urlTemplate\":\"https:\\\/\\\/tempelherrenorden.de\\\/cms\\\/?s={search_term_string}\"},\"query-input\":{\"@type\":\"PropertyValueSpecification\",\"valueRequired\":true,\"valueName\":\"search_term_string\"}}],\"inLanguage\":\"de\"},{\"@type\":\"Organization\",\"@id\":\"https:\\\/\\\/tempelherrenorden.de\\\/cms\\\/#organization\",\"name\":\"Deutscher Tempelherren-Orden OMCT e.V.\",\"url\":\"https:\\\/\\\/tempelherrenorden.de\\\/cms\\\/\",\"logo\":{\"@type\":\"ImageObject\",\"inLanguage\":\"de\",\"@id\":\"https:\\\/\\\/tempelherrenorden.de\\\/cms\\\/#\\\/schema\\\/logo\\\/image\\\/\",\"url\":\"https:\\\/\\\/i0.wp.com\\\/tempelherrenorden.de\\\/cms\\\/wp-content\\\/uploads\\\/2018\\\/01\\\/OMCT-Wappen.jpg?fit=997%2C1198&ssl=1\",\"contentUrl\":\"https:\\\/\\\/i0.wp.com\\\/tempelherrenorden.de\\\/cms\\\/wp-content\\\/uploads\\\/2018\\\/01\\\/OMCT-Wappen.jpg?fit=997%2C1198&ssl=1\",\"width\":997,\"height\":1198,\"caption\":\"Deutscher Tempelherren-Orden OMCT e.V.\"},\"image\":{\"@id\":\"https:\\\/\\\/tempelherrenorden.de\\\/cms\\\/#\\\/schema\\\/logo\\\/image\\\/\"},\"sameAs\":[\"https:\\\/\\\/www.facebook.com\\\/Deutscher-Tempelherren-Orden-OMCT-2054469481490772\\\/\"]},{\"@type\":\"Person\",\"@id\":\"https:\\\/\\\/tempelherrenorden.de\\\/cms\\\/#\\\/schema\\\/person\\\/c4b556c7412791f0ed2d6851086be4aa\",\"name\":\"Redaktion\",\"image\":{\"@type\":\"ImageObject\",\"inLanguage\":\"de\",\"@id\":\"https:\\\/\\\/secure.gravatar.com\\\/avatar\\\/4ed839132852af2d0905f18562e70ba28d4d5c2fa1196284813995a27f534319?s=96&d=mm&r=g\",\"url\":\"https:\\\/\\\/secure.gravatar.com\\\/avatar\\\/4ed839132852af2d0905f18562e70ba28d4d5c2fa1196284813995a27f534319?s=96&d=mm&r=g\",\"contentUrl\":\"https:\\\/\\\/secure.gravatar.com\\\/avatar\\\/4ed839132852af2d0905f18562e70ba28d4d5c2fa1196284813995a27f534319?s=96&d=mm&r=g\",\"caption\":\"Redaktion\"},\"url\":\"https:\\\/\\\/tempelherrenorden.de\\\/cms\\\/author\\\/redaktion\\\/\"}]}<\/script>\n<!-- \/ Yoast SEO plugin. -->","yoast_head_json":{"title":"Sommergr\u00fc\u00dfe der Komturei Johanna von Orl\u00e9ans &#8226; Deutscher Tempelherren-Orden","robots":{"index":"index","follow":"follow","max-snippet":"max-snippet:-1","max-image-preview":"max-image-preview:large","max-video-preview":"max-video-preview:-1"},"canonical":"https:\/\/tempelherrenorden.de\/cms\/sommergruesse-der-komturei-johanna-von-orleans\/","og_locale":"de_DE","og_type":"article","og_title":"Sommergr\u00fc\u00dfe der Komturei Johanna von Orl\u00e9ans &#8226; Deutscher Tempelherren-Orden","og_description":"Liebe Ordensschwestern, liebe Ordensbr\u00fcder, liebe Postulanten, liebe Postulantinnen, liebe Freunde und F\u00f6rderer unseres Ordens, liebe Ordensgeschwister, ein Leben unter der Maske ist uns auferlegt dort, wo viele Menschen zusammenkommen&nbsp;&nbsp;\u2013 ob in Bahnh\u00f6fen, Gesch\u00e4ften oder Stra\u00dfenbahnen \u2013 \u00fcberall sind die Gesichter verh\u00fcllt. Und v\u00f6llig verschwunden ist das L\u00e4cheln, das sonst \u00fcberall\u2026 Artikel lesen","og_url":"https:\/\/tempelherrenorden.de\/cms\/sommergruesse-der-komturei-johanna-von-orleans\/","og_site_name":"Deutscher Tempelherren-Orden","article_publisher":"https:\/\/www.facebook.com\/Deutscher-Tempelherren-Orden-OMCT-2054469481490772\/","article_published_time":"2020-07-19T20:10:51+00:00","article_modified_time":"2020-08-08T13:38:34+00:00","author":"Redaktion","twitter_card":"summary_large_image","twitter_misc":{"Verfasst von":"Redaktion","Gesch\u00e4tzte Lesezeit":"5\u00a0Minuten"},"schema":{"@context":"https:\/\/schema.org","@graph":[{"@type":"Article","@id":"https:\/\/tempelherrenorden.de\/cms\/sommergruesse-der-komturei-johanna-von-orleans\/#article","isPartOf":{"@id":"https:\/\/tempelherrenorden.de\/cms\/sommergruesse-der-komturei-johanna-von-orleans\/"},"author":{"name":"Redaktion","@id":"https:\/\/tempelherrenorden.de\/cms\/#\/schema\/person\/c4b556c7412791f0ed2d6851086be4aa"},"headline":"Sommergr\u00fc\u00dfe der Komturei Johanna von Orl\u00e9ans","datePublished":"2020-07-19T20:10:51+00:00","dateModified":"2020-08-08T13:38:34+00:00","mainEntityOfPage":{"@id":"https:\/\/tempelherrenorden.de\/cms\/sommergruesse-der-komturei-johanna-von-orleans\/"},"wordCount":984,"publisher":{"@id":"https:\/\/tempelherrenorden.de\/cms\/#organization"},"articleSection":["Komturei Johanna von Orl\u00e9ans"],"inLanguage":"de"},{"@type":"WebPage","@id":"https:\/\/tempelherrenorden.de\/cms\/sommergruesse-der-komturei-johanna-von-orleans\/","url":"https:\/\/tempelherrenorden.de\/cms\/sommergruesse-der-komturei-johanna-von-orleans\/","name":"Sommergr\u00fc\u00dfe der Komturei Johanna von Orl\u00e9ans &#8226; Deutscher Tempelherren-Orden","isPartOf":{"@id":"https:\/\/tempelherrenorden.de\/cms\/#website"},"datePublished":"2020-07-19T20:10:51+00:00","dateModified":"2020-08-08T13:38:34+00:00","breadcrumb":{"@id":"https:\/\/tempelherrenorden.de\/cms\/sommergruesse-der-komturei-johanna-von-orleans\/#breadcrumb"},"inLanguage":"de","potentialAction":[{"@type":"ReadAction","target":["https:\/\/tempelherrenorden.de\/cms\/sommergruesse-der-komturei-johanna-von-orleans\/"]}]},{"@type":"BreadcrumbList","@id":"https:\/\/tempelherrenorden.de\/cms\/sommergruesse-der-komturei-johanna-von-orleans\/#breadcrumb","itemListElement":[{"@type":"ListItem","position":1,"name":"Startseite","item":"https:\/\/tempelherrenorden.de\/cms\/"},{"@type":"ListItem","position":2,"name":"Sommergr\u00fc\u00dfe der Komturei Johanna von Orl\u00e9ans"}]},{"@type":"WebSite","@id":"https:\/\/tempelherrenorden.de\/cms\/#website","url":"https:\/\/tempelherrenorden.de\/cms\/","name":"Deutscher Tempelherren-Orden","description":"","publisher":{"@id":"https:\/\/tempelherrenorden.de\/cms\/#organization"},"potentialAction":[{"@type":"SearchAction","target":{"@type":"EntryPoint","urlTemplate":"https:\/\/tempelherrenorden.de\/cms\/?s={search_term_string}"},"query-input":{"@type":"PropertyValueSpecification","valueRequired":true,"valueName":"search_term_string"}}],"inLanguage":"de"},{"@type":"Organization","@id":"https:\/\/tempelherrenorden.de\/cms\/#organization","name":"Deutscher Tempelherren-Orden OMCT e.V.","url":"https:\/\/tempelherrenorden.de\/cms\/","logo":{"@type":"ImageObject","inLanguage":"de","@id":"https:\/\/tempelherrenorden.de\/cms\/#\/schema\/logo\/image\/","url":"https:\/\/i0.wp.com\/tempelherrenorden.de\/cms\/wp-content\/uploads\/2018\/01\/OMCT-Wappen.jpg?fit=997%2C1198&ssl=1","contentUrl":"https:\/\/i0.wp.com\/tempelherrenorden.de\/cms\/wp-content\/uploads\/2018\/01\/OMCT-Wappen.jpg?fit=997%2C1198&ssl=1","width":997,"height":1198,"caption":"Deutscher Tempelherren-Orden OMCT e.V."},"image":{"@id":"https:\/\/tempelherrenorden.de\/cms\/#\/schema\/logo\/image\/"},"sameAs":["https:\/\/www.facebook.com\/Deutscher-Tempelherren-Orden-OMCT-2054469481490772\/"]},{"@type":"Person","@id":"https:\/\/tempelherrenorden.de\/cms\/#\/schema\/person\/c4b556c7412791f0ed2d6851086be4aa","name":"Redaktion","image":{"@type":"ImageObject","inLanguage":"de","@id":"https:\/\/secure.gravatar.com\/avatar\/4ed839132852af2d0905f18562e70ba28d4d5c2fa1196284813995a27f534319?s=96&d=mm&r=g","url":"https:\/\/secure.gravatar.com\/avatar\/4ed839132852af2d0905f18562e70ba28d4d5c2fa1196284813995a27f534319?s=96&d=mm&r=g","contentUrl":"https:\/\/secure.gravatar.com\/avatar\/4ed839132852af2d0905f18562e70ba28d4d5c2fa1196284813995a27f534319?s=96&d=mm&r=g","caption":"Redaktion"},"url":"https:\/\/tempelherrenorden.de\/cms\/author\/redaktion\/"}]}},"jetpack_featured_media_url":"","jetpack_shortlink":"https:\/\/wp.me\/p5yQvL-106","jetpack_sharing_enabled":true,"_links":{"self":[{"href":"https:\/\/tempelherrenorden.de\/cms\/wp-json\/wp\/v2\/posts\/3850","targetHints":{"allow":["GET"]}}],"collection":[{"href":"https:\/\/tempelherrenorden.de\/cms\/wp-json\/wp\/v2\/posts"}],"about":[{"href":"https:\/\/tempelherrenorden.de\/cms\/wp-json\/wp\/v2\/types\/post"}],"author":[{"embeddable":true,"href":"https:\/\/tempelherrenorden.de\/cms\/wp-json\/wp\/v2\/users\/10"}],"replies":[{"embeddable":true,"href":"https:\/\/tempelherrenorden.de\/cms\/wp-json\/wp\/v2\/comments?post=3850"}],"version-history":[{"count":3,"href":"https:\/\/tempelherrenorden.de\/cms\/wp-json\/wp\/v2\/posts\/3850\/revisions"}],"predecessor-version":[{"id":3875,"href":"https:\/\/tempelherrenorden.de\/cms\/wp-json\/wp\/v2\/posts\/3850\/revisions\/3875"}],"wp:attachment":[{"href":"https:\/\/tempelherrenorden.de\/cms\/wp-json\/wp\/v2\/media?parent=3850"}],"wp:term":[{"taxonomy":"category","embeddable":true,"href":"https:\/\/tempelherrenorden.de\/cms\/wp-json\/wp\/v2\/categories?post=3850"},{"taxonomy":"post_tag","embeddable":true,"href":"https:\/\/tempelherrenorden.de\/cms\/wp-json\/wp\/v2\/tags?post=3850"}],"curies":[{"name":"wp","href":"https:\/\/api.w.org\/{rel}","templated":true}]}}