{"id":3853,"date":"2020-07-19T22:18:36","date_gmt":"2020-07-19T20:18:36","guid":{"rendered":"https:\/\/tempelherrenorden.de\/cms\/?p=3853"},"modified":"2020-08-08T15:37:42","modified_gmt":"2020-08-08T13:37:42","slug":"gedanken-zur-ferien-und-reisezeit","status":"publish","type":"post","link":"https:\/\/tempelherrenorden.de\/cms\/gedanken-zur-ferien-und-reisezeit\/","title":{"rendered":"Gedanken zur Ferien- und Reisezeit"},"content":{"rendered":"\n<h4 class=\"wp-block-heading\"><strong>Merkw\u00fcrdige Schildersammlung<\/strong><\/h4>\n\n\n\n<h6 class=\"wp-block-heading\">(Tempelhof)<\/h6>\n\n\n\n<p class=\"wp-block-paragraph\">Die Autobahn schl\u00e4ngelt sich munter durch die m\u00e4rkische Heide. Vor uns zuckelt ein \u00e4lteres Modell von Mercedes durch die Abendsonne. Am Schlepphaken hat dieses Auto ein Gebilde, das man aus der Ferne nicht gleich einordnen kann. Zwei R\u00e4der sind dran. Aber sonst sieht das Ganze aus wie der Brandtaucher aus dem Armeemuseum zu Dresden, jenes erste U-Boot, das 1850 vom Pechvogel Bauer konstruiert wurde. Dieses Tauchboot tauchte zwar ordnungsgem\u00e4\u00df, kam aber nicht mehr hoch. Beim N\u00e4herkommen entpuppt sich das Vehikel als ein aufw\u00e4ndiger Anh\u00e4nger f\u00fcr eine besondere Fracht. Hier wird ein Pferd durch die Landschaft gefahren. Damit auch jeder Benutzer der Autobahn genauestens informiert ist, hat die Bordwand des Pferdetransportanh\u00e4ngers eine deutliche Inschrift mit dem folgenschweren Text: \u201eAchtung! Wertvolle Rennpferde!\u201c Na also, jetzt wissen wir es. Wir begeben uns mit dem Renault Laguna ganz lieb und vorsichtig um den Pferdewagen herum. Nicht auszudenken, wenn dem Tier ein Leid gesch\u00e4he!&nbsp;&nbsp;&nbsp;&nbsp;&nbsp;&nbsp;&nbsp;&nbsp;&nbsp;&nbsp;&nbsp;&nbsp;&nbsp;&nbsp;&nbsp;&nbsp;&nbsp;&nbsp;&nbsp;&nbsp;&nbsp;&nbsp;&nbsp;&nbsp;&nbsp;&nbsp;&nbsp;&nbsp;&nbsp;&nbsp;&nbsp;&nbsp;&nbsp;&nbsp;&nbsp;&nbsp;&nbsp;&nbsp;&nbsp;&nbsp;&nbsp;&nbsp;&nbsp;&nbsp;&nbsp;&nbsp;&nbsp;&nbsp;&nbsp;&nbsp;&nbsp;&nbsp;&nbsp;&nbsp;&nbsp;&nbsp;&nbsp;&nbsp;&nbsp;&nbsp;&nbsp;&nbsp;&nbsp;&nbsp;&nbsp;&nbsp;&nbsp;&nbsp;&nbsp;&nbsp;&nbsp;&nbsp;&nbsp;&nbsp;&nbsp;&nbsp;&nbsp;&nbsp;&nbsp;&nbsp;&nbsp;&nbsp;&nbsp; <\/p>\n\n\n\n<!--more-->\n\n\n\n<p class=\"wp-block-paragraph\">Nun schelte man mich nicht zu fr\u00fch. Nat\u00fcrlich soll Pferderennsport treiben, wem das so richtigen Spa\u00df macht. Ich verlange auch von keinem, dass er die Pferde quer durch Sachsen oder Mecklenburg bis nach Karlshorst reitet. Was mich \u00e4rgert, ist jene Aufschrift auf dem Hinterteil des Pferdetransportwagens. Mir ist es n\u00e4mlich noch nie im Leben passiert, dass ich auf der R\u00fcckseite eines Autos ein Schild entdeckt h\u00e4tte mit dem deutlich lesbaren Text: \u201eAchtung! Wertvolle Menschen!\u201c Sind wir denn weniger wert als Rennpferde? Kommt es auf uns nicht an? Kommt es auf Menschen nicht so an, weil es ja reichlich davon gibt? Seltsamerweise \u00e4ndert sich der Fahrstil vieler Autofahrer, wenn sie den Pferdetransport mit seinem Warnschild bemerken. Sie fahren vorsichtiger. Dieselben Fahrer \u00fcberholen aber nach kurzer Zeit das n\u00e4chste Personenauto mit scharfen und protzigen Man\u00f6vern. Da sitzen ja nur Menschen drin und auf deren Nerven muss man keine R\u00fccksicht nehmen. Ich werde mir beim Maler des Dorfes ein Schild bestellen: \u201eVorsicht, lebendiger Mensch mit Nerven!\u201c Das h\u00e4nge ich dann an mein Fahrrad.<\/p>\n\n\n\n<p class=\"wp-block-paragraph\">Das n\u00e4chste Schild, das mir zu denken aufgibt, steht in der Gr\u00fcnanlage gleich dr\u00fcben bei der Bushaltestelle. Es ist nicht so auff\u00e4llig wie das Rennpferdeschutzforderungsschild, hat aber einen \u00e4hnlichen Inhalt. Diesmal ist vom Schildererfinder die Befehlsform gew\u00e4hlt worden. Wir lesen: \u201eB\u00fcrger! Sch\u00fctzt eure Anlagen!\u201c Der Meinung wird wohl jeder von uns sein. Nichts ist h\u00e4sslicher als ein Trampelpfad durch ein sch\u00f6nes und nat\u00fcrlich auch teuer bezahltes Rosenbeet. Nichts regt mich so auf wie ein gepflegter Vorgarten, den irgendwelche Typen zu einer Sperrm\u00fcllhalde gemacht haben. M\u00f6gen also solche Schilder auf den Gr\u00fcnfl\u00e4chen stehen, wobei aber ihre Notwendigkeit schon ein Armutszeugnis ist. Mir fehlt jedoch ein \u00e4hnliches Schild in unseren menschlichen Ansiedelungen. Es m\u00fcsste deutlich lesbar den Text tragen: \u201eB\u00fcrger! Sch\u00fctzt eure Mitmenschen!\u201c Ein zertretenes Rosenbeet kann wieder hergerichtet werden, wenn\u00b4s auch M\u00fche und Geld kostet. Eine zertretene Menschenseele ist gar nicht so leicht wieder zu heilen. Manchmal ist dieser Schaden unheilbar. Wie schnell treten wir aus Gedankenlosigkeit auf einer Menschenseele herum. Wie gern benutzen wir unsere Mitmenschen als seelischen M\u00fcllabladeplatz. Und wenn es nur Gedankenlosigkeit und Unaufmerksamkeit w\u00e4re. Doch manchmal treibt uns irgend ein innerer dunkler Drang, mit Bosheit etwas in einem anderen Menschen zu zerst\u00f6ren, das bl\u00fchen und sch\u00f6n sein will. Es gibt eine Wachsamkeit mir selbst gegen\u00fcber, aus der heraus ich meinen N\u00e4chsten vor mir sch\u00fctzen kann und darf. Die Aufgabe, Menschen zu beh\u00fcten, kommt wirklich nicht nur den Kinderg\u00e4rtnerinnen zu, die mit ihren quirligen Trupps von fr\u00f6hlichen oder heulenden kleinen Kobolden spazieren gehen. Wer es lernt, seine Mitmenschen zu besch\u00fctzen und zu beh\u00fcten, wird ein behutsamer Mensch, ein Mitb\u00fcrger mit Fingerspitzengef\u00fchl.<\/p>\n\n\n\n<p class=\"wp-block-paragraph\">Ein Schild, das mir f\u00f6rmlich Schauer \u00fcber den R\u00fccken jagt, kann man ab und zu in Wohnungen lieber Mitb\u00fcrger als Wandschmuck entdecken. Es ist meist in h\u00fcbsch verschn\u00f6rkelter Schrift gemalt und tr\u00e4gt den folgenschweren Text: \u201eSeitdem ich die Menschen kenne, liebe ich meinen Hund.\u201c Man m\u00f6chte wohl nicht glauben wollen, dass dieser Text so ernst genommen wird, wie er da zu lesen ist. Dann w\u00e4re er nichts weiter als eiskalte Menschenverachtung. Wer seinen Hund \u00fcber seine Mitmenschen stellt, sollte mal zu einem Psychiater gehen. Man hofft jedoch, dass die betreffenden Leute sich diesen h\u00e4sslichen Spruch aus Gedankenlosigkeit&nbsp; an ihre Korridorwand h\u00e4ngen. Ich w\u00fcrde es nicht tun, denn ich h\u00e4tte Angst, mit einem solchen schlimmen Schmuckst\u00fcck meine Mutter t\u00f6dlich zu beleidigen. Freilich gibt es immer wieder Situationen im Leben, in denen Menschen mich entt\u00e4uschen und im Stich lassen. Menschen k\u00f6nnen Menschen verraten. Menschen k\u00f6nnen Menschen qu\u00e4len. Aber das andere ist eben auch eine nicht wegzuleugnende Tatsache: nur der Mensch kann den Menschen lieben. Man kann dasselbe auch andersherum sage: nur der Mensch kann vom Menschen geliebt werden. Zu Dingen der Welt kann ich Freude empfinden. Zu den Tieren, Blumen und Pflanzen kann ich Zuneigung haben. Aber liebenswert und liebensw\u00fcrdig ist nur das Wesen mit dem menschlichen Antlitz. Menschen, die da von sich behaupten, ihr Hund w\u00e4re das einzige liebensw\u00fcrdige Wesen auf der Erde, haben wohl nie gelernt, ihre Mitmenschen in Liebe anzunehmen. Oder sie dr\u00fccken sich davor, das Wagnis der Liebe zu den Menschen einzugehen. Wenn meine Frau mir so ein Schild in die Wohnung gehangen h\u00e4tte, g\u00e4be es f\u00fcr mich nur zwei M\u00f6glichkeiten. Entweder w\u00fcrde der sch\u00f6n gemalte Spruch in hohem Bogen aus dem Fenster fliegen, oder der Ehepartner k\u00f6nnte die Korridort\u00fcre von drau\u00dfen bewundern. Eine einzige Frau wie Therese von Kalkutta beweist durch ihr stilles und tapferes Leben, dass der Spruch \u201eSeitdem ich die Menschen kenne, liebe ich meinen Hund\u201c eine Beleidigung ist, wenn man ihn ernst nimmt. Zu manchen Zeiten der Weltgeschichte stehen Haustiere sehr hoch im Kurs. Mag sein, dass diese Vorliebe einen leicht zu erkl\u00e4renden Grund hat. Haustiere st\u00f6ren unsere Eigenliebe nicht.<\/p>\n\n\n\n<p class=\"wp-block-paragraph\">Schlie\u00dfen wir unsere kleine Schildersammlung mit einem typisch berlinerischen und sympathischen Text. Ich fahre ab und zu an einem Gasthaus vorbei, an dem noch die alte Inschrift zu lesen ist: \u201eHier k\u00f6nnen Familien Kaffee kochen!\u201c Man kann diesen Text auch so \u00fcbersetzen: herzlich willkommen, f\u00fchlt euch zu Hause. Meine T\u00f6pfe sollen eure T\u00f6pfe sein, mein Feuer soll euer Feuer sein.<\/p>\n\n\n\n<p class=\"wp-block-paragraph\">Rennpferde sind sch\u00f6n, Blumenbeete erfreuen uns, Hunde sind rassig. Aber die Kraft zum Lieben gab Gott nur den Menschen.&nbsp;&nbsp; <\/p>\n\n\n\n<p class=\"wp-block-paragraph\">Amen.<\/p>\n\n\n\n<p class=\"has-text-align-right wp-block-paragraph\"><em>Ordensgeistlicher Matthias David<\/em><\/p>\n","protected":false},"excerpt":{"rendered":"<p>Merkw\u00fcrdige Schildersammlung (Tempelhof) Die Autobahn schl\u00e4ngelt sich munter durch die m\u00e4rkische Heide. Vor uns zuckelt ein \u00e4lteres Modell von Mercedes durch die Abendsonne. Am Schlepphaken hat dieses Auto ein Gebilde, das man aus der Ferne nicht gleich einordnen kann. Zwei R\u00e4der sind dran. Aber sonst sieht das Ganze aus wie\u2026<\/p>\n<p> <a class=\"continue-reading-link\" href=\"https:\/\/tempelherrenorden.de\/cms\/gedanken-zur-ferien-und-reisezeit\/\"><span>Artikel lesen<\/span><i class=\"crycon-right-dir\"><\/i><\/a> <\/p>\n","protected":false},"author":10,"featured_media":0,"comment_status":"closed","ping_status":"closed","sticky":false,"template":"","format":"standard","meta":{"_crdt_document":"","jetpack_post_was_ever_published":false,"_jetpack_newsletter_access":"","_jetpack_dont_email_post_to_subs":false,"_jetpack_newsletter_tier_id":0,"_jetpack_memberships_contains_paywalled_content":false,"_jetpack_memberships_contains_paid_content":false,"footnotes":""},"categories":[1,37],"tags":[],"class_list":["post-3853","post","type-post","status-publish","format-standard","hentry","category-allgemein","category-georg"],"yoast_head":"<!-- This site is optimized with the Yoast SEO plugin v27.5 - https:\/\/yoast.com\/product\/yoast-seo-wordpress\/ -->\n<title>Gedanken zur Ferien- und Reisezeit &#8226; Deutscher Tempelherren-Orden<\/title>\n<meta name=\"robots\" content=\"index, follow, max-snippet:-1, max-image-preview:large, max-video-preview:-1\" \/>\n<link rel=\"canonical\" href=\"https:\/\/tempelherrenorden.de\/cms\/gedanken-zur-ferien-und-reisezeit\/\" \/>\n<meta property=\"og:locale\" content=\"de_DE\" \/>\n<meta property=\"og:type\" content=\"article\" \/>\n<meta property=\"og:title\" content=\"Gedanken zur Ferien- und Reisezeit &#8226; Deutscher Tempelherren-Orden\" \/>\n<meta property=\"og:description\" content=\"Merkw\u00fcrdige Schildersammlung (Tempelhof) Die Autobahn schl\u00e4ngelt sich munter durch die m\u00e4rkische Heide. Vor uns zuckelt ein \u00e4lteres Modell von Mercedes durch die Abendsonne. Am Schlepphaken hat dieses Auto ein Gebilde, das man aus der Ferne nicht gleich einordnen kann. Zwei R\u00e4der sind dran. Aber sonst sieht das Ganze aus wie\u2026 Artikel lesen\" \/>\n<meta property=\"og:url\" content=\"https:\/\/tempelherrenorden.de\/cms\/gedanken-zur-ferien-und-reisezeit\/\" \/>\n<meta property=\"og:site_name\" content=\"Deutscher Tempelherren-Orden\" \/>\n<meta property=\"article:publisher\" content=\"https:\/\/www.facebook.com\/Deutscher-Tempelherren-Orden-OMCT-2054469481490772\/\" \/>\n<meta property=\"article:published_time\" content=\"2020-07-19T20:18:36+00:00\" \/>\n<meta property=\"article:modified_time\" content=\"2020-08-08T13:37:42+00:00\" \/>\n<meta name=\"author\" content=\"Redaktion\" \/>\n<meta name=\"twitter:card\" content=\"summary_large_image\" \/>\n<meta name=\"twitter:label1\" content=\"Verfasst von\" \/>\n\t<meta name=\"twitter:data1\" content=\"Redaktion\" \/>\n\t<meta name=\"twitter:label2\" content=\"Gesch\u00e4tzte Lesezeit\" \/>\n\t<meta name=\"twitter:data2\" content=\"6\u00a0Minuten\" \/>\n<script type=\"application\/ld+json\" class=\"yoast-schema-graph\">{\"@context\":\"https:\\\/\\\/schema.org\",\"@graph\":[{\"@type\":\"Article\",\"@id\":\"https:\\\/\\\/tempelherrenorden.de\\\/cms\\\/gedanken-zur-ferien-und-reisezeit\\\/#article\",\"isPartOf\":{\"@id\":\"https:\\\/\\\/tempelherrenorden.de\\\/cms\\\/gedanken-zur-ferien-und-reisezeit\\\/\"},\"author\":{\"name\":\"Redaktion\",\"@id\":\"https:\\\/\\\/tempelherrenorden.de\\\/cms\\\/#\\\/schema\\\/person\\\/c4b556c7412791f0ed2d6851086be4aa\"},\"headline\":\"Gedanken zur Ferien- und Reisezeit\",\"datePublished\":\"2020-07-19T20:18:36+00:00\",\"dateModified\":\"2020-08-08T13:37:42+00:00\",\"mainEntityOfPage\":{\"@id\":\"https:\\\/\\\/tempelherrenorden.de\\\/cms\\\/gedanken-zur-ferien-und-reisezeit\\\/\"},\"wordCount\":1196,\"publisher\":{\"@id\":\"https:\\\/\\\/tempelherrenorden.de\\\/cms\\\/#organization\"},\"articleSection\":{\"1\":\"Komturei St. Georg\"},\"inLanguage\":\"de\"},{\"@type\":\"WebPage\",\"@id\":\"https:\\\/\\\/tempelherrenorden.de\\\/cms\\\/gedanken-zur-ferien-und-reisezeit\\\/\",\"url\":\"https:\\\/\\\/tempelherrenorden.de\\\/cms\\\/gedanken-zur-ferien-und-reisezeit\\\/\",\"name\":\"Gedanken zur Ferien- und Reisezeit &#8226; Deutscher Tempelherren-Orden\",\"isPartOf\":{\"@id\":\"https:\\\/\\\/tempelherrenorden.de\\\/cms\\\/#website\"},\"datePublished\":\"2020-07-19T20:18:36+00:00\",\"dateModified\":\"2020-08-08T13:37:42+00:00\",\"breadcrumb\":{\"@id\":\"https:\\\/\\\/tempelherrenorden.de\\\/cms\\\/gedanken-zur-ferien-und-reisezeit\\\/#breadcrumb\"},\"inLanguage\":\"de\",\"potentialAction\":[{\"@type\":\"ReadAction\",\"target\":[\"https:\\\/\\\/tempelherrenorden.de\\\/cms\\\/gedanken-zur-ferien-und-reisezeit\\\/\"]}]},{\"@type\":\"BreadcrumbList\",\"@id\":\"https:\\\/\\\/tempelherrenorden.de\\\/cms\\\/gedanken-zur-ferien-und-reisezeit\\\/#breadcrumb\",\"itemListElement\":[{\"@type\":\"ListItem\",\"position\":1,\"name\":\"Startseite\",\"item\":\"https:\\\/\\\/tempelherrenorden.de\\\/cms\\\/\"},{\"@type\":\"ListItem\",\"position\":2,\"name\":\"Gedanken zur Ferien- und Reisezeit\"}]},{\"@type\":\"WebSite\",\"@id\":\"https:\\\/\\\/tempelherrenorden.de\\\/cms\\\/#website\",\"url\":\"https:\\\/\\\/tempelherrenorden.de\\\/cms\\\/\",\"name\":\"Deutscher Tempelherren-Orden\",\"description\":\"\",\"publisher\":{\"@id\":\"https:\\\/\\\/tempelherrenorden.de\\\/cms\\\/#organization\"},\"potentialAction\":[{\"@type\":\"SearchAction\",\"target\":{\"@type\":\"EntryPoint\",\"urlTemplate\":\"https:\\\/\\\/tempelherrenorden.de\\\/cms\\\/?s={search_term_string}\"},\"query-input\":{\"@type\":\"PropertyValueSpecification\",\"valueRequired\":true,\"valueName\":\"search_term_string\"}}],\"inLanguage\":\"de\"},{\"@type\":\"Organization\",\"@id\":\"https:\\\/\\\/tempelherrenorden.de\\\/cms\\\/#organization\",\"name\":\"Deutscher Tempelherren-Orden OMCT e.V.\",\"url\":\"https:\\\/\\\/tempelherrenorden.de\\\/cms\\\/\",\"logo\":{\"@type\":\"ImageObject\",\"inLanguage\":\"de\",\"@id\":\"https:\\\/\\\/tempelherrenorden.de\\\/cms\\\/#\\\/schema\\\/logo\\\/image\\\/\",\"url\":\"https:\\\/\\\/i0.wp.com\\\/tempelherrenorden.de\\\/cms\\\/wp-content\\\/uploads\\\/2018\\\/01\\\/OMCT-Wappen.jpg?fit=997%2C1198&ssl=1\",\"contentUrl\":\"https:\\\/\\\/i0.wp.com\\\/tempelherrenorden.de\\\/cms\\\/wp-content\\\/uploads\\\/2018\\\/01\\\/OMCT-Wappen.jpg?fit=997%2C1198&ssl=1\",\"width\":997,\"height\":1198,\"caption\":\"Deutscher Tempelherren-Orden OMCT e.V.\"},\"image\":{\"@id\":\"https:\\\/\\\/tempelherrenorden.de\\\/cms\\\/#\\\/schema\\\/logo\\\/image\\\/\"},\"sameAs\":[\"https:\\\/\\\/www.facebook.com\\\/Deutscher-Tempelherren-Orden-OMCT-2054469481490772\\\/\"]},{\"@type\":\"Person\",\"@id\":\"https:\\\/\\\/tempelherrenorden.de\\\/cms\\\/#\\\/schema\\\/person\\\/c4b556c7412791f0ed2d6851086be4aa\",\"name\":\"Redaktion\",\"image\":{\"@type\":\"ImageObject\",\"inLanguage\":\"de\",\"@id\":\"https:\\\/\\\/secure.gravatar.com\\\/avatar\\\/4ed839132852af2d0905f18562e70ba28d4d5c2fa1196284813995a27f534319?s=96&d=mm&r=g\",\"url\":\"https:\\\/\\\/secure.gravatar.com\\\/avatar\\\/4ed839132852af2d0905f18562e70ba28d4d5c2fa1196284813995a27f534319?s=96&d=mm&r=g\",\"contentUrl\":\"https:\\\/\\\/secure.gravatar.com\\\/avatar\\\/4ed839132852af2d0905f18562e70ba28d4d5c2fa1196284813995a27f534319?s=96&d=mm&r=g\",\"caption\":\"Redaktion\"},\"url\":\"https:\\\/\\\/tempelherrenorden.de\\\/cms\\\/author\\\/redaktion\\\/\"}]}<\/script>\n<!-- \/ Yoast SEO plugin. -->","yoast_head_json":{"title":"Gedanken zur Ferien- und Reisezeit &#8226; Deutscher Tempelherren-Orden","robots":{"index":"index","follow":"follow","max-snippet":"max-snippet:-1","max-image-preview":"max-image-preview:large","max-video-preview":"max-video-preview:-1"},"canonical":"https:\/\/tempelherrenorden.de\/cms\/gedanken-zur-ferien-und-reisezeit\/","og_locale":"de_DE","og_type":"article","og_title":"Gedanken zur Ferien- und Reisezeit &#8226; Deutscher Tempelherren-Orden","og_description":"Merkw\u00fcrdige Schildersammlung (Tempelhof) Die Autobahn schl\u00e4ngelt sich munter durch die m\u00e4rkische Heide. Vor uns zuckelt ein \u00e4lteres Modell von Mercedes durch die Abendsonne. Am Schlepphaken hat dieses Auto ein Gebilde, das man aus der Ferne nicht gleich einordnen kann. Zwei R\u00e4der sind dran. Aber sonst sieht das Ganze aus wie\u2026 Artikel lesen","og_url":"https:\/\/tempelherrenorden.de\/cms\/gedanken-zur-ferien-und-reisezeit\/","og_site_name":"Deutscher Tempelherren-Orden","article_publisher":"https:\/\/www.facebook.com\/Deutscher-Tempelherren-Orden-OMCT-2054469481490772\/","article_published_time":"2020-07-19T20:18:36+00:00","article_modified_time":"2020-08-08T13:37:42+00:00","author":"Redaktion","twitter_card":"summary_large_image","twitter_misc":{"Verfasst von":"Redaktion","Gesch\u00e4tzte Lesezeit":"6\u00a0Minuten"},"schema":{"@context":"https:\/\/schema.org","@graph":[{"@type":"Article","@id":"https:\/\/tempelherrenorden.de\/cms\/gedanken-zur-ferien-und-reisezeit\/#article","isPartOf":{"@id":"https:\/\/tempelherrenorden.de\/cms\/gedanken-zur-ferien-und-reisezeit\/"},"author":{"name":"Redaktion","@id":"https:\/\/tempelherrenorden.de\/cms\/#\/schema\/person\/c4b556c7412791f0ed2d6851086be4aa"},"headline":"Gedanken zur Ferien- und Reisezeit","datePublished":"2020-07-19T20:18:36+00:00","dateModified":"2020-08-08T13:37:42+00:00","mainEntityOfPage":{"@id":"https:\/\/tempelherrenorden.de\/cms\/gedanken-zur-ferien-und-reisezeit\/"},"wordCount":1196,"publisher":{"@id":"https:\/\/tempelherrenorden.de\/cms\/#organization"},"articleSection":{"1":"Komturei St. Georg"},"inLanguage":"de"},{"@type":"WebPage","@id":"https:\/\/tempelherrenorden.de\/cms\/gedanken-zur-ferien-und-reisezeit\/","url":"https:\/\/tempelherrenorden.de\/cms\/gedanken-zur-ferien-und-reisezeit\/","name":"Gedanken zur Ferien- und Reisezeit &#8226; Deutscher Tempelherren-Orden","isPartOf":{"@id":"https:\/\/tempelherrenorden.de\/cms\/#website"},"datePublished":"2020-07-19T20:18:36+00:00","dateModified":"2020-08-08T13:37:42+00:00","breadcrumb":{"@id":"https:\/\/tempelherrenorden.de\/cms\/gedanken-zur-ferien-und-reisezeit\/#breadcrumb"},"inLanguage":"de","potentialAction":[{"@type":"ReadAction","target":["https:\/\/tempelherrenorden.de\/cms\/gedanken-zur-ferien-und-reisezeit\/"]}]},{"@type":"BreadcrumbList","@id":"https:\/\/tempelherrenorden.de\/cms\/gedanken-zur-ferien-und-reisezeit\/#breadcrumb","itemListElement":[{"@type":"ListItem","position":1,"name":"Startseite","item":"https:\/\/tempelherrenorden.de\/cms\/"},{"@type":"ListItem","position":2,"name":"Gedanken zur Ferien- und Reisezeit"}]},{"@type":"WebSite","@id":"https:\/\/tempelherrenorden.de\/cms\/#website","url":"https:\/\/tempelherrenorden.de\/cms\/","name":"Deutscher Tempelherren-Orden","description":"","publisher":{"@id":"https:\/\/tempelherrenorden.de\/cms\/#organization"},"potentialAction":[{"@type":"SearchAction","target":{"@type":"EntryPoint","urlTemplate":"https:\/\/tempelherrenorden.de\/cms\/?s={search_term_string}"},"query-input":{"@type":"PropertyValueSpecification","valueRequired":true,"valueName":"search_term_string"}}],"inLanguage":"de"},{"@type":"Organization","@id":"https:\/\/tempelherrenorden.de\/cms\/#organization","name":"Deutscher Tempelherren-Orden OMCT e.V.","url":"https:\/\/tempelherrenorden.de\/cms\/","logo":{"@type":"ImageObject","inLanguage":"de","@id":"https:\/\/tempelherrenorden.de\/cms\/#\/schema\/logo\/image\/","url":"https:\/\/i0.wp.com\/tempelherrenorden.de\/cms\/wp-content\/uploads\/2018\/01\/OMCT-Wappen.jpg?fit=997%2C1198&ssl=1","contentUrl":"https:\/\/i0.wp.com\/tempelherrenorden.de\/cms\/wp-content\/uploads\/2018\/01\/OMCT-Wappen.jpg?fit=997%2C1198&ssl=1","width":997,"height":1198,"caption":"Deutscher Tempelherren-Orden OMCT e.V."},"image":{"@id":"https:\/\/tempelherrenorden.de\/cms\/#\/schema\/logo\/image\/"},"sameAs":["https:\/\/www.facebook.com\/Deutscher-Tempelherren-Orden-OMCT-2054469481490772\/"]},{"@type":"Person","@id":"https:\/\/tempelherrenorden.de\/cms\/#\/schema\/person\/c4b556c7412791f0ed2d6851086be4aa","name":"Redaktion","image":{"@type":"ImageObject","inLanguage":"de","@id":"https:\/\/secure.gravatar.com\/avatar\/4ed839132852af2d0905f18562e70ba28d4d5c2fa1196284813995a27f534319?s=96&d=mm&r=g","url":"https:\/\/secure.gravatar.com\/avatar\/4ed839132852af2d0905f18562e70ba28d4d5c2fa1196284813995a27f534319?s=96&d=mm&r=g","contentUrl":"https:\/\/secure.gravatar.com\/avatar\/4ed839132852af2d0905f18562e70ba28d4d5c2fa1196284813995a27f534319?s=96&d=mm&r=g","caption":"Redaktion"},"url":"https:\/\/tempelherrenorden.de\/cms\/author\/redaktion\/"}]}},"jetpack_featured_media_url":"","jetpack_shortlink":"https:\/\/wp.me\/p5yQvL-109","jetpack_sharing_enabled":true,"_links":{"self":[{"href":"https:\/\/tempelherrenorden.de\/cms\/wp-json\/wp\/v2\/posts\/3853","targetHints":{"allow":["GET"]}}],"collection":[{"href":"https:\/\/tempelherrenorden.de\/cms\/wp-json\/wp\/v2\/posts"}],"about":[{"href":"https:\/\/tempelherrenorden.de\/cms\/wp-json\/wp\/v2\/types\/post"}],"author":[{"embeddable":true,"href":"https:\/\/tempelherrenorden.de\/cms\/wp-json\/wp\/v2\/users\/10"}],"replies":[{"embeddable":true,"href":"https:\/\/tempelherrenorden.de\/cms\/wp-json\/wp\/v2\/comments?post=3853"}],"version-history":[{"count":2,"href":"https:\/\/tempelherrenorden.de\/cms\/wp-json\/wp\/v2\/posts\/3853\/revisions"}],"predecessor-version":[{"id":3873,"href":"https:\/\/tempelherrenorden.de\/cms\/wp-json\/wp\/v2\/posts\/3853\/revisions\/3873"}],"wp:attachment":[{"href":"https:\/\/tempelherrenorden.de\/cms\/wp-json\/wp\/v2\/media?parent=3853"}],"wp:term":[{"taxonomy":"category","embeddable":true,"href":"https:\/\/tempelherrenorden.de\/cms\/wp-json\/wp\/v2\/categories?post=3853"},{"taxonomy":"post_tag","embeddable":true,"href":"https:\/\/tempelherrenorden.de\/cms\/wp-json\/wp\/v2\/tags?post=3853"}],"curies":[{"name":"wp","href":"https:\/\/api.w.org\/{rel}","templated":true}]}}