{"id":4285,"date":"2021-06-05T20:51:59","date_gmt":"2021-06-05T18:51:59","guid":{"rendered":"https:\/\/tempelherrenorden.de\/cms\/?p=4285"},"modified":"2021-06-05T20:51:59","modified_gmt":"2021-06-05T18:51:59","slug":"wenn-das-reich-gottes-nahe-ist","status":"publish","type":"post","link":"https:\/\/tempelherrenorden.de\/cms\/wenn-das-reich-gottes-nahe-ist\/","title":{"rendered":"WENN DAS REICH GOTTES NAHE IST"},"content":{"rendered":"\n<p class=\"wp-block-paragraph\">(zum 10. Sonntag im Jahreskreis Mk 3,20 &#8211; 35)<\/p>\n\n\n\n<h3 class=\"wp-block-heading\"><em>ZOFF IN DER HEILIGEN FAMILIE<\/em><\/h3>\n\n\n\n<p class=\"wp-block-paragraph\">H\u00f6r&#8216; ich recht? Das h\u00f6rt sich nach Streit an &#8211; Streit in der Familie Jesu. Der Evangelist erz\u00e4hlt tats\u00e4chlich, dass die Angeh\u00f6rigen Jesus zur\u00fcckholen wollen. Begr\u00fcndung: Er sei von Sinnen. Ihre Einsch\u00e4tzung deckt sich sogar mit der offiziellen der Schriftgelehrten: Jesus sei von Beelzebub besessen. Immerhin: von dem Obersten der D\u00e4monen. Die einen sagten, was sie dachten, die anderen hatten schon ein fachm\u00e4nnisches Urteil parat. Dabei ist Jesus noch ganz am Anfang seines Weges. Aber ein unbeschriebenes Blatt ist er l\u00e4ngst nicht mehr. Und wenn ich dann h\u00f6re, dass Jesus seine Mutter und seine Br\u00fcder schroff abweist, gar fremde Leute zu Mutter und Br\u00fcder erkl\u00e4rt &#8211; ich bin irritiert, fassungslos, \u00fcberrascht. Ich sehe schon die \u00dcberschrift in der Zeitung morgen, die ich nicht nennen darf: Zoff in der Heiligen Familie.<\/p>\n\n\n\n<!--more-->\n\n\n\n<h3 class=\"wp-block-heading\"><em>D\u00c4MONEN<\/em><\/h3>\n\n\n\n<p class=\"wp-block-paragraph\">Sie werden vermutlich nicht gemerkt haben, worum es geht. Ein Nebensatz verr\u00e4t es: Jesus treibt die D\u00e4monen aus. Selbst erfahrene Fernsehschauer, Science Fiction Leser und Spieler in Sternenwelten trauen ihren Augen nicht: ohne gro\u00dfes Aufheben, Wunderwaffen oder geheimnisvolle Rituale sehen wir Jesus die b\u00f6sen Geister austreiben. Die, die Menschen besetzt halten, werden nicht nur in die Flucht geschlagen &#8211; sie werden ihrer Macht, ihres Einflusses einfach beraubt.<br \/><br \/>Wenn ich das erz\u00e4hle, muss ich auch noch etwas anderes erz\u00e4hlen: Die Menschen, die zum ersten Mal das Evangelium h\u00f6ren, wissen, dass Gottes Reich anbricht, wenn die D\u00e4monen ausgetrieben werden. Es ist die vielleicht gr\u00f6\u00dfte Sehnsucht, die Menschen haben &#8211; und von Generation zu Generation weitergeben. Geh\u00f6rt haben sie: wenn die D\u00e4monen ihre Macht verlieren, dann beginnt eine neue Zeit, ein neues Leben.<br \/><br \/>\u00dcberlegen wir doch einmal, was D\u00e4monen sind. Mit Namen kenne ich sie auch nicht. Aber ich habe schon mitbekommen, was sie anrichten &#8211; ganz im Verborgenen. Immer auch im Schatten der Nacht. Sie lieben es, sich einzunisten, ohne zu verraten, dass sie da sind. Gekonnt verwischen sie ihre Spuren.<\/p>\n\n\n\n<h3 class=\"wp-block-heading\"><em>NAT\u00dcRLICH&#8230;<\/em><\/h3>\n\n\n\n<p class=\"wp-block-paragraph\">D\u00e4monen wissen, was &#8211; nat\u00fcrlich ist.<br \/>Nat\u00fcrlich ist, Hass mit Hass zu beantworten. Die Reaktion ist vorprogrammiert. Der Teufelskreislauf auch. Alles erkl\u00e4rt sich von ganz alleine. Nur: hasse ich, bin ich gefangen. Meine Vernunft nennt mich aber frei, klug, vern\u00fcnftig. Und der Hass w\u00e4chst.<br \/>Nat\u00fcrlich ist, alles zu bezweifeln. Gott auch. Unter meinen H\u00e4nden zerrinnt seine Wahrheit wie Sand. Ich stehe ganz leer da. Ich habe nichts, worauf ich noch bauen k\u00f6nnte. Mein zur Schau getragenes Selbstbewusstsein ist m\u00fcde. Die Falten bekomme ich nicht mehr weg.<br \/><br \/>Nat\u00fcrlich ist, das Letzte auch sich herauszuholen. Von anderen auch. Wir m\u00fcssen funktionieren. Die Kontrolle \u00fcber den Knopf, die Maschine einfach auszumachen, haben wir l\u00e4ngst aus den H\u00e4nden gegeben. Selbst im Traum l\u00e4chelt das \u00dcber-Ich b\u00f6se. Wir l\u00e4cheln auch dann noch, wenn wir am liebsten nur noch weinen w\u00fcrden. Wir sind ausgeschlachtet.<br \/><br \/>Nat\u00fcrlich ist &#8230; Nat\u00fcrlich. Die D\u00e4monen tarnen sich. Sie tarnen sich so gut, dass es sie eigentlich gar nicht gibt. Sie lieben es, als entmythologisiert zu gelten. Nur: sie sind da. B\u00f6se Geister, die Menschen gefangen nehmen, sich ihres Lebens bem\u00e4chtigen und eine Abh\u00e4ngigkeit nach der anderen schaffen.<br \/>Das ist &#8211; nat\u00fcrlich?<br \/><br \/>Unsere Vorfahren glaubten, dass nur der Teufel die Macht hat, die vielen b\u00f6sen Geister unter die Knute zu bekommen &#8211; oder aber: Gottes Reich muss beginnen! Die Spuren finden wir in unserem Evangelium heute. Bevor die Schriftgelehrten den Schluss ziehen, mit Jesus w\u00fcrde das Reich Gottes anbrechen, verd\u00e4chtigen sie ihn lieber, mit dem Teufel im Bund zu sein. Die Angeh\u00f6rigen Jesu wissen &#8211; zu unserem Entsetzen &#8211; auch keinen besseren Rat als den, ihn f\u00fcr verr\u00fcckt zu halten. Ist es so verwunderlich, so verwerflich, so fraglich &#8211; dass Jesus die D\u00e4monen austreibt? Wir sehen es jetzt ganz deutlich: W\u00e4hrend die D\u00e4monen nach wie vor als normal gelten, muss Jesus wohl verr\u00fcckt sein.<br \/><br \/>Dieses Evangelium ist ein Paradebeispiel, ein Lehrst\u00fcck, ein Meisterwerk daf\u00fcr, wie die Welt aus den Fugen geraten muss, wenn die D\u00e4monen ausgetrieben werden. Den Vorwurf, verr\u00fcckt zu sein, hat Jesus in eine Liebeserkl\u00e4rung verwandelt &#8211; in eine Liebeserkl\u00e4rung der Menschen, die frei geworden sind, die wieder leben k\u00f6nnen, die &#8211; endlich &#8211; anderen erz\u00e4hlen k\u00f6nnen, was mit ihnen geschehen ist. Ihnen ist der Himmel aufgegangen! Die Schriftgelehrten erz\u00e4hlen derweil immer noch von Beelzebub &#8211; als ob der noch Macht h\u00e4tte. \u00dcbrigens, was zum Schmunzeln: Beelzebul ist der Herr &#8211; der Fliegen.<\/p>\n\n\n\n<h3 class=\"wp-block-heading\"><em>HERAUSRUFEN<\/em><\/h3>\n\n\n\n<p class=\"wp-block-paragraph\">Bevor wir an das Ende dieser abenteuerlichen Geschichte kommen, sehen wir vor dem Haus: Maria, die Br\u00fcder. Anverwandte nennen wir sie. Familie. Von ihnen erz\u00e4hlt der Evangelist, dass sie Jesus herausrufen. Viele Leute sind da, h\u00f6ren mit, sehen zu. Einzelheiten erz\u00e4hlt der Evangelist nicht. Nur: Jesus kommt nicht heraus. Wir bekommen mit, wie Jesus seine Familie neu definiert: alle, die den Willen Gottes tun, sind f\u00fcr ihn Bruder &#8211; und Schwester &#8211; und Mutter. Was nicht direkt ausgesprochen, aber gemeint ist: Ich soll zu dieser Familie geh\u00f6ren.<br \/><br \/>Langsam geht mir auf, warum der Evangelist diese Geschichte so erz\u00e4hlt: Gott will, dass die b\u00f6sen Geister vertrieben werden &#8211; um sein Reich aufzurichten. Jesus wird daf\u00fcr in den Tod gehen. Ob seine Familie ihn sch\u00fctzen will? Ob alle wissen, wohin der Weg geht, den Jesus einschl\u00e4gt? Ob seine Mutter Angst um ihn hat? Am Ende sehen wir sie unter dem Kreuz stehen. Heraus l\u00e4sst sich Jesus nicht rufen. Er bleibt an seinem Ort, auf seinem Weg, in seiner Berufung. Wir h\u00f6ren ihn sagen &#8211; von Anfang an: Kehrt um &#8211; das Reich Gottes ist nahe. Die ersten, die das zu sp\u00fcren bekommen, sind die b\u00f6sen Geister &#8211; die zweiten: Jesu Familie.<br \/><br \/>Wenn es darum geht, die Geister, die die Welt beherrschen, auszutreiben &#8211; wird es ohne Streit, auch ohne Missverst\u00e4ndnisse nicht abgehen. Dass sogar die engste Familie Jesu keinen anderen Rat wei\u00df, als ihn f\u00fcr verr\u00fcckt zu erkl\u00e4ren, mag befremden, fromme Ohren st\u00f6ren, Entt\u00e4uschungen provozieren, aber: ich bin dankbar, dass der Evangelist das erz\u00e4hlt!<br \/><br \/>Die Geschichte Jesu hat sehr menschliche Seiten &#8211; um die g\u00f6ttlichen ebenso klar wie machtvoll aufleuchten zu lassen. Aus der &#8211; zugegeben &#8211; etwas d\u00fcmmlichen Bef\u00fcrchtung, in der Zeitung k\u00f6nnte stehen &#8222;Zoff in der Heiligen Familie&#8220; entsteht eine Schlagzeile, auf die alle Welt wartet: D\u00e4monen vertrieben!<br \/>Jetzt wei\u00df ich, wo ich dran bin.<\/p>\n\n\n\n<p class=\"has-text-align-left wp-block-paragraph\">Ich wei\u00df auch, was ich zu tun habe &#8211; als Bruder, als Schwester Jesu. Amen.<br \/><\/p>\n\n\n\n<p class=\"has-text-align-right wp-block-paragraph\"><br \/><br \/>Ordensgeistlicher Matthias David<\/p>\n","protected":false},"excerpt":{"rendered":"<p>(zum 10. Sonntag im Jahreskreis Mk 3,20 &#8211; 35) ZOFF IN DER HEILIGEN FAMILIE H\u00f6r&#8216; ich recht? Das h\u00f6rt sich nach Streit an &#8211; Streit in der Familie Jesu. Der Evangelist erz\u00e4hlt tats\u00e4chlich, dass die Angeh\u00f6rigen Jesus zur\u00fcckholen wollen. Begr\u00fcndung: Er sei von Sinnen. Ihre Einsch\u00e4tzung deckt sich sogar mit\u2026<\/p>\n<p> <a class=\"continue-reading-link\" href=\"https:\/\/tempelherrenorden.de\/cms\/wenn-das-reich-gottes-nahe-ist\/\"><span>Artikel lesen<\/span><i class=\"crycon-right-dir\"><\/i><\/a> <\/p>\n","protected":false},"author":10,"featured_media":0,"comment_status":"closed","ping_status":"closed","sticky":false,"template":"","format":"standard","meta":{"_crdt_document":"","jetpack_post_was_ever_published":false,"_jetpack_newsletter_access":"","_jetpack_dont_email_post_to_subs":false,"_jetpack_newsletter_tier_id":0,"_jetpack_memberships_contains_paywalled_content":false,"_jetpack_memberships_contains_paid_content":false,"footnotes":""},"categories":[1],"tags":[134,92,45,44],"class_list":["post-4285","post","type-post","status-publish","format-standard","hentry","category-allgemein","tag-matthias-david","tag-predigt","tag-tempelritter","tag-templer"],"yoast_head":"<!-- This site is optimized with the Yoast SEO plugin v27.4 - https:\/\/yoast.com\/product\/yoast-seo-wordpress\/ -->\n<title>WENN DAS REICH GOTTES NAHE IST &#8226; Deutscher Tempelherren-Orden<\/title>\n<meta name=\"robots\" content=\"index, follow, max-snippet:-1, max-image-preview:large, max-video-preview:-1\" \/>\n<link rel=\"canonical\" href=\"https:\/\/tempelherrenorden.de\/cms\/wenn-das-reich-gottes-nahe-ist\/\" \/>\n<meta property=\"og:locale\" content=\"de_DE\" \/>\n<meta property=\"og:type\" content=\"article\" \/>\n<meta property=\"og:title\" content=\"WENN DAS REICH GOTTES NAHE IST &#8226; Deutscher Tempelherren-Orden\" \/>\n<meta property=\"og:description\" content=\"(zum 10. Sonntag im Jahreskreis Mk 3,20 &#8211; 35) ZOFF IN DER HEILIGEN FAMILIE H\u00f6r&#8216; ich recht? Das h\u00f6rt sich nach Streit an &#8211; Streit in der Familie Jesu. Der Evangelist erz\u00e4hlt tats\u00e4chlich, dass die Angeh\u00f6rigen Jesus zur\u00fcckholen wollen. Begr\u00fcndung: Er sei von Sinnen. Ihre Einsch\u00e4tzung deckt sich sogar mit\u2026 Artikel lesen\" \/>\n<meta property=\"og:url\" content=\"https:\/\/tempelherrenorden.de\/cms\/wenn-das-reich-gottes-nahe-ist\/\" \/>\n<meta property=\"og:site_name\" content=\"Deutscher Tempelherren-Orden\" \/>\n<meta property=\"article:publisher\" content=\"https:\/\/www.facebook.com\/Deutscher-Tempelherren-Orden-OMCT-2054469481490772\/\" \/>\n<meta property=\"article:published_time\" content=\"2021-06-05T18:51:59+00:00\" \/>\n<meta name=\"author\" content=\"Redaktion\" \/>\n<meta name=\"twitter:card\" content=\"summary_large_image\" \/>\n<meta name=\"twitter:label1\" content=\"Verfasst von\" \/>\n\t<meta name=\"twitter:data1\" content=\"Redaktion\" \/>\n\t<meta name=\"twitter:label2\" content=\"Gesch\u00e4tzte Lesezeit\" \/>\n\t<meta name=\"twitter:data2\" content=\"6\u00a0Minuten\" \/>\n<script type=\"application\/ld+json\" class=\"yoast-schema-graph\">{\"@context\":\"https:\\\/\\\/schema.org\",\"@graph\":[{\"@type\":\"Article\",\"@id\":\"https:\\\/\\\/tempelherrenorden.de\\\/cms\\\/wenn-das-reich-gottes-nahe-ist\\\/#article\",\"isPartOf\":{\"@id\":\"https:\\\/\\\/tempelherrenorden.de\\\/cms\\\/wenn-das-reich-gottes-nahe-ist\\\/\"},\"author\":{\"name\":\"Redaktion\",\"@id\":\"https:\\\/\\\/tempelherrenorden.de\\\/cms\\\/#\\\/schema\\\/person\\\/c4b556c7412791f0ed2d6851086be4aa\"},\"headline\":\"WENN DAS REICH GOTTES NAHE IST\",\"datePublished\":\"2021-06-05T18:51:59+00:00\",\"mainEntityOfPage\":{\"@id\":\"https:\\\/\\\/tempelherrenorden.de\\\/cms\\\/wenn-das-reich-gottes-nahe-ist\\\/\"},\"wordCount\":1146,\"publisher\":{\"@id\":\"https:\\\/\\\/tempelherrenorden.de\\\/cms\\\/#organization\"},\"keywords\":[\"Matthias David\",\"Predigt\",\"Tempelritter\",\"Templer\"],\"inLanguage\":\"de\"},{\"@type\":\"WebPage\",\"@id\":\"https:\\\/\\\/tempelherrenorden.de\\\/cms\\\/wenn-das-reich-gottes-nahe-ist\\\/\",\"url\":\"https:\\\/\\\/tempelherrenorden.de\\\/cms\\\/wenn-das-reich-gottes-nahe-ist\\\/\",\"name\":\"WENN DAS REICH GOTTES NAHE IST &#8226; Deutscher Tempelherren-Orden\",\"isPartOf\":{\"@id\":\"https:\\\/\\\/tempelherrenorden.de\\\/cms\\\/#website\"},\"datePublished\":\"2021-06-05T18:51:59+00:00\",\"breadcrumb\":{\"@id\":\"https:\\\/\\\/tempelherrenorden.de\\\/cms\\\/wenn-das-reich-gottes-nahe-ist\\\/#breadcrumb\"},\"inLanguage\":\"de\",\"potentialAction\":[{\"@type\":\"ReadAction\",\"target\":[\"https:\\\/\\\/tempelherrenorden.de\\\/cms\\\/wenn-das-reich-gottes-nahe-ist\\\/\"]}]},{\"@type\":\"BreadcrumbList\",\"@id\":\"https:\\\/\\\/tempelherrenorden.de\\\/cms\\\/wenn-das-reich-gottes-nahe-ist\\\/#breadcrumb\",\"itemListElement\":[{\"@type\":\"ListItem\",\"position\":1,\"name\":\"Startseite\",\"item\":\"https:\\\/\\\/tempelherrenorden.de\\\/cms\\\/\"},{\"@type\":\"ListItem\",\"position\":2,\"name\":\"WENN DAS REICH GOTTES NAHE IST\"}]},{\"@type\":\"WebSite\",\"@id\":\"https:\\\/\\\/tempelherrenorden.de\\\/cms\\\/#website\",\"url\":\"https:\\\/\\\/tempelherrenorden.de\\\/cms\\\/\",\"name\":\"Deutscher Tempelherren-Orden\",\"description\":\"\",\"publisher\":{\"@id\":\"https:\\\/\\\/tempelherrenorden.de\\\/cms\\\/#organization\"},\"potentialAction\":[{\"@type\":\"SearchAction\",\"target\":{\"@type\":\"EntryPoint\",\"urlTemplate\":\"https:\\\/\\\/tempelherrenorden.de\\\/cms\\\/?s={search_term_string}\"},\"query-input\":{\"@type\":\"PropertyValueSpecification\",\"valueRequired\":true,\"valueName\":\"search_term_string\"}}],\"inLanguage\":\"de\"},{\"@type\":\"Organization\",\"@id\":\"https:\\\/\\\/tempelherrenorden.de\\\/cms\\\/#organization\",\"name\":\"Deutscher Tempelherren-Orden OMCT e.V.\",\"url\":\"https:\\\/\\\/tempelherrenorden.de\\\/cms\\\/\",\"logo\":{\"@type\":\"ImageObject\",\"inLanguage\":\"de\",\"@id\":\"https:\\\/\\\/tempelherrenorden.de\\\/cms\\\/#\\\/schema\\\/logo\\\/image\\\/\",\"url\":\"https:\\\/\\\/i0.wp.com\\\/tempelherrenorden.de\\\/cms\\\/wp-content\\\/uploads\\\/2018\\\/01\\\/OMCT-Wappen.jpg?fit=997%2C1198&ssl=1\",\"contentUrl\":\"https:\\\/\\\/i0.wp.com\\\/tempelherrenorden.de\\\/cms\\\/wp-content\\\/uploads\\\/2018\\\/01\\\/OMCT-Wappen.jpg?fit=997%2C1198&ssl=1\",\"width\":997,\"height\":1198,\"caption\":\"Deutscher Tempelherren-Orden OMCT e.V.\"},\"image\":{\"@id\":\"https:\\\/\\\/tempelherrenorden.de\\\/cms\\\/#\\\/schema\\\/logo\\\/image\\\/\"},\"sameAs\":[\"https:\\\/\\\/www.facebook.com\\\/Deutscher-Tempelherren-Orden-OMCT-2054469481490772\\\/\"]},{\"@type\":\"Person\",\"@id\":\"https:\\\/\\\/tempelherrenorden.de\\\/cms\\\/#\\\/schema\\\/person\\\/c4b556c7412791f0ed2d6851086be4aa\",\"name\":\"Redaktion\",\"image\":{\"@type\":\"ImageObject\",\"inLanguage\":\"de\",\"@id\":\"https:\\\/\\\/secure.gravatar.com\\\/avatar\\\/4ed839132852af2d0905f18562e70ba28d4d5c2fa1196284813995a27f534319?s=96&d=mm&r=g\",\"url\":\"https:\\\/\\\/secure.gravatar.com\\\/avatar\\\/4ed839132852af2d0905f18562e70ba28d4d5c2fa1196284813995a27f534319?s=96&d=mm&r=g\",\"contentUrl\":\"https:\\\/\\\/secure.gravatar.com\\\/avatar\\\/4ed839132852af2d0905f18562e70ba28d4d5c2fa1196284813995a27f534319?s=96&d=mm&r=g\",\"caption\":\"Redaktion\"},\"url\":\"https:\\\/\\\/tempelherrenorden.de\\\/cms\\\/author\\\/redaktion\\\/\"}]}<\/script>\n<!-- \/ Yoast SEO plugin. -->","yoast_head_json":{"title":"WENN DAS REICH GOTTES NAHE IST &#8226; Deutscher Tempelherren-Orden","robots":{"index":"index","follow":"follow","max-snippet":"max-snippet:-1","max-image-preview":"max-image-preview:large","max-video-preview":"max-video-preview:-1"},"canonical":"https:\/\/tempelherrenorden.de\/cms\/wenn-das-reich-gottes-nahe-ist\/","og_locale":"de_DE","og_type":"article","og_title":"WENN DAS REICH GOTTES NAHE IST &#8226; Deutscher Tempelherren-Orden","og_description":"(zum 10. Sonntag im Jahreskreis Mk 3,20 &#8211; 35) ZOFF IN DER HEILIGEN FAMILIE H\u00f6r&#8216; ich recht? Das h\u00f6rt sich nach Streit an &#8211; Streit in der Familie Jesu. Der Evangelist erz\u00e4hlt tats\u00e4chlich, dass die Angeh\u00f6rigen Jesus zur\u00fcckholen wollen. Begr\u00fcndung: Er sei von Sinnen. Ihre Einsch\u00e4tzung deckt sich sogar mit\u2026 Artikel lesen","og_url":"https:\/\/tempelherrenorden.de\/cms\/wenn-das-reich-gottes-nahe-ist\/","og_site_name":"Deutscher Tempelherren-Orden","article_publisher":"https:\/\/www.facebook.com\/Deutscher-Tempelherren-Orden-OMCT-2054469481490772\/","article_published_time":"2021-06-05T18:51:59+00:00","author":"Redaktion","twitter_card":"summary_large_image","twitter_misc":{"Verfasst von":"Redaktion","Gesch\u00e4tzte Lesezeit":"6\u00a0Minuten"},"schema":{"@context":"https:\/\/schema.org","@graph":[{"@type":"Article","@id":"https:\/\/tempelherrenorden.de\/cms\/wenn-das-reich-gottes-nahe-ist\/#article","isPartOf":{"@id":"https:\/\/tempelherrenorden.de\/cms\/wenn-das-reich-gottes-nahe-ist\/"},"author":{"name":"Redaktion","@id":"https:\/\/tempelherrenorden.de\/cms\/#\/schema\/person\/c4b556c7412791f0ed2d6851086be4aa"},"headline":"WENN DAS REICH GOTTES NAHE IST","datePublished":"2021-06-05T18:51:59+00:00","mainEntityOfPage":{"@id":"https:\/\/tempelherrenorden.de\/cms\/wenn-das-reich-gottes-nahe-ist\/"},"wordCount":1146,"publisher":{"@id":"https:\/\/tempelherrenorden.de\/cms\/#organization"},"keywords":["Matthias David","Predigt","Tempelritter","Templer"],"inLanguage":"de"},{"@type":"WebPage","@id":"https:\/\/tempelherrenorden.de\/cms\/wenn-das-reich-gottes-nahe-ist\/","url":"https:\/\/tempelherrenorden.de\/cms\/wenn-das-reich-gottes-nahe-ist\/","name":"WENN DAS REICH GOTTES NAHE IST &#8226; Deutscher Tempelherren-Orden","isPartOf":{"@id":"https:\/\/tempelherrenorden.de\/cms\/#website"},"datePublished":"2021-06-05T18:51:59+00:00","breadcrumb":{"@id":"https:\/\/tempelherrenorden.de\/cms\/wenn-das-reich-gottes-nahe-ist\/#breadcrumb"},"inLanguage":"de","potentialAction":[{"@type":"ReadAction","target":["https:\/\/tempelherrenorden.de\/cms\/wenn-das-reich-gottes-nahe-ist\/"]}]},{"@type":"BreadcrumbList","@id":"https:\/\/tempelherrenorden.de\/cms\/wenn-das-reich-gottes-nahe-ist\/#breadcrumb","itemListElement":[{"@type":"ListItem","position":1,"name":"Startseite","item":"https:\/\/tempelherrenorden.de\/cms\/"},{"@type":"ListItem","position":2,"name":"WENN DAS REICH GOTTES NAHE IST"}]},{"@type":"WebSite","@id":"https:\/\/tempelherrenorden.de\/cms\/#website","url":"https:\/\/tempelherrenorden.de\/cms\/","name":"Deutscher Tempelherren-Orden","description":"","publisher":{"@id":"https:\/\/tempelherrenorden.de\/cms\/#organization"},"potentialAction":[{"@type":"SearchAction","target":{"@type":"EntryPoint","urlTemplate":"https:\/\/tempelherrenorden.de\/cms\/?s={search_term_string}"},"query-input":{"@type":"PropertyValueSpecification","valueRequired":true,"valueName":"search_term_string"}}],"inLanguage":"de"},{"@type":"Organization","@id":"https:\/\/tempelherrenorden.de\/cms\/#organization","name":"Deutscher Tempelherren-Orden OMCT e.V.","url":"https:\/\/tempelherrenorden.de\/cms\/","logo":{"@type":"ImageObject","inLanguage":"de","@id":"https:\/\/tempelherrenorden.de\/cms\/#\/schema\/logo\/image\/","url":"https:\/\/i0.wp.com\/tempelherrenorden.de\/cms\/wp-content\/uploads\/2018\/01\/OMCT-Wappen.jpg?fit=997%2C1198&ssl=1","contentUrl":"https:\/\/i0.wp.com\/tempelherrenorden.de\/cms\/wp-content\/uploads\/2018\/01\/OMCT-Wappen.jpg?fit=997%2C1198&ssl=1","width":997,"height":1198,"caption":"Deutscher Tempelherren-Orden OMCT e.V."},"image":{"@id":"https:\/\/tempelherrenorden.de\/cms\/#\/schema\/logo\/image\/"},"sameAs":["https:\/\/www.facebook.com\/Deutscher-Tempelherren-Orden-OMCT-2054469481490772\/"]},{"@type":"Person","@id":"https:\/\/tempelherrenorden.de\/cms\/#\/schema\/person\/c4b556c7412791f0ed2d6851086be4aa","name":"Redaktion","image":{"@type":"ImageObject","inLanguage":"de","@id":"https:\/\/secure.gravatar.com\/avatar\/4ed839132852af2d0905f18562e70ba28d4d5c2fa1196284813995a27f534319?s=96&d=mm&r=g","url":"https:\/\/secure.gravatar.com\/avatar\/4ed839132852af2d0905f18562e70ba28d4d5c2fa1196284813995a27f534319?s=96&d=mm&r=g","contentUrl":"https:\/\/secure.gravatar.com\/avatar\/4ed839132852af2d0905f18562e70ba28d4d5c2fa1196284813995a27f534319?s=96&d=mm&r=g","caption":"Redaktion"},"url":"https:\/\/tempelherrenorden.de\/cms\/author\/redaktion\/"}]}},"jetpack_featured_media_url":"","jetpack_shortlink":"https:\/\/wp.me\/p5yQvL-177","jetpack_sharing_enabled":true,"_links":{"self":[{"href":"https:\/\/tempelherrenorden.de\/cms\/wp-json\/wp\/v2\/posts\/4285","targetHints":{"allow":["GET"]}}],"collection":[{"href":"https:\/\/tempelherrenorden.de\/cms\/wp-json\/wp\/v2\/posts"}],"about":[{"href":"https:\/\/tempelherrenorden.de\/cms\/wp-json\/wp\/v2\/types\/post"}],"author":[{"embeddable":true,"href":"https:\/\/tempelherrenorden.de\/cms\/wp-json\/wp\/v2\/users\/10"}],"replies":[{"embeddable":true,"href":"https:\/\/tempelherrenorden.de\/cms\/wp-json\/wp\/v2\/comments?post=4285"}],"version-history":[{"count":1,"href":"https:\/\/tempelherrenorden.de\/cms\/wp-json\/wp\/v2\/posts\/4285\/revisions"}],"predecessor-version":[{"id":4286,"href":"https:\/\/tempelherrenorden.de\/cms\/wp-json\/wp\/v2\/posts\/4285\/revisions\/4286"}],"wp:attachment":[{"href":"https:\/\/tempelherrenorden.de\/cms\/wp-json\/wp\/v2\/media?parent=4285"}],"wp:term":[{"taxonomy":"category","embeddable":true,"href":"https:\/\/tempelherrenorden.de\/cms\/wp-json\/wp\/v2\/categories?post=4285"},{"taxonomy":"post_tag","embeddable":true,"href":"https:\/\/tempelherrenorden.de\/cms\/wp-json\/wp\/v2\/tags?post=4285"}],"curies":[{"name":"wp","href":"https:\/\/api.w.org\/{rel}","templated":true}]}}