{"id":4328,"date":"2021-08-17T09:00:00","date_gmt":"2021-08-17T07:00:00","guid":{"rendered":"https:\/\/tempelherrenorden.de\/cms\/?p=4328"},"modified":"2021-08-14T19:50:41","modified_gmt":"2021-08-14T17:50:41","slug":"sommergruesse-der-komturei-johanna-von-orleans-2","status":"publish","type":"post","link":"https:\/\/tempelherrenorden.de\/cms\/sommergruesse-der-komturei-johanna-von-orleans-2\/","title":{"rendered":"Sommergr\u00fc\u00dfe der Komturei Johanna von Orleans"},"content":{"rendered":"\n<!--more-->\n\n\n\n<h2 class=\"has-text-align-center wp-block-heading\">Urlaub dahoam <\/h2>\n\n\n\n<blockquote class=\"wp-block-quote is-layout-flow wp-block-quote-is-layout-flow\"><p>Summer is, und es is so weit,\u00a0<\/p><p>da\u00df kimmt die sch\u00f6ne Urlaubszeit.<\/p><p>Wo fahr ma denn des Jahr grad hi?<\/p><p>I heuer gar net aufglegt bi!<\/p><p>Jetz, wo ma endlich Summer habn,<\/p><p>solln mir en S\u00fcdn abefahrn!<\/p><p>Woa\u00dft wos? I moan, mir bleibn gar da!<\/p><p>Mir habn&#8217;s bei ins soo sch\u00f6n, sag &#8222;Ja&#8220;!<\/p><p>Mir k\u00f6nnan schwimma, Radl fahrn,<\/p><p>tan uns dabei nu eppas sparn.<\/p><p>Mog i net kochn, gehn ma essn,<\/p><p>drau\u00dft auf die Liegn la\u00dft&#8217;s si&#8217;s fein lesn.<\/p><p>Am Abnd dann bei Kerznschein<\/p><p>schenk ins a Glaserl Rotwein ein,<\/p><p>dazua romantische Musik,<\/p><p>was fehlt do nu zu unserem Gl\u00fcck?<\/p><p>Mir liegn entspannt auf der Terrassn,<\/p><p>schaugn, wia de Fliager dahinroasn,<\/p><p>und denkn uns: &#8222;Mei, geht&#8217;s ins guat!<\/p><p>Da haun ma auf de Fremd&#8216; an Huat!&#8220;\u00a0<\/p><cite>von Renate Dillersberger, Thiersee, \u00d6sterreich<\/cite><\/blockquote>\n\n\n\n<p class=\"wp-block-paragraph\"><\/p>\n\n\n\n<p class=\"wp-block-paragraph\"><\/p>\n\n\n\n<p class=\"wp-block-paragraph\">Liebe Ordensschwestern, liebe Ordensbr\u00fcder, liebe Postulanten, liebe Postulantinnen, liebe Freunde und F\u00f6rderer unseres Ordens,&nbsp;liebe Ordensgeschwister,<\/p>\n\n\n\n<p class=\"wp-block-paragraph\"><strong>Ferien und Ruhe<\/strong><\/p>\n\n\n\n<p class=\"wp-block-paragraph\">gehen nicht immer Hand in Hand. Im Gegenteil.<\/p>\n\n\n\n<p class=\"wp-block-paragraph\">Manche Menschen scheinen gerade in der arbeitsfreien Zeit noch &#8222;einen Zahn zulegen zu wollen&#8220;. Etwas zu erleben oder Neues zu entdecken, sind verst\u00e4ndliche W\u00fcnsche &#8211; doch sei allen ein Ratschlag des chinesischen Philosophen Laotse an Herz gelegt:&nbsp;<\/p>\n\n\n\n<p class=\"wp-block-paragraph\"><em>&#8222;G\u00f6nne dir einen Augenblick der Ruhe und du begreifst, wie n\u00e4rrisch du umhergehastet bist&#8220;:<\/em><\/p>\n\n\n\n<p class=\"wp-block-paragraph\"><\/p>\n\n\n\n<p class=\"wp-block-paragraph\">Liebe Ordensgeschwister,von Herzen w\u00fcnsche ich Euch eine gute und erholsame Ferienzeit. Allen Reisenden (soweit in Corona-Zeiten m\u00f6glich!) neue tiefe Eindr\u00fccke und friedliche Erlebnisse, den Daheimgebliebenen Gottes Segen, den Kranken Kraft und Trost und uns allen ein gl\u00fcckliches Wiedersehen!<\/p>\n\n\n\n<p class=\"wp-block-paragraph\">Beh\u00fct\u2018 Euch Gott! &nbsp;Euch liebe Ordensgeschwister und Euren Familien Gottes reichen Segen.NND&nbsp;<\/p>\n\n\n\n<p class=\"wp-block-paragraph\"><\/p>\n\n\n\n<p class=\"wp-block-paragraph\">Mit templerischen \/ ordensb\u00fcrderlichen Gr\u00fc\u00dfen<\/p>\n\n\n\n<p class=\"wp-block-paragraph\">Euer s\u00fcdlichster Ordensbruder\u00a0Klaus &#8211; Komtur &#8211;\u00a0Komturei Johanna-von-Orl\u00e9ans,<\/p>\n\n\n\n<p class=\"wp-block-paragraph\">Deutscher Tempelherren-Orden, ORDO MILITIAE CRUCIS TEMPLI (OMCT) &nbsp;&nbsp;<\/p>\n","protected":false},"excerpt":{"rendered":"<p> <a class=\"continue-reading-link\" href=\"https:\/\/tempelherrenorden.de\/cms\/sommergruesse-der-komturei-johanna-von-orleans-2\/\"><span>Artikel lesen<\/span><i class=\"crycon-right-dir\"><\/i><\/a> <\/p>\n","protected":false},"author":10,"featured_media":0,"comment_status":"closed","ping_status":"closed","sticky":false,"template":"","format":"standard","meta":{"_crdt_document":"","jetpack_post_was_ever_published":false,"_jetpack_newsletter_access":"","_jetpack_dont_email_post_to_subs":false,"_jetpack_newsletter_tier_id":0,"_jetpack_memberships_contains_paywalled_content":false,"_jetpack_memberships_contains_paid_content":false,"footnotes":""},"categories":[1,38],"tags":[110,160,49,45,44],"class_list":["post-4328","post","type-post","status-publish","format-standard","hentry","category-allgemein","category-johanna","tag-bayern","tag-johanna-von-orleans-2","tag-komturei","tag-tempelritter","tag-templer"],"yoast_head":"<!-- This site is optimized with the Yoast SEO plugin v27.4 - https:\/\/yoast.com\/product\/yoast-seo-wordpress\/ -->\n<title>Sommergr\u00fc\u00dfe der Komturei Johanna von Orleans &#8226; Deutscher Tempelherren-Orden<\/title>\n<meta name=\"robots\" content=\"index, follow, max-snippet:-1, max-image-preview:large, max-video-preview:-1\" \/>\n<link rel=\"canonical\" href=\"https:\/\/tempelherrenorden.de\/cms\/sommergruesse-der-komturei-johanna-von-orleans-2\/\" \/>\n<meta property=\"og:locale\" content=\"de_DE\" \/>\n<meta property=\"og:type\" content=\"article\" \/>\n<meta property=\"og:title\" content=\"Sommergr\u00fc\u00dfe der Komturei Johanna von Orleans &#8226; Deutscher Tempelherren-Orden\" \/>\n<meta property=\"og:description\" content=\"Artikel lesen\" \/>\n<meta property=\"og:url\" content=\"https:\/\/tempelherrenorden.de\/cms\/sommergruesse-der-komturei-johanna-von-orleans-2\/\" \/>\n<meta property=\"og:site_name\" content=\"Deutscher Tempelherren-Orden\" \/>\n<meta property=\"article:publisher\" content=\"https:\/\/www.facebook.com\/Deutscher-Tempelherren-Orden-OMCT-2054469481490772\/\" \/>\n<meta property=\"article:published_time\" content=\"2021-08-17T07:00:00+00:00\" \/>\n<meta name=\"author\" content=\"Redaktion\" \/>\n<meta name=\"twitter:card\" content=\"summary_large_image\" \/>\n<meta name=\"twitter:label1\" content=\"Verfasst von\" \/>\n\t<meta name=\"twitter:data1\" content=\"Redaktion\" \/>\n\t<meta name=\"twitter:label2\" content=\"Gesch\u00e4tzte Lesezeit\" \/>\n\t<meta name=\"twitter:data2\" content=\"2\u00a0Minuten\" \/>\n<script type=\"application\/ld+json\" class=\"yoast-schema-graph\">{\"@context\":\"https:\\\/\\\/schema.org\",\"@graph\":[{\"@type\":\"Article\",\"@id\":\"https:\\\/\\\/tempelherrenorden.de\\\/cms\\\/sommergruesse-der-komturei-johanna-von-orleans-2\\\/#article\",\"isPartOf\":{\"@id\":\"https:\\\/\\\/tempelherrenorden.de\\\/cms\\\/sommergruesse-der-komturei-johanna-von-orleans-2\\\/\"},\"author\":{\"name\":\"Redaktion\",\"@id\":\"https:\\\/\\\/tempelherrenorden.de\\\/cms\\\/#\\\/schema\\\/person\\\/c4b556c7412791f0ed2d6851086be4aa\"},\"headline\":\"Sommergr\u00fc\u00dfe der Komturei Johanna von Orleans\",\"datePublished\":\"2021-08-17T07:00:00+00:00\",\"mainEntityOfPage\":{\"@id\":\"https:\\\/\\\/tempelherrenorden.de\\\/cms\\\/sommergruesse-der-komturei-johanna-von-orleans-2\\\/\"},\"wordCount\":319,\"publisher\":{\"@id\":\"https:\\\/\\\/tempelherrenorden.de\\\/cms\\\/#organization\"},\"keywords\":[\"Bayern\",\"Johanna von Orleans\",\"Komturei\",\"Tempelritter\",\"Templer\"],\"articleSection\":{\"1\":\"Komturei Johanna von Orl\u00e9ans\"},\"inLanguage\":\"de\"},{\"@type\":\"WebPage\",\"@id\":\"https:\\\/\\\/tempelherrenorden.de\\\/cms\\\/sommergruesse-der-komturei-johanna-von-orleans-2\\\/\",\"url\":\"https:\\\/\\\/tempelherrenorden.de\\\/cms\\\/sommergruesse-der-komturei-johanna-von-orleans-2\\\/\",\"name\":\"Sommergr\u00fc\u00dfe der Komturei Johanna von Orleans &#8226; Deutscher Tempelherren-Orden\",\"isPartOf\":{\"@id\":\"https:\\\/\\\/tempelherrenorden.de\\\/cms\\\/#website\"},\"datePublished\":\"2021-08-17T07:00:00+00:00\",\"breadcrumb\":{\"@id\":\"https:\\\/\\\/tempelherrenorden.de\\\/cms\\\/sommergruesse-der-komturei-johanna-von-orleans-2\\\/#breadcrumb\"},\"inLanguage\":\"de\",\"potentialAction\":[{\"@type\":\"ReadAction\",\"target\":[\"https:\\\/\\\/tempelherrenorden.de\\\/cms\\\/sommergruesse-der-komturei-johanna-von-orleans-2\\\/\"]}]},{\"@type\":\"BreadcrumbList\",\"@id\":\"https:\\\/\\\/tempelherrenorden.de\\\/cms\\\/sommergruesse-der-komturei-johanna-von-orleans-2\\\/#breadcrumb\",\"itemListElement\":[{\"@type\":\"ListItem\",\"position\":1,\"name\":\"Startseite\",\"item\":\"https:\\\/\\\/tempelherrenorden.de\\\/cms\\\/\"},{\"@type\":\"ListItem\",\"position\":2,\"name\":\"Sommergr\u00fc\u00dfe der Komturei Johanna von Orleans\"}]},{\"@type\":\"WebSite\",\"@id\":\"https:\\\/\\\/tempelherrenorden.de\\\/cms\\\/#website\",\"url\":\"https:\\\/\\\/tempelherrenorden.de\\\/cms\\\/\",\"name\":\"Deutscher Tempelherren-Orden\",\"description\":\"\",\"publisher\":{\"@id\":\"https:\\\/\\\/tempelherrenorden.de\\\/cms\\\/#organization\"},\"potentialAction\":[{\"@type\":\"SearchAction\",\"target\":{\"@type\":\"EntryPoint\",\"urlTemplate\":\"https:\\\/\\\/tempelherrenorden.de\\\/cms\\\/?s={search_term_string}\"},\"query-input\":{\"@type\":\"PropertyValueSpecification\",\"valueRequired\":true,\"valueName\":\"search_term_string\"}}],\"inLanguage\":\"de\"},{\"@type\":\"Organization\",\"@id\":\"https:\\\/\\\/tempelherrenorden.de\\\/cms\\\/#organization\",\"name\":\"Deutscher Tempelherren-Orden OMCT e.V.\",\"url\":\"https:\\\/\\\/tempelherrenorden.de\\\/cms\\\/\",\"logo\":{\"@type\":\"ImageObject\",\"inLanguage\":\"de\",\"@id\":\"https:\\\/\\\/tempelherrenorden.de\\\/cms\\\/#\\\/schema\\\/logo\\\/image\\\/\",\"url\":\"https:\\\/\\\/i0.wp.com\\\/tempelherrenorden.de\\\/cms\\\/wp-content\\\/uploads\\\/2018\\\/01\\\/OMCT-Wappen.jpg?fit=997%2C1198&ssl=1\",\"contentUrl\":\"https:\\\/\\\/i0.wp.com\\\/tempelherrenorden.de\\\/cms\\\/wp-content\\\/uploads\\\/2018\\\/01\\\/OMCT-Wappen.jpg?fit=997%2C1198&ssl=1\",\"width\":997,\"height\":1198,\"caption\":\"Deutscher Tempelherren-Orden OMCT e.V.\"},\"image\":{\"@id\":\"https:\\\/\\\/tempelherrenorden.de\\\/cms\\\/#\\\/schema\\\/logo\\\/image\\\/\"},\"sameAs\":[\"https:\\\/\\\/www.facebook.com\\\/Deutscher-Tempelherren-Orden-OMCT-2054469481490772\\\/\"]},{\"@type\":\"Person\",\"@id\":\"https:\\\/\\\/tempelherrenorden.de\\\/cms\\\/#\\\/schema\\\/person\\\/c4b556c7412791f0ed2d6851086be4aa\",\"name\":\"Redaktion\",\"image\":{\"@type\":\"ImageObject\",\"inLanguage\":\"de\",\"@id\":\"https:\\\/\\\/secure.gravatar.com\\\/avatar\\\/4ed839132852af2d0905f18562e70ba28d4d5c2fa1196284813995a27f534319?s=96&d=mm&r=g\",\"url\":\"https:\\\/\\\/secure.gravatar.com\\\/avatar\\\/4ed839132852af2d0905f18562e70ba28d4d5c2fa1196284813995a27f534319?s=96&d=mm&r=g\",\"contentUrl\":\"https:\\\/\\\/secure.gravatar.com\\\/avatar\\\/4ed839132852af2d0905f18562e70ba28d4d5c2fa1196284813995a27f534319?s=96&d=mm&r=g\",\"caption\":\"Redaktion\"},\"url\":\"https:\\\/\\\/tempelherrenorden.de\\\/cms\\\/author\\\/redaktion\\\/\"}]}<\/script>\n<!-- \/ Yoast SEO plugin. -->","yoast_head_json":{"title":"Sommergr\u00fc\u00dfe der Komturei Johanna von Orleans &#8226; Deutscher Tempelherren-Orden","robots":{"index":"index","follow":"follow","max-snippet":"max-snippet:-1","max-image-preview":"max-image-preview:large","max-video-preview":"max-video-preview:-1"},"canonical":"https:\/\/tempelherrenorden.de\/cms\/sommergruesse-der-komturei-johanna-von-orleans-2\/","og_locale":"de_DE","og_type":"article","og_title":"Sommergr\u00fc\u00dfe der Komturei Johanna von Orleans &#8226; Deutscher Tempelherren-Orden","og_description":"Artikel lesen","og_url":"https:\/\/tempelherrenorden.de\/cms\/sommergruesse-der-komturei-johanna-von-orleans-2\/","og_site_name":"Deutscher Tempelherren-Orden","article_publisher":"https:\/\/www.facebook.com\/Deutscher-Tempelherren-Orden-OMCT-2054469481490772\/","article_published_time":"2021-08-17T07:00:00+00:00","author":"Redaktion","twitter_card":"summary_large_image","twitter_misc":{"Verfasst von":"Redaktion","Gesch\u00e4tzte Lesezeit":"2\u00a0Minuten"},"schema":{"@context":"https:\/\/schema.org","@graph":[{"@type":"Article","@id":"https:\/\/tempelherrenorden.de\/cms\/sommergruesse-der-komturei-johanna-von-orleans-2\/#article","isPartOf":{"@id":"https:\/\/tempelherrenorden.de\/cms\/sommergruesse-der-komturei-johanna-von-orleans-2\/"},"author":{"name":"Redaktion","@id":"https:\/\/tempelherrenorden.de\/cms\/#\/schema\/person\/c4b556c7412791f0ed2d6851086be4aa"},"headline":"Sommergr\u00fc\u00dfe der Komturei Johanna von Orleans","datePublished":"2021-08-17T07:00:00+00:00","mainEntityOfPage":{"@id":"https:\/\/tempelherrenorden.de\/cms\/sommergruesse-der-komturei-johanna-von-orleans-2\/"},"wordCount":319,"publisher":{"@id":"https:\/\/tempelherrenorden.de\/cms\/#organization"},"keywords":["Bayern","Johanna von Orleans","Komturei","Tempelritter","Templer"],"articleSection":{"1":"Komturei Johanna von Orl\u00e9ans"},"inLanguage":"de"},{"@type":"WebPage","@id":"https:\/\/tempelherrenorden.de\/cms\/sommergruesse-der-komturei-johanna-von-orleans-2\/","url":"https:\/\/tempelherrenorden.de\/cms\/sommergruesse-der-komturei-johanna-von-orleans-2\/","name":"Sommergr\u00fc\u00dfe der Komturei Johanna von Orleans &#8226; Deutscher Tempelherren-Orden","isPartOf":{"@id":"https:\/\/tempelherrenorden.de\/cms\/#website"},"datePublished":"2021-08-17T07:00:00+00:00","breadcrumb":{"@id":"https:\/\/tempelherrenorden.de\/cms\/sommergruesse-der-komturei-johanna-von-orleans-2\/#breadcrumb"},"inLanguage":"de","potentialAction":[{"@type":"ReadAction","target":["https:\/\/tempelherrenorden.de\/cms\/sommergruesse-der-komturei-johanna-von-orleans-2\/"]}]},{"@type":"BreadcrumbList","@id":"https:\/\/tempelherrenorden.de\/cms\/sommergruesse-der-komturei-johanna-von-orleans-2\/#breadcrumb","itemListElement":[{"@type":"ListItem","position":1,"name":"Startseite","item":"https:\/\/tempelherrenorden.de\/cms\/"},{"@type":"ListItem","position":2,"name":"Sommergr\u00fc\u00dfe der Komturei Johanna von Orleans"}]},{"@type":"WebSite","@id":"https:\/\/tempelherrenorden.de\/cms\/#website","url":"https:\/\/tempelherrenorden.de\/cms\/","name":"Deutscher Tempelherren-Orden","description":"","publisher":{"@id":"https:\/\/tempelherrenorden.de\/cms\/#organization"},"potentialAction":[{"@type":"SearchAction","target":{"@type":"EntryPoint","urlTemplate":"https:\/\/tempelherrenorden.de\/cms\/?s={search_term_string}"},"query-input":{"@type":"PropertyValueSpecification","valueRequired":true,"valueName":"search_term_string"}}],"inLanguage":"de"},{"@type":"Organization","@id":"https:\/\/tempelherrenorden.de\/cms\/#organization","name":"Deutscher Tempelherren-Orden OMCT e.V.","url":"https:\/\/tempelherrenorden.de\/cms\/","logo":{"@type":"ImageObject","inLanguage":"de","@id":"https:\/\/tempelherrenorden.de\/cms\/#\/schema\/logo\/image\/","url":"https:\/\/i0.wp.com\/tempelherrenorden.de\/cms\/wp-content\/uploads\/2018\/01\/OMCT-Wappen.jpg?fit=997%2C1198&ssl=1","contentUrl":"https:\/\/i0.wp.com\/tempelherrenorden.de\/cms\/wp-content\/uploads\/2018\/01\/OMCT-Wappen.jpg?fit=997%2C1198&ssl=1","width":997,"height":1198,"caption":"Deutscher Tempelherren-Orden OMCT e.V."},"image":{"@id":"https:\/\/tempelherrenorden.de\/cms\/#\/schema\/logo\/image\/"},"sameAs":["https:\/\/www.facebook.com\/Deutscher-Tempelherren-Orden-OMCT-2054469481490772\/"]},{"@type":"Person","@id":"https:\/\/tempelherrenorden.de\/cms\/#\/schema\/person\/c4b556c7412791f0ed2d6851086be4aa","name":"Redaktion","image":{"@type":"ImageObject","inLanguage":"de","@id":"https:\/\/secure.gravatar.com\/avatar\/4ed839132852af2d0905f18562e70ba28d4d5c2fa1196284813995a27f534319?s=96&d=mm&r=g","url":"https:\/\/secure.gravatar.com\/avatar\/4ed839132852af2d0905f18562e70ba28d4d5c2fa1196284813995a27f534319?s=96&d=mm&r=g","contentUrl":"https:\/\/secure.gravatar.com\/avatar\/4ed839132852af2d0905f18562e70ba28d4d5c2fa1196284813995a27f534319?s=96&d=mm&r=g","caption":"Redaktion"},"url":"https:\/\/tempelherrenorden.de\/cms\/author\/redaktion\/"}]}},"jetpack_featured_media_url":"","jetpack_shortlink":"https:\/\/wp.me\/p5yQvL-17O","jetpack_sharing_enabled":true,"_links":{"self":[{"href":"https:\/\/tempelherrenorden.de\/cms\/wp-json\/wp\/v2\/posts\/4328","targetHints":{"allow":["GET"]}}],"collection":[{"href":"https:\/\/tempelherrenorden.de\/cms\/wp-json\/wp\/v2\/posts"}],"about":[{"href":"https:\/\/tempelherrenorden.de\/cms\/wp-json\/wp\/v2\/types\/post"}],"author":[{"embeddable":true,"href":"https:\/\/tempelherrenorden.de\/cms\/wp-json\/wp\/v2\/users\/10"}],"replies":[{"embeddable":true,"href":"https:\/\/tempelherrenorden.de\/cms\/wp-json\/wp\/v2\/comments?post=4328"}],"version-history":[{"count":2,"href":"https:\/\/tempelherrenorden.de\/cms\/wp-json\/wp\/v2\/posts\/4328\/revisions"}],"predecessor-version":[{"id":4330,"href":"https:\/\/tempelherrenorden.de\/cms\/wp-json\/wp\/v2\/posts\/4328\/revisions\/4330"}],"wp:attachment":[{"href":"https:\/\/tempelherrenorden.de\/cms\/wp-json\/wp\/v2\/media?parent=4328"}],"wp:term":[{"taxonomy":"category","embeddable":true,"href":"https:\/\/tempelherrenorden.de\/cms\/wp-json\/wp\/v2\/categories?post=4328"},{"taxonomy":"post_tag","embeddable":true,"href":"https:\/\/tempelherrenorden.de\/cms\/wp-json\/wp\/v2\/tags?post=4328"}],"curies":[{"name":"wp","href":"https:\/\/api.w.org\/{rel}","templated":true}]}}