{"id":4447,"date":"2022-01-01T19:08:32","date_gmt":"2022-01-01T18:08:32","guid":{"rendered":"https:\/\/tempelherrenorden.de\/cms\/?p=4447"},"modified":"2022-01-01T19:08:33","modified_gmt":"2022-01-01T18:08:33","slug":"weihnachten-einander-spueren-lassen","status":"publish","type":"post","link":"https:\/\/tempelherrenorden.de\/cms\/weihnachten-einander-spueren-lassen\/","title":{"rendered":"<strong>WEIHNACHTEN EINANDER SP\u00dcREN LASSEN<\/strong>"},"content":{"rendered":"\n<p class=\"wp-block-paragraph\">Predigtgedanken zum 2. Sonntag nach Weihnachten (Joh 1,1 &#8211; 18)<\/p>\n\n\n\n<p class=\"wp-block-paragraph\">Weihnachten ist ein Fest der N\u00e4he Gottes. Wie k\u00f6nnen wir einander diese N\u00e4he sp\u00fcren lassen, wenn wir einander nicht nahekommen d\u00fcrfen? Die Coronabeschr\u00e4nkungen haben viele neue Wege und Ausdrucksformen finden lassen. Auch im Bereich des Glaubens gilt es Neues zu probieren, um unsere Freude \u00fcber das Nahesein Gottes zu zeigen und einander sp\u00fcren zu lassen.<\/p>\n\n\n\n<!--more-->\n\n\n\n<h3 class=\"wp-block-heading\" id=\"weihnachten-auf-abstand\"><em>WEIHNACHTEN AUF ABSTAND<\/em><\/h3>\n\n\n\n<p class=\"wp-block-paragraph\">Wir feiern in diesem Jahr Weihnachten, wie wir es noch nie gefeiert haben. Zum \u201eSchutz\u201c vor einer Ansteckung mit dem Coronavirus m\u00fcssen wir eine Reihe von Regeln einhalten, die unsere Feierstimmung beeintr\u00e4chtigen. Die Gesichtsmasken passten eher in den Fasching, es fehlt nur noch die bunte Bemalung oder gr\u00fcne H\u00fcte. Wir sind angehalten, zu allen Personen, mit denen wir nicht im selben Haushalt leben, vier Katzen und f\u00fcnf Hunde weit Distanz zu wahren. Kein H\u00e4ndesch\u00fctteln, kein Umarmen, keine k\u00f6rperliche N\u00e4he, kein gemeinsames Singen, auch auf den Chor m\u00fcssen wir verzichten. Die Stigmatisierung von Ungeimpften zur Verdeckung von falschen Zahlen passt eher in die Zeit der Inquisition oder der Hexenverfolgung als in ein aufgekl\u00e4rtes Zeitalter.<br \/><br \/>Warum ist uns k\u00f6rperliche N\u00e4he so wichtig? Weil wir aus Fleisch und Blut sind! Menschen aus Fleisch und Blut wollen jene, die sie liebhaben, umarmen, manche auch liebkosen, ihre k\u00f6rperliche N\u00e4he sp\u00fcren. Dies tut uns gut und ist wichtig f\u00fcr unser emotionales Wohlbefinden.<\/p>\n\n\n\n<h3 class=\"wp-block-heading\" id=\"liebe-spuren-konnen\"><em>LIEBE SP\u00dcREN K\u00d6NNEN<\/em><\/h3>\n\n\n\n<p class=\"wp-block-paragraph\">Im Weihnachtsevangelium des Evangelisten Johannes haben wir den gro\u00dfartigen Hymnus von der Fleischwerdung Gottes geh\u00f6rt. Niemand wei\u00df, wie Gott ist. Es fehlen uns die Worte ihn treffend zu beschreiben. Wir k\u00f6nnen nur erahnen, dass er der Inbegriff der Weisheit und der Liebe sein muss, aus dem die ganze Sch\u00f6pfung hervorgegangen ist. Johannes fasst das Wesen Gottes mit dem griechischen Wort Logos zusammen. In unserer Sprache brauchen wir mehrere W\u00f6rter, um dieses Wort ausreichend zu \u00fcbersetzen: Logos bedeutet Weisheit, Wort, Geist, Sinn und beinhaltet alle positiven geistigen Kr\u00e4fte. In Jesus von Nazareth, so die Botschaft des Evangelisten, hat diese geballte Kraft Gottes menschliche Gestalt angenommen: &#8222;Und das Wort, der Logos, ist Fleisch geworden&#8220; lautet seine Zusammenfassung des Weihnachtsgeheimnisses.<br \/><br \/>Am Menschen Jesus von Nazareth sehen wir, wie Gott ist, wie wir uns Gott vorstellen k\u00f6nnen. In ihm ist Gott den Menschen nahegekommen, ist Gott sichtbar, ber\u00fchrbar und angreifbar geworden. Jesus hat sich ber\u00fchren und umarmen lassen. Er hat Menschen ber\u00fchrt und umarmt. Diese Erfahrung haben Menschen, die mit Jesus in Ber\u00fchrung gekommen sind, als ein von Gott Ber\u00fchrtwerden erlebt. Diese Erfahrung hat sie geheilt, vers\u00f6hnt, wieder ganz werden lassen, sie zu Menschen werden lassen, ihnen die verlorene Menschenw\u00fcrde zur\u00fcckgegeben.<\/p>\n\n\n\n<h3 class=\"wp-block-heading\" id=\"liebe-spuren-lassen\"><em>LIEBE SP\u00dcREN LASSEN<\/em><\/h3>\n\n\n\n<p class=\"wp-block-paragraph\">Es f\u00e4llt uns schwer, an diesem Weihnachtsfest auf viele Ausdrucksformen der N\u00e4he und des Wohlwollens zu verzichten. Wenn wir vor\u00fcbergehend unser diesbez\u00fcgliches Repertoire einschr\u00e4nken m\u00fcssen, ist es umso wichtiger, einander unser gegenseitiges Wohlwollen auf andere Weisen zu zeigen und sp\u00fcren zu lassen: wenn wir z.B. Kindern zul\u00e4cheln und ihnen signalisieren, dass sie in dieser Welt willkommen sind; wenn wir uns von der Not von Menschen, die es aus irgendeinem Grund schwer haben, ber\u00fchren lassen; wenn wir alten Menschen Zeit und Aufmerksamkeit schenken\u2026<br \/>Dieses Wohlwollen gilt es auch in unserem politischen Engagement f\u00fcr eine gerechtere Welt zu zeigen, f\u00fcr gesunde Lebensbedingungen aller Menschen, auch wenn dieses Umdenken uns Einschr\u00e4nkungen und Verzicht abverlangt.<br \/><br \/>Das Krisenjahr 2021 hat uns viel Verzicht abverlangt und uns viele Einschr\u00e4nkungen auferlegt. Vieles ist und war zum Jammern. Manches Mal hatte ich den Eindruck, dass in den Medien verschiedene Interessensgruppen um die Wette gejammert haben. Es wurde aber nicht nur gejammert. Es ist auch viel Neues entstanden. Es wurden viele positive Kr\u00e4fte geweckt: Solidarit\u00e4tsbekundungen, friedliche Spazierg\u00e4nge, Zuversicht im Sinne &#8222;gemeinsam schaffen wir das!&#8220;, aber auch Humor. Noch nie hat in den sozialen Medien der Witz und Schm\u00e4h so gebl\u00fcht wie in den vergangenen Monaten.<\/p>\n\n\n\n<h3 class=\"wp-block-heading\" id=\"unsere-weihnachtsmission\"><em>UNSERE WEIHNACHTSMISSION<\/em><\/h3>\n\n\n\n<p class=\"wp-block-paragraph\">Auch als Gl\u00e4ubige konnten und k\u00f6nnen wir viele gewohnte Ausdrucksformen unseres Glaubens nicht vollziehen. Die Not hat aber im religi\u00f6sen Bereich viele Menschen neue Wege finden lassen, wie wir das Geheimnis des Glaubens, wie wir die Liebe und das Wohlwollen Gottes in unserer Welt aufs Neue sichtbar und sp\u00fcrbar machen k\u00f6nnen.<br \/><br \/>Ein jeder von uns ist gefordert, die Frohe Weihnachtsbotschaft von der N\u00e4he und dem Wohlwollen Gottes in seine Welt hineinzutragen. W\u00fcnschen wir einander nicht nur mit Worten sondern auch mit Blicken und anderen Zeichen des Wohlwollens ein frohes und gesegnetes Weihnachtsfest. Wenn wir so unsere Zuversicht miteinander teilen, schenken wir Weihnachtsfreude und k\u00f6nnen wir so ein wenig vom Geheimnis der fleischgewordenen Liebe Gottes einander sp\u00fcren lassen.<\/p>\n\n\n\n<p class=\"has-text-align-right wp-block-paragraph\">Ordenskaplan Matthias David<\/p>\n","protected":false},"excerpt":{"rendered":"<p>Predigtgedanken zum 2. Sonntag nach Weihnachten (Joh 1,1 &#8211; 18) Weihnachten ist ein Fest der N\u00e4he Gottes. Wie k\u00f6nnen wir einander diese N\u00e4he sp\u00fcren lassen, wenn wir einander nicht nahekommen d\u00fcrfen? Die Coronabeschr\u00e4nkungen haben viele neue Wege und Ausdrucksformen finden lassen. Auch im Bereich des Glaubens gilt es Neues zu\u2026<\/p>\n<p> <a class=\"continue-reading-link\" href=\"https:\/\/tempelherrenorden.de\/cms\/weihnachten-einander-spueren-lassen\/\"><span>Artikel lesen<\/span><i class=\"crycon-right-dir\"><\/i><\/a> <\/p>\n","protected":false},"author":10,"featured_media":0,"comment_status":"closed","ping_status":"closed","sticky":false,"template":"","format":"standard","meta":{"_crdt_document":"","jetpack_post_was_ever_published":false,"_jetpack_newsletter_access":"","_jetpack_dont_email_post_to_subs":false,"_jetpack_newsletter_tier_id":0,"_jetpack_memberships_contains_paywalled_content":false,"_jetpack_memberships_contains_paid_content":false,"footnotes":""},"categories":[1],"tags":[],"class_list":["post-4447","post","type-post","status-publish","format-standard","hentry","category-allgemein"],"yoast_head":"<!-- This site is optimized with the Yoast SEO plugin v27.5 - https:\/\/yoast.com\/product\/yoast-seo-wordpress\/ -->\n<title>WEIHNACHTEN EINANDER SP\u00dcREN LASSEN &#8226; Deutscher Tempelherren-Orden<\/title>\n<meta name=\"robots\" content=\"index, follow, max-snippet:-1, max-image-preview:large, max-video-preview:-1\" \/>\n<link rel=\"canonical\" href=\"https:\/\/tempelherrenorden.de\/cms\/weihnachten-einander-spueren-lassen\/\" \/>\n<meta property=\"og:locale\" content=\"de_DE\" \/>\n<meta property=\"og:type\" content=\"article\" \/>\n<meta property=\"og:title\" content=\"WEIHNACHTEN EINANDER SP\u00dcREN LASSEN &#8226; Deutscher Tempelherren-Orden\" \/>\n<meta property=\"og:description\" content=\"Predigtgedanken zum 2. Sonntag nach Weihnachten (Joh 1,1 &#8211; 18) Weihnachten ist ein Fest der N\u00e4he Gottes. Wie k\u00f6nnen wir einander diese N\u00e4he sp\u00fcren lassen, wenn wir einander nicht nahekommen d\u00fcrfen? Die Coronabeschr\u00e4nkungen haben viele neue Wege und Ausdrucksformen finden lassen. Auch im Bereich des Glaubens gilt es Neues zu\u2026 Artikel lesen\" \/>\n<meta property=\"og:url\" content=\"https:\/\/tempelherrenorden.de\/cms\/weihnachten-einander-spueren-lassen\/\" \/>\n<meta property=\"og:site_name\" content=\"Deutscher Tempelherren-Orden\" \/>\n<meta property=\"article:publisher\" content=\"https:\/\/www.facebook.com\/Deutscher-Tempelherren-Orden-OMCT-2054469481490772\/\" \/>\n<meta property=\"article:published_time\" content=\"2022-01-01T18:08:32+00:00\" \/>\n<meta property=\"article:modified_time\" content=\"2022-01-01T18:08:33+00:00\" \/>\n<meta name=\"author\" content=\"Redaktion\" \/>\n<meta name=\"twitter:card\" content=\"summary_large_image\" \/>\n<meta name=\"twitter:label1\" content=\"Verfasst von\" \/>\n\t<meta name=\"twitter:data1\" content=\"Redaktion\" \/>\n\t<meta name=\"twitter:label2\" content=\"Gesch\u00e4tzte Lesezeit\" \/>\n\t<meta name=\"twitter:data2\" content=\"5\u00a0Minuten\" \/>\n<script type=\"application\/ld+json\" class=\"yoast-schema-graph\">{\"@context\":\"https:\\\/\\\/schema.org\",\"@graph\":[{\"@type\":\"Article\",\"@id\":\"https:\\\/\\\/tempelherrenorden.de\\\/cms\\\/weihnachten-einander-spueren-lassen\\\/#article\",\"isPartOf\":{\"@id\":\"https:\\\/\\\/tempelherrenorden.de\\\/cms\\\/weihnachten-einander-spueren-lassen\\\/\"},\"author\":{\"name\":\"Redaktion\",\"@id\":\"https:\\\/\\\/tempelherrenorden.de\\\/cms\\\/#\\\/schema\\\/person\\\/c4b556c7412791f0ed2d6851086be4aa\"},\"headline\":\"WEIHNACHTEN EINANDER SP\u00dcREN LASSEN\",\"datePublished\":\"2022-01-01T18:08:32+00:00\",\"dateModified\":\"2022-01-01T18:08:33+00:00\",\"mainEntityOfPage\":{\"@id\":\"https:\\\/\\\/tempelherrenorden.de\\\/cms\\\/weihnachten-einander-spueren-lassen\\\/\"},\"wordCount\":816,\"publisher\":{\"@id\":\"https:\\\/\\\/tempelherrenorden.de\\\/cms\\\/#organization\"},\"inLanguage\":\"de\"},{\"@type\":\"WebPage\",\"@id\":\"https:\\\/\\\/tempelherrenorden.de\\\/cms\\\/weihnachten-einander-spueren-lassen\\\/\",\"url\":\"https:\\\/\\\/tempelherrenorden.de\\\/cms\\\/weihnachten-einander-spueren-lassen\\\/\",\"name\":\"WEIHNACHTEN EINANDER SP\u00dcREN LASSEN &#8226; Deutscher Tempelherren-Orden\",\"isPartOf\":{\"@id\":\"https:\\\/\\\/tempelherrenorden.de\\\/cms\\\/#website\"},\"datePublished\":\"2022-01-01T18:08:32+00:00\",\"dateModified\":\"2022-01-01T18:08:33+00:00\",\"breadcrumb\":{\"@id\":\"https:\\\/\\\/tempelherrenorden.de\\\/cms\\\/weihnachten-einander-spueren-lassen\\\/#breadcrumb\"},\"inLanguage\":\"de\",\"potentialAction\":[{\"@type\":\"ReadAction\",\"target\":[\"https:\\\/\\\/tempelherrenorden.de\\\/cms\\\/weihnachten-einander-spueren-lassen\\\/\"]}]},{\"@type\":\"BreadcrumbList\",\"@id\":\"https:\\\/\\\/tempelherrenorden.de\\\/cms\\\/weihnachten-einander-spueren-lassen\\\/#breadcrumb\",\"itemListElement\":[{\"@type\":\"ListItem\",\"position\":1,\"name\":\"Startseite\",\"item\":\"https:\\\/\\\/tempelherrenorden.de\\\/cms\\\/\"},{\"@type\":\"ListItem\",\"position\":2,\"name\":\"WEIHNACHTEN EINANDER SP\u00dcREN LASSEN\"}]},{\"@type\":\"WebSite\",\"@id\":\"https:\\\/\\\/tempelherrenorden.de\\\/cms\\\/#website\",\"url\":\"https:\\\/\\\/tempelherrenorden.de\\\/cms\\\/\",\"name\":\"Deutscher Tempelherren-Orden\",\"description\":\"\",\"publisher\":{\"@id\":\"https:\\\/\\\/tempelherrenorden.de\\\/cms\\\/#organization\"},\"potentialAction\":[{\"@type\":\"SearchAction\",\"target\":{\"@type\":\"EntryPoint\",\"urlTemplate\":\"https:\\\/\\\/tempelherrenorden.de\\\/cms\\\/?s={search_term_string}\"},\"query-input\":{\"@type\":\"PropertyValueSpecification\",\"valueRequired\":true,\"valueName\":\"search_term_string\"}}],\"inLanguage\":\"de\"},{\"@type\":\"Organization\",\"@id\":\"https:\\\/\\\/tempelherrenorden.de\\\/cms\\\/#organization\",\"name\":\"Deutscher Tempelherren-Orden OMCT e.V.\",\"url\":\"https:\\\/\\\/tempelherrenorden.de\\\/cms\\\/\",\"logo\":{\"@type\":\"ImageObject\",\"inLanguage\":\"de\",\"@id\":\"https:\\\/\\\/tempelherrenorden.de\\\/cms\\\/#\\\/schema\\\/logo\\\/image\\\/\",\"url\":\"https:\\\/\\\/i0.wp.com\\\/tempelherrenorden.de\\\/cms\\\/wp-content\\\/uploads\\\/2018\\\/01\\\/OMCT-Wappen.jpg?fit=997%2C1198&ssl=1\",\"contentUrl\":\"https:\\\/\\\/i0.wp.com\\\/tempelherrenorden.de\\\/cms\\\/wp-content\\\/uploads\\\/2018\\\/01\\\/OMCT-Wappen.jpg?fit=997%2C1198&ssl=1\",\"width\":997,\"height\":1198,\"caption\":\"Deutscher Tempelherren-Orden OMCT e.V.\"},\"image\":{\"@id\":\"https:\\\/\\\/tempelherrenorden.de\\\/cms\\\/#\\\/schema\\\/logo\\\/image\\\/\"},\"sameAs\":[\"https:\\\/\\\/www.facebook.com\\\/Deutscher-Tempelherren-Orden-OMCT-2054469481490772\\\/\"]},{\"@type\":\"Person\",\"@id\":\"https:\\\/\\\/tempelherrenorden.de\\\/cms\\\/#\\\/schema\\\/person\\\/c4b556c7412791f0ed2d6851086be4aa\",\"name\":\"Redaktion\",\"image\":{\"@type\":\"ImageObject\",\"inLanguage\":\"de\",\"@id\":\"https:\\\/\\\/secure.gravatar.com\\\/avatar\\\/4ed839132852af2d0905f18562e70ba28d4d5c2fa1196284813995a27f534319?s=96&d=mm&r=g\",\"url\":\"https:\\\/\\\/secure.gravatar.com\\\/avatar\\\/4ed839132852af2d0905f18562e70ba28d4d5c2fa1196284813995a27f534319?s=96&d=mm&r=g\",\"contentUrl\":\"https:\\\/\\\/secure.gravatar.com\\\/avatar\\\/4ed839132852af2d0905f18562e70ba28d4d5c2fa1196284813995a27f534319?s=96&d=mm&r=g\",\"caption\":\"Redaktion\"},\"url\":\"https:\\\/\\\/tempelherrenorden.de\\\/cms\\\/author\\\/redaktion\\\/\"}]}<\/script>\n<!-- \/ Yoast SEO plugin. -->","yoast_head_json":{"title":"WEIHNACHTEN EINANDER SP\u00dcREN LASSEN &#8226; Deutscher Tempelherren-Orden","robots":{"index":"index","follow":"follow","max-snippet":"max-snippet:-1","max-image-preview":"max-image-preview:large","max-video-preview":"max-video-preview:-1"},"canonical":"https:\/\/tempelherrenorden.de\/cms\/weihnachten-einander-spueren-lassen\/","og_locale":"de_DE","og_type":"article","og_title":"WEIHNACHTEN EINANDER SP\u00dcREN LASSEN &#8226; Deutscher Tempelherren-Orden","og_description":"Predigtgedanken zum 2. Sonntag nach Weihnachten (Joh 1,1 &#8211; 18) Weihnachten ist ein Fest der N\u00e4he Gottes. Wie k\u00f6nnen wir einander diese N\u00e4he sp\u00fcren lassen, wenn wir einander nicht nahekommen d\u00fcrfen? Die Coronabeschr\u00e4nkungen haben viele neue Wege und Ausdrucksformen finden lassen. Auch im Bereich des Glaubens gilt es Neues zu\u2026 Artikel lesen","og_url":"https:\/\/tempelherrenorden.de\/cms\/weihnachten-einander-spueren-lassen\/","og_site_name":"Deutscher Tempelherren-Orden","article_publisher":"https:\/\/www.facebook.com\/Deutscher-Tempelherren-Orden-OMCT-2054469481490772\/","article_published_time":"2022-01-01T18:08:32+00:00","article_modified_time":"2022-01-01T18:08:33+00:00","author":"Redaktion","twitter_card":"summary_large_image","twitter_misc":{"Verfasst von":"Redaktion","Gesch\u00e4tzte Lesezeit":"5\u00a0Minuten"},"schema":{"@context":"https:\/\/schema.org","@graph":[{"@type":"Article","@id":"https:\/\/tempelherrenorden.de\/cms\/weihnachten-einander-spueren-lassen\/#article","isPartOf":{"@id":"https:\/\/tempelherrenorden.de\/cms\/weihnachten-einander-spueren-lassen\/"},"author":{"name":"Redaktion","@id":"https:\/\/tempelherrenorden.de\/cms\/#\/schema\/person\/c4b556c7412791f0ed2d6851086be4aa"},"headline":"WEIHNACHTEN EINANDER SP\u00dcREN LASSEN","datePublished":"2022-01-01T18:08:32+00:00","dateModified":"2022-01-01T18:08:33+00:00","mainEntityOfPage":{"@id":"https:\/\/tempelherrenorden.de\/cms\/weihnachten-einander-spueren-lassen\/"},"wordCount":816,"publisher":{"@id":"https:\/\/tempelherrenorden.de\/cms\/#organization"},"inLanguage":"de"},{"@type":"WebPage","@id":"https:\/\/tempelherrenorden.de\/cms\/weihnachten-einander-spueren-lassen\/","url":"https:\/\/tempelherrenorden.de\/cms\/weihnachten-einander-spueren-lassen\/","name":"WEIHNACHTEN EINANDER SP\u00dcREN LASSEN &#8226; Deutscher Tempelherren-Orden","isPartOf":{"@id":"https:\/\/tempelherrenorden.de\/cms\/#website"},"datePublished":"2022-01-01T18:08:32+00:00","dateModified":"2022-01-01T18:08:33+00:00","breadcrumb":{"@id":"https:\/\/tempelherrenorden.de\/cms\/weihnachten-einander-spueren-lassen\/#breadcrumb"},"inLanguage":"de","potentialAction":[{"@type":"ReadAction","target":["https:\/\/tempelherrenorden.de\/cms\/weihnachten-einander-spueren-lassen\/"]}]},{"@type":"BreadcrumbList","@id":"https:\/\/tempelherrenorden.de\/cms\/weihnachten-einander-spueren-lassen\/#breadcrumb","itemListElement":[{"@type":"ListItem","position":1,"name":"Startseite","item":"https:\/\/tempelherrenorden.de\/cms\/"},{"@type":"ListItem","position":2,"name":"WEIHNACHTEN EINANDER SP\u00dcREN LASSEN"}]},{"@type":"WebSite","@id":"https:\/\/tempelherrenorden.de\/cms\/#website","url":"https:\/\/tempelherrenorden.de\/cms\/","name":"Deutscher Tempelherren-Orden","description":"","publisher":{"@id":"https:\/\/tempelherrenorden.de\/cms\/#organization"},"potentialAction":[{"@type":"SearchAction","target":{"@type":"EntryPoint","urlTemplate":"https:\/\/tempelherrenorden.de\/cms\/?s={search_term_string}"},"query-input":{"@type":"PropertyValueSpecification","valueRequired":true,"valueName":"search_term_string"}}],"inLanguage":"de"},{"@type":"Organization","@id":"https:\/\/tempelherrenorden.de\/cms\/#organization","name":"Deutscher Tempelherren-Orden OMCT e.V.","url":"https:\/\/tempelherrenorden.de\/cms\/","logo":{"@type":"ImageObject","inLanguage":"de","@id":"https:\/\/tempelherrenorden.de\/cms\/#\/schema\/logo\/image\/","url":"https:\/\/i0.wp.com\/tempelherrenorden.de\/cms\/wp-content\/uploads\/2018\/01\/OMCT-Wappen.jpg?fit=997%2C1198&ssl=1","contentUrl":"https:\/\/i0.wp.com\/tempelherrenorden.de\/cms\/wp-content\/uploads\/2018\/01\/OMCT-Wappen.jpg?fit=997%2C1198&ssl=1","width":997,"height":1198,"caption":"Deutscher Tempelherren-Orden OMCT e.V."},"image":{"@id":"https:\/\/tempelherrenorden.de\/cms\/#\/schema\/logo\/image\/"},"sameAs":["https:\/\/www.facebook.com\/Deutscher-Tempelherren-Orden-OMCT-2054469481490772\/"]},{"@type":"Person","@id":"https:\/\/tempelherrenorden.de\/cms\/#\/schema\/person\/c4b556c7412791f0ed2d6851086be4aa","name":"Redaktion","image":{"@type":"ImageObject","inLanguage":"de","@id":"https:\/\/secure.gravatar.com\/avatar\/4ed839132852af2d0905f18562e70ba28d4d5c2fa1196284813995a27f534319?s=96&d=mm&r=g","url":"https:\/\/secure.gravatar.com\/avatar\/4ed839132852af2d0905f18562e70ba28d4d5c2fa1196284813995a27f534319?s=96&d=mm&r=g","contentUrl":"https:\/\/secure.gravatar.com\/avatar\/4ed839132852af2d0905f18562e70ba28d4d5c2fa1196284813995a27f534319?s=96&d=mm&r=g","caption":"Redaktion"},"url":"https:\/\/tempelherrenorden.de\/cms\/author\/redaktion\/"}]}},"jetpack_featured_media_url":"","jetpack_shortlink":"https:\/\/wp.me\/p5yQvL-19J","jetpack_sharing_enabled":true,"_links":{"self":[{"href":"https:\/\/tempelherrenorden.de\/cms\/wp-json\/wp\/v2\/posts\/4447","targetHints":{"allow":["GET"]}}],"collection":[{"href":"https:\/\/tempelherrenorden.de\/cms\/wp-json\/wp\/v2\/posts"}],"about":[{"href":"https:\/\/tempelherrenorden.de\/cms\/wp-json\/wp\/v2\/types\/post"}],"author":[{"embeddable":true,"href":"https:\/\/tempelherrenorden.de\/cms\/wp-json\/wp\/v2\/users\/10"}],"replies":[{"embeddable":true,"href":"https:\/\/tempelherrenorden.de\/cms\/wp-json\/wp\/v2\/comments?post=4447"}],"version-history":[{"count":1,"href":"https:\/\/tempelherrenorden.de\/cms\/wp-json\/wp\/v2\/posts\/4447\/revisions"}],"predecessor-version":[{"id":4448,"href":"https:\/\/tempelherrenorden.de\/cms\/wp-json\/wp\/v2\/posts\/4447\/revisions\/4448"}],"wp:attachment":[{"href":"https:\/\/tempelherrenorden.de\/cms\/wp-json\/wp\/v2\/media?parent=4447"}],"wp:term":[{"taxonomy":"category","embeddable":true,"href":"https:\/\/tempelherrenorden.de\/cms\/wp-json\/wp\/v2\/categories?post=4447"},{"taxonomy":"post_tag","embeddable":true,"href":"https:\/\/tempelherrenorden.de\/cms\/wp-json\/wp\/v2\/tags?post=4447"}],"curies":[{"name":"wp","href":"https:\/\/api.w.org\/{rel}","templated":true}]}}