{"id":4510,"date":"2022-03-12T20:17:30","date_gmt":"2022-03-12T19:17:30","guid":{"rendered":"https:\/\/tempelherrenorden.de\/cms\/?p=4510"},"modified":"2023-02-02T16:32:01","modified_gmt":"2023-02-02T15:32:01","slug":"es-beruehren-sich-himmel-und-erde","status":"publish","type":"post","link":"https:\/\/tempelherrenorden.de\/cms\/es-beruehren-sich-himmel-und-erde\/","title":{"rendered":"<strong>ES<\/strong><strong> BER\u00dcHREN SICH HIMMEL UND ERDE<\/strong>"},"content":{"rendered":"\n<p class=\"wp-block-paragraph\">Predigtgedanken zum 2. Fastensonntag \u2013 Lk 9:28b \u2013 36 &amp; Gen 15:1 &#8211; 18<\/p>\n\n\n\n<p class=\"wp-block-paragraph\">Der Refrain eines Neuen Geistlichen Liedes lautet: \u201eDa ber\u00fchren sich Himmel und Erde\u2026\u201c. Dieser Text f\u00fchrte mich zu den heutigen Lesungen aus dem Alten Testament und dem Evangelium. K\u00f6nnen wir wirklich Gott begegnen, wo oder was sind Schritte, solche \u201eStern-Stunden\u201c zu erfahren? Wo ber\u00fchren sich \u201eHimmel und Erde\u201c im Alltag?<\/p>\n\n\n\n<!--more-->\n\n\n\n<h3 class=\"wp-block-heading\"><em>BER\u00dcHRENDE MOMENTE<\/em><\/h3>\n\n\n\n<p class=\"wp-block-paragraph\">Es gibt Momente, wo Menschen Sternstunden, oder \u201eGipfelerlebnisse\u201c erleben d\u00fcrfen, die wir dann als solche bezeichnen d\u00fcrfen: \u201eDa begegnen sich Himmel und Erde\u2026\u201c Wenn wir in der W\u00fcste den sch\u00f6nen und reichen Sternenhimmel betrachten d\u00fcrfen, oder an einer abgelegenen Bergh\u00fctte, wo kein anderes Licht st\u00f6rt, kann man ins Staunen geraten. Da erahnen wir die Gr\u00f6\u00dfe des Universums, zugleich aber auch die \u201eKleinheit\u201c des Menschen. Wohl schon seit Menschengedenken geh\u00f6ren solche Erfahrungen zu den \u201eGottesbegegnungen\u201c, zum Weg zur Transzendenzerfahrung.<br \/><br \/>Auch heute noch begegnen sich dann f\u00fcr einzelne \u201eHimmel und Erde\u201c, werden die Fragen nach dem \u201eWoher, Wozu und Wohin\u201c aktuell, oder werden wir zu Staunenden und Fragenden: \u201eWer hat das wohl alles erschaffen?\u201c<br \/>F\u00fcr mich pers\u00f6nlich waren solche Erlebnisse wie der Blick in einen gro\u00dfartigen Sternenhimmel immer tief beeindruckend. Solche Erlebnisse vergisst man nicht. &#8211; Sind diese aber auch gleich \u201eGottesbegegnungen?\u201c<\/p>\n\n\n\n<h3 class=\"wp-block-heading\"><em>ABRAHAM UND DIE J\u00dcNGER JESU<\/em><\/h3>\n\n\n\n<p class=\"wp-block-paragraph\">Da begegnen sich \u201eHimmel und Erde\u201c. Viele werden sich vielleicht einfacher hineinversetzen k\u00f6nnen in die Geschichte von Abraham, der in einen tiefen Sternenhimmel blickt und dabei eine Verhei\u00dfung f\u00fcr sich und sein Volk erfahren durfte. Der bekannte K\u00fcnstlerpriester Sieger K\u00f6der hat diese Szene in einem seiner bekannten Bilder ausgestaltet: Der dunkle blaue Himmel mit unz\u00e4hligen Sternen, davor Abraham im breiten Mantel in den Himmel blickend. \u201eDa begegneten sich Himmel und Erde&#8220;&#8230;<br \/><br \/>Auch im heutigen Evangelium wird uns von einer solchen \u201eSternstunde\u201c erz\u00e4hlt. Die drei J\u00fcnger gehen mit Jesus auf den Berg. Die Erfahrungen, welche diese dann machen durften, das strahlende Licht der Verkl\u00e4rung Jesu, haben diese wohl ein Leben lang nicht mehr vergessen; wohl vergleichbar mit den Erfahrungen aus der Begegnung mit dem Auferstandenen nach Ostern. Solche Erlebnisse pr\u00e4gten sich tief in das Leben der J\u00fcnger ein.<br \/><br \/>Solche Erlebnisse bringen dann ein ganz eigenes \u201eGl\u00fccks-Gef\u00fchl\u201c hervor, man will diese Situationen einfach festhalten, was psychologisch gut nachvollziehbar ist: \u201eDa begegnen sich Himmel und Erde\u201c.<\/p>\n\n\n\n<h3 class=\"wp-block-heading\"><em>K\u00d6NNEN WIR GOTT \u00dcBERHAUPT BEGEGNEN?<\/em><\/h3>\n\n\n\n<p class=\"wp-block-paragraph\">Die alte Frage der Mystiker und gro\u00dfen Gottsucher weltweit steht dahinter: K\u00f6nnen wir Gott \u00fcberhaupt begegnen? Sind wir als kleine sterbliche Gesch\u00f6pfe eigentlich in der Lage, k\u00f6rperlich, geistig, seelisch, diese N\u00e4he auszuhalten? Schleicht sich nicht dann sofort auch Angst ein, wie bei vielen Mystikern zu lesen ist? Wahrscheinlich k\u00f6nnen wir Gott nie wirklich begegnen, wohl aber seine \u201eBoten\u201c und in seinen Zeichen. Oftmals sogar im Alltag, in begl\u00fcckenden Begegnungen, in Erfahrungen von Frieden und Wohlergehen. Und nat\u00fcrlich k\u00f6nnen wir Gott in Jesus Christus, dem Sohn Gottes, in seinen Worten, seinen Gleichnissen, seinem \u201eHier-Sein\u201c begegnen. Aber auch Gottesdienste k\u00f6nnen uns eine Spur von der Gegenwart Gottes bewusst werden lassen. Erlebnisse in der Natur &#8211; wie ein herrlicher Sternenhimmel &#8211; k\u00f6nnen eine Spur Gottes hinterlassen. Menschen, die sich uneigenn\u00fctzig f\u00fcr Frieden, Gerechtigkeit und die \u201eAusgegrenzten\u201c einsetzen, k\u00f6nnen uns ins Staunen f\u00fchren und eine Spur der g\u00f6ttlichen N\u00e4he und Liebe vermitteln. Vergebung, Neuanfang in Beziehungen, auch unter Verwandten und Bekannten, k\u00f6nnen eine Spur von Gottes Gegenwart erfahren lassen.<br \/>Wenn so etwas m\u00f6glich wird, &#8222;begegnen sich Himmel und Erde\u201c.<br \/><br \/>Was hat das alles mit uns hier zu tun? Finden wir uns in diesen Bildern, in diesen Hinweisen und Geschichten wieder? Haben Sie selbst solche Momente erleben d\u00fcrfen, oder eben nicht? Haben wir vielleicht im gemeinsamen Gottesdienst auch solche Momente schon erleben d\u00fcrfen? Oder war alles eher Pflicht, Ritual, Routine? Wo waren und sind f\u00fcr uns Momente, wo sich Himmel und Erde nahe kamen, wo wir uns hineingenommen wissen in ein Geheimnis, welches in unsere Existenz, in unser eigenes Leben trifft?<\/p>\n\n\n\n<p class=\"wp-block-paragraph\"><em>&#8222;Der Christ der Zukunft wird ein Mystiker sein&#8230;&#8220;<\/em><\/p>\n\n\n\n<p class=\"wp-block-paragraph\">Mir kommt da das ber\u00fchmte Wort des gro\u00dfen Theologen des 20. Jahrhunderts, Karl Rahner, in den Sinn, welches schon oft zitiert wurde: \u201eDer Christ der Zukunft wird ein Mystiker oder Frommer (einer, der Erfahren hat) sein, oder er wird nicht sein\u201c. Ich merke mehr und mehr, dass diese Aussage wirklich wesentlich wird f\u00fcr die Erneuerung der Kirche, der Gemeinden, der religi\u00f6sen Gruppen und Orden und der christlichen Familien. Da helfen noch so gro\u00dfe pastoraltheologische Weiterbildungen und Strukturver\u00e4nderungen, die ja auf vielen Ebenen voll im Gange sind, und das Christen- oder Gemeindeleben vertiefen sollen, nicht wirklich weiter. Manche sind vielleicht sogar hinderlich, bleiben auf einer \u201epolitischen\u201c oder theoretischen Ebene.<br \/><br \/>Menschen, die \u201eerfahren haben\u201c, werden nicht bei dieser ihrer Erfahrung, bei diesen \u201eStern-Erlebnissen\u201c bleiben, sondern sie werden diese im Alltag, in ihr Leben umzusetzen versuchen. So zum Beispiel in den Werken der Barmherzigkeit. Ein Blick darauf l\u00e4sst staunen!<br \/>Einer der \u201eErfahren hat\u201c, kann es nicht bei sich behalten, er wird Apostel, J\u00fcnger und Mitarbeiter in der Gemeinde, in religi\u00f6sen Gruppen und Orden, in der eigenen Familie, in der Berufswelt, in Vereinen, in der Zivilgesellschaft. Nicht im Zwang, sondern aus einer Freiheit, die eigentlich nur aus dem Glauben an diesen Jesus Christus kommen kann.<br \/><br \/>Ich w\u00fcnsche Ihnen auch im Alltag diese Spuren Gottes, die unvergesslich bleiben, die uns in Staunen versetzen, die ein Leben lang pr\u00e4gend bleiben; auch dann noch, wenn \u201edunkle Glaubenszweifel\u201c \u00fcber uns ziehen, wenn Schicksalsschl\u00e4ge uns erfassen, Krankheiten, Unf\u00e4lle oder Kriege, Hass und Not uns begegnen, die wir nicht mehr fassen k\u00f6nnen. Vielleicht brauchen wir gerade in diesen Zeiten dieses Erinnern und diese Erfahrungen aus dem Glauben und Staunen, die uns dabei tragen.<br \/><br \/>Im zitierten Liedtext hei\u00dft es:<br \/><br \/><br \/><\/p>\n\n\n\n<p class=\"wp-block-paragraph\">\u201eWo Menschen sich verschenken,<br \/>die Liebe bedenken,<br \/>und neu beginnen, ganz neu,<br \/>da ber\u00fchren sich Himmel und Erde,<br \/>dass Frieden werde unter uns.<br \/><br \/>Wo Menschen sich verb\u00fcnden,<br \/>den Hass \u00fcberwinden,<br \/>und neu beginnen, ganz neu,<br \/>da ber\u00fchren sich Himmel und Erde,<br \/>dass Frieden werde unter uns\u201c.<br \/><br \/><br \/><\/p>\n\n\n\n<p class=\"wp-block-paragraph\">M\u00f6ge es so sein!<\/p>\n\n\n\n<p class=\"wp-block-paragraph\"><\/p>\n\n\n\n<p class=\"has-text-align-right wp-block-paragraph\">Ordenskaplan Matthias David<\/p>\n","protected":false},"excerpt":{"rendered":"<p>Predigtgedanken zum 2. Fastensonntag \u2013 Lk 9:28b \u2013 36 &amp; Gen 15:1 &#8211; 18 Der Refrain eines Neuen Geistlichen Liedes lautet: \u201eDa ber\u00fchren sich Himmel und Erde\u2026\u201c. Dieser Text f\u00fchrte mich zu den heutigen Lesungen aus dem Alten Testament und dem Evangelium. K\u00f6nnen wir wirklich Gott begegnen, wo oder was\u2026<\/p>\n<p> <a class=\"continue-reading-link\" href=\"https:\/\/tempelherrenorden.de\/cms\/es-beruehren-sich-himmel-und-erde\/\"><span>Artikel lesen<\/span><i class=\"crycon-right-dir\"><\/i><\/a> <\/p>\n","protected":false},"author":10,"featured_media":0,"comment_status":"closed","ping_status":"closed","sticky":false,"template":"","format":"standard","meta":{"_crdt_document":"","jetpack_post_was_ever_published":false,"_jetpack_newsletter_access":"","_jetpack_dont_email_post_to_subs":false,"_jetpack_newsletter_tier_id":0,"_jetpack_memberships_contains_paywalled_content":false,"_jetpack_memberships_contains_paid_content":false,"footnotes":""},"categories":[1],"tags":[134,92,63,45,44],"class_list":["post-4510","post","type-post","status-publish","format-standard","hentry","category-allgemein","tag-matthias-david","tag-predigt","tag-tempelherren","tag-tempelritter","tag-templer"],"yoast_head":"<!-- This site is optimized with the Yoast SEO plugin v27.4 - https:\/\/yoast.com\/product\/yoast-seo-wordpress\/ -->\n<title>ES BER\u00dcHREN SICH HIMMEL UND ERDE &#8226; Deutscher Tempelherren-Orden<\/title>\n<meta name=\"robots\" content=\"index, follow, max-snippet:-1, max-image-preview:large, max-video-preview:-1\" \/>\n<link rel=\"canonical\" href=\"https:\/\/tempelherrenorden.de\/cms\/es-beruehren-sich-himmel-und-erde\/\" \/>\n<meta property=\"og:locale\" content=\"de_DE\" \/>\n<meta property=\"og:type\" content=\"article\" \/>\n<meta property=\"og:title\" content=\"ES BER\u00dcHREN SICH HIMMEL UND ERDE &#8226; Deutscher Tempelherren-Orden\" \/>\n<meta property=\"og:description\" content=\"Predigtgedanken zum 2. Fastensonntag \u2013 Lk 9:28b \u2013 36 &amp; Gen 15:1 &#8211; 18 Der Refrain eines Neuen Geistlichen Liedes lautet: \u201eDa ber\u00fchren sich Himmel und Erde\u2026\u201c. Dieser Text f\u00fchrte mich zu den heutigen Lesungen aus dem Alten Testament und dem Evangelium. K\u00f6nnen wir wirklich Gott begegnen, wo oder was\u2026 Artikel lesen\" \/>\n<meta property=\"og:url\" content=\"https:\/\/tempelherrenorden.de\/cms\/es-beruehren-sich-himmel-und-erde\/\" \/>\n<meta property=\"og:site_name\" content=\"Deutscher Tempelherren-Orden\" \/>\n<meta property=\"article:publisher\" content=\"https:\/\/www.facebook.com\/Deutscher-Tempelherren-Orden-OMCT-2054469481490772\/\" \/>\n<meta property=\"article:published_time\" content=\"2022-03-12T19:17:30+00:00\" \/>\n<meta property=\"article:modified_time\" content=\"2023-02-02T15:32:01+00:00\" \/>\n<meta name=\"author\" content=\"Redaktion\" \/>\n<meta name=\"twitter:card\" content=\"summary_large_image\" \/>\n<meta name=\"twitter:label1\" content=\"Verfasst von\" \/>\n\t<meta name=\"twitter:data1\" content=\"Redaktion\" \/>\n\t<meta name=\"twitter:label2\" content=\"Gesch\u00e4tzte Lesezeit\" \/>\n\t<meta name=\"twitter:data2\" content=\"6\u00a0Minuten\" \/>\n<script type=\"application\/ld+json\" class=\"yoast-schema-graph\">{\"@context\":\"https:\\\/\\\/schema.org\",\"@graph\":[{\"@type\":\"Article\",\"@id\":\"https:\\\/\\\/tempelherrenorden.de\\\/cms\\\/es-beruehren-sich-himmel-und-erde\\\/#article\",\"isPartOf\":{\"@id\":\"https:\\\/\\\/tempelherrenorden.de\\\/cms\\\/es-beruehren-sich-himmel-und-erde\\\/\"},\"author\":{\"name\":\"Redaktion\",\"@id\":\"https:\\\/\\\/tempelherrenorden.de\\\/cms\\\/#\\\/schema\\\/person\\\/c4b556c7412791f0ed2d6851086be4aa\"},\"headline\":\"ES BER\u00dcHREN SICH HIMMEL UND ERDE\",\"datePublished\":\"2022-03-12T19:17:30+00:00\",\"dateModified\":\"2023-02-02T15:32:01+00:00\",\"mainEntityOfPage\":{\"@id\":\"https:\\\/\\\/tempelherrenorden.de\\\/cms\\\/es-beruehren-sich-himmel-und-erde\\\/\"},\"wordCount\":1048,\"publisher\":{\"@id\":\"https:\\\/\\\/tempelherrenorden.de\\\/cms\\\/#organization\"},\"keywords\":[\"Matthias David\",\"Predigt\",\"Tempelherren\",\"Tempelritter\",\"Templer\"],\"inLanguage\":\"de\"},{\"@type\":\"WebPage\",\"@id\":\"https:\\\/\\\/tempelherrenorden.de\\\/cms\\\/es-beruehren-sich-himmel-und-erde\\\/\",\"url\":\"https:\\\/\\\/tempelherrenorden.de\\\/cms\\\/es-beruehren-sich-himmel-und-erde\\\/\",\"name\":\"ES BER\u00dcHREN SICH HIMMEL UND ERDE &#8226; Deutscher Tempelherren-Orden\",\"isPartOf\":{\"@id\":\"https:\\\/\\\/tempelherrenorden.de\\\/cms\\\/#website\"},\"datePublished\":\"2022-03-12T19:17:30+00:00\",\"dateModified\":\"2023-02-02T15:32:01+00:00\",\"breadcrumb\":{\"@id\":\"https:\\\/\\\/tempelherrenorden.de\\\/cms\\\/es-beruehren-sich-himmel-und-erde\\\/#breadcrumb\"},\"inLanguage\":\"de\",\"potentialAction\":[{\"@type\":\"ReadAction\",\"target\":[\"https:\\\/\\\/tempelherrenorden.de\\\/cms\\\/es-beruehren-sich-himmel-und-erde\\\/\"]}]},{\"@type\":\"BreadcrumbList\",\"@id\":\"https:\\\/\\\/tempelherrenorden.de\\\/cms\\\/es-beruehren-sich-himmel-und-erde\\\/#breadcrumb\",\"itemListElement\":[{\"@type\":\"ListItem\",\"position\":1,\"name\":\"Startseite\",\"item\":\"https:\\\/\\\/tempelherrenorden.de\\\/cms\\\/\"},{\"@type\":\"ListItem\",\"position\":2,\"name\":\"ES BER\u00dcHREN SICH HIMMEL UND ERDE\"}]},{\"@type\":\"WebSite\",\"@id\":\"https:\\\/\\\/tempelherrenorden.de\\\/cms\\\/#website\",\"url\":\"https:\\\/\\\/tempelherrenorden.de\\\/cms\\\/\",\"name\":\"Deutscher Tempelherren-Orden\",\"description\":\"\",\"publisher\":{\"@id\":\"https:\\\/\\\/tempelherrenorden.de\\\/cms\\\/#organization\"},\"potentialAction\":[{\"@type\":\"SearchAction\",\"target\":{\"@type\":\"EntryPoint\",\"urlTemplate\":\"https:\\\/\\\/tempelherrenorden.de\\\/cms\\\/?s={search_term_string}\"},\"query-input\":{\"@type\":\"PropertyValueSpecification\",\"valueRequired\":true,\"valueName\":\"search_term_string\"}}],\"inLanguage\":\"de\"},{\"@type\":\"Organization\",\"@id\":\"https:\\\/\\\/tempelherrenorden.de\\\/cms\\\/#organization\",\"name\":\"Deutscher Tempelherren-Orden OMCT e.V.\",\"url\":\"https:\\\/\\\/tempelherrenorden.de\\\/cms\\\/\",\"logo\":{\"@type\":\"ImageObject\",\"inLanguage\":\"de\",\"@id\":\"https:\\\/\\\/tempelherrenorden.de\\\/cms\\\/#\\\/schema\\\/logo\\\/image\\\/\",\"url\":\"https:\\\/\\\/i0.wp.com\\\/tempelherrenorden.de\\\/cms\\\/wp-content\\\/uploads\\\/2018\\\/01\\\/OMCT-Wappen.jpg?fit=997%2C1198&ssl=1\",\"contentUrl\":\"https:\\\/\\\/i0.wp.com\\\/tempelherrenorden.de\\\/cms\\\/wp-content\\\/uploads\\\/2018\\\/01\\\/OMCT-Wappen.jpg?fit=997%2C1198&ssl=1\",\"width\":997,\"height\":1198,\"caption\":\"Deutscher Tempelherren-Orden OMCT e.V.\"},\"image\":{\"@id\":\"https:\\\/\\\/tempelherrenorden.de\\\/cms\\\/#\\\/schema\\\/logo\\\/image\\\/\"},\"sameAs\":[\"https:\\\/\\\/www.facebook.com\\\/Deutscher-Tempelherren-Orden-OMCT-2054469481490772\\\/\"]},{\"@type\":\"Person\",\"@id\":\"https:\\\/\\\/tempelherrenorden.de\\\/cms\\\/#\\\/schema\\\/person\\\/c4b556c7412791f0ed2d6851086be4aa\",\"name\":\"Redaktion\",\"image\":{\"@type\":\"ImageObject\",\"inLanguage\":\"de\",\"@id\":\"https:\\\/\\\/secure.gravatar.com\\\/avatar\\\/4ed839132852af2d0905f18562e70ba28d4d5c2fa1196284813995a27f534319?s=96&d=mm&r=g\",\"url\":\"https:\\\/\\\/secure.gravatar.com\\\/avatar\\\/4ed839132852af2d0905f18562e70ba28d4d5c2fa1196284813995a27f534319?s=96&d=mm&r=g\",\"contentUrl\":\"https:\\\/\\\/secure.gravatar.com\\\/avatar\\\/4ed839132852af2d0905f18562e70ba28d4d5c2fa1196284813995a27f534319?s=96&d=mm&r=g\",\"caption\":\"Redaktion\"},\"url\":\"https:\\\/\\\/tempelherrenorden.de\\\/cms\\\/author\\\/redaktion\\\/\"}]}<\/script>\n<!-- \/ Yoast SEO plugin. -->","yoast_head_json":{"title":"ES BER\u00dcHREN SICH HIMMEL UND ERDE &#8226; Deutscher Tempelherren-Orden","robots":{"index":"index","follow":"follow","max-snippet":"max-snippet:-1","max-image-preview":"max-image-preview:large","max-video-preview":"max-video-preview:-1"},"canonical":"https:\/\/tempelherrenorden.de\/cms\/es-beruehren-sich-himmel-und-erde\/","og_locale":"de_DE","og_type":"article","og_title":"ES BER\u00dcHREN SICH HIMMEL UND ERDE &#8226; Deutscher Tempelherren-Orden","og_description":"Predigtgedanken zum 2. Fastensonntag \u2013 Lk 9:28b \u2013 36 &amp; Gen 15:1 &#8211; 18 Der Refrain eines Neuen Geistlichen Liedes lautet: \u201eDa ber\u00fchren sich Himmel und Erde\u2026\u201c. Dieser Text f\u00fchrte mich zu den heutigen Lesungen aus dem Alten Testament und dem Evangelium. K\u00f6nnen wir wirklich Gott begegnen, wo oder was\u2026 Artikel lesen","og_url":"https:\/\/tempelherrenorden.de\/cms\/es-beruehren-sich-himmel-und-erde\/","og_site_name":"Deutscher Tempelherren-Orden","article_publisher":"https:\/\/www.facebook.com\/Deutscher-Tempelherren-Orden-OMCT-2054469481490772\/","article_published_time":"2022-03-12T19:17:30+00:00","article_modified_time":"2023-02-02T15:32:01+00:00","author":"Redaktion","twitter_card":"summary_large_image","twitter_misc":{"Verfasst von":"Redaktion","Gesch\u00e4tzte Lesezeit":"6\u00a0Minuten"},"schema":{"@context":"https:\/\/schema.org","@graph":[{"@type":"Article","@id":"https:\/\/tempelherrenorden.de\/cms\/es-beruehren-sich-himmel-und-erde\/#article","isPartOf":{"@id":"https:\/\/tempelherrenorden.de\/cms\/es-beruehren-sich-himmel-und-erde\/"},"author":{"name":"Redaktion","@id":"https:\/\/tempelherrenorden.de\/cms\/#\/schema\/person\/c4b556c7412791f0ed2d6851086be4aa"},"headline":"ES BER\u00dcHREN SICH HIMMEL UND ERDE","datePublished":"2022-03-12T19:17:30+00:00","dateModified":"2023-02-02T15:32:01+00:00","mainEntityOfPage":{"@id":"https:\/\/tempelherrenorden.de\/cms\/es-beruehren-sich-himmel-und-erde\/"},"wordCount":1048,"publisher":{"@id":"https:\/\/tempelherrenorden.de\/cms\/#organization"},"keywords":["Matthias David","Predigt","Tempelherren","Tempelritter","Templer"],"inLanguage":"de"},{"@type":"WebPage","@id":"https:\/\/tempelherrenorden.de\/cms\/es-beruehren-sich-himmel-und-erde\/","url":"https:\/\/tempelherrenorden.de\/cms\/es-beruehren-sich-himmel-und-erde\/","name":"ES BER\u00dcHREN SICH HIMMEL UND ERDE &#8226; Deutscher Tempelherren-Orden","isPartOf":{"@id":"https:\/\/tempelherrenorden.de\/cms\/#website"},"datePublished":"2022-03-12T19:17:30+00:00","dateModified":"2023-02-02T15:32:01+00:00","breadcrumb":{"@id":"https:\/\/tempelherrenorden.de\/cms\/es-beruehren-sich-himmel-und-erde\/#breadcrumb"},"inLanguage":"de","potentialAction":[{"@type":"ReadAction","target":["https:\/\/tempelherrenorden.de\/cms\/es-beruehren-sich-himmel-und-erde\/"]}]},{"@type":"BreadcrumbList","@id":"https:\/\/tempelherrenorden.de\/cms\/es-beruehren-sich-himmel-und-erde\/#breadcrumb","itemListElement":[{"@type":"ListItem","position":1,"name":"Startseite","item":"https:\/\/tempelherrenorden.de\/cms\/"},{"@type":"ListItem","position":2,"name":"ES BER\u00dcHREN SICH HIMMEL UND ERDE"}]},{"@type":"WebSite","@id":"https:\/\/tempelherrenorden.de\/cms\/#website","url":"https:\/\/tempelherrenorden.de\/cms\/","name":"Deutscher Tempelherren-Orden","description":"","publisher":{"@id":"https:\/\/tempelherrenorden.de\/cms\/#organization"},"potentialAction":[{"@type":"SearchAction","target":{"@type":"EntryPoint","urlTemplate":"https:\/\/tempelherrenorden.de\/cms\/?s={search_term_string}"},"query-input":{"@type":"PropertyValueSpecification","valueRequired":true,"valueName":"search_term_string"}}],"inLanguage":"de"},{"@type":"Organization","@id":"https:\/\/tempelherrenorden.de\/cms\/#organization","name":"Deutscher Tempelherren-Orden OMCT e.V.","url":"https:\/\/tempelherrenorden.de\/cms\/","logo":{"@type":"ImageObject","inLanguage":"de","@id":"https:\/\/tempelherrenorden.de\/cms\/#\/schema\/logo\/image\/","url":"https:\/\/i0.wp.com\/tempelherrenorden.de\/cms\/wp-content\/uploads\/2018\/01\/OMCT-Wappen.jpg?fit=997%2C1198&ssl=1","contentUrl":"https:\/\/i0.wp.com\/tempelherrenorden.de\/cms\/wp-content\/uploads\/2018\/01\/OMCT-Wappen.jpg?fit=997%2C1198&ssl=1","width":997,"height":1198,"caption":"Deutscher Tempelherren-Orden OMCT e.V."},"image":{"@id":"https:\/\/tempelherrenorden.de\/cms\/#\/schema\/logo\/image\/"},"sameAs":["https:\/\/www.facebook.com\/Deutscher-Tempelherren-Orden-OMCT-2054469481490772\/"]},{"@type":"Person","@id":"https:\/\/tempelherrenorden.de\/cms\/#\/schema\/person\/c4b556c7412791f0ed2d6851086be4aa","name":"Redaktion","image":{"@type":"ImageObject","inLanguage":"de","@id":"https:\/\/secure.gravatar.com\/avatar\/4ed839132852af2d0905f18562e70ba28d4d5c2fa1196284813995a27f534319?s=96&d=mm&r=g","url":"https:\/\/secure.gravatar.com\/avatar\/4ed839132852af2d0905f18562e70ba28d4d5c2fa1196284813995a27f534319?s=96&d=mm&r=g","contentUrl":"https:\/\/secure.gravatar.com\/avatar\/4ed839132852af2d0905f18562e70ba28d4d5c2fa1196284813995a27f534319?s=96&d=mm&r=g","caption":"Redaktion"},"url":"https:\/\/tempelherrenorden.de\/cms\/author\/redaktion\/"}]}},"jetpack_featured_media_url":"","jetpack_shortlink":"https:\/\/wp.me\/p5yQvL-1aK","jetpack_sharing_enabled":true,"_links":{"self":[{"href":"https:\/\/tempelherrenorden.de\/cms\/wp-json\/wp\/v2\/posts\/4510","targetHints":{"allow":["GET"]}}],"collection":[{"href":"https:\/\/tempelherrenorden.de\/cms\/wp-json\/wp\/v2\/posts"}],"about":[{"href":"https:\/\/tempelherrenorden.de\/cms\/wp-json\/wp\/v2\/types\/post"}],"author":[{"embeddable":true,"href":"https:\/\/tempelherrenorden.de\/cms\/wp-json\/wp\/v2\/users\/10"}],"replies":[{"embeddable":true,"href":"https:\/\/tempelherrenorden.de\/cms\/wp-json\/wp\/v2\/comments?post=4510"}],"version-history":[{"count":2,"href":"https:\/\/tempelherrenorden.de\/cms\/wp-json\/wp\/v2\/posts\/4510\/revisions"}],"predecessor-version":[{"id":4789,"href":"https:\/\/tempelherrenorden.de\/cms\/wp-json\/wp\/v2\/posts\/4510\/revisions\/4789"}],"wp:attachment":[{"href":"https:\/\/tempelherrenorden.de\/cms\/wp-json\/wp\/v2\/media?parent=4510"}],"wp:term":[{"taxonomy":"category","embeddable":true,"href":"https:\/\/tempelherrenorden.de\/cms\/wp-json\/wp\/v2\/categories?post=4510"},{"taxonomy":"post_tag","embeddable":true,"href":"https:\/\/tempelherrenorden.de\/cms\/wp-json\/wp\/v2\/tags?post=4510"}],"curies":[{"name":"wp","href":"https:\/\/api.w.org\/{rel}","templated":true}]}}