{"id":4781,"date":"2023-01-28T19:35:02","date_gmt":"2023-01-28T18:35:02","guid":{"rendered":"https:\/\/tempelherrenorden.de\/cms\/?p=4781"},"modified":"2023-01-28T19:35:03","modified_gmt":"2023-01-28T18:35:03","slug":"mehr-als-wuensche","status":"publish","type":"post","link":"https:\/\/tempelherrenorden.de\/cms\/mehr-als-wuensche\/","title":{"rendered":"MEHR ALS W\u00dcNSCHE!?"},"content":{"rendered":"\n<p class=\"wp-block-paragraph\">(Predigtgedanken zum 4. Sonntag im Jahreskreis Mt 5:1\u201312, Zef 2:3\u201312, 1 Kor 1:26-31)<\/p>\n\n\n\n<p class=\"wp-block-paragraph\">Die Seligpreisungen stehen quer zu unseren Alltagserfahrungen. In ihnen gibt uns Jesus \u2013 gleichsam als &#8222;Regierungserkl\u00e4rung&#8220; beim Antritt seiner Sendung \u2013 Gegenbilder, die uns einerseits tr\u00f6sten, aber vor allem Halt geben.<\/p>\n\n\n\n<h3 class=\"wp-block-heading\"><em>GL\u00dcCKW\u00dcNSCHE<\/em><\/h3>\n\n\n\n<p class=\"wp-block-paragraph\">Aber Jesus \u2013 wie weltfremd bist du? Ich will Dir jetzt mal erz\u00e4hlen, wie es bei uns zugeht:<br \/>Gl\u00fccklich ist, wer viel Geld hat, eine dicke Rente&#8230;<br \/>Gl\u00fccklich ist, wer ein dickes Fell hat&#8230;<br \/>Gl\u00fccklich ist, wer sein Gesicht nie verliert&#8230;<br \/>Gl\u00fccklich ist, wer oben ist&#8230;<br \/>Gl\u00fccklich ist, &#8230;<br \/>Herr, ich wei\u00df nicht: So viele Menschen haben alles \u2013 und sind ungl\u00fccklich.<\/p>\n\n\n\n<!--more-->\n\n\n\n<p class=\"wp-block-paragraph\">Ich kann mich an einen Pfarrerfilm erinnern. Den Titel kenne ich nicht mehr, sehe aber den Schauspieler vor mir. Im Film hat er gleich mehrere Doktortitel, smart ist er auch, wenn gleich auch ein wenig glatt. Aalglatt. Der alte Pfarrer wird auch gezeigt. Ein wenig verhutzelt. Traurig. Mit leerer Kirche. Wir sehen alte Leute, ein Handvoll. Menschen von gestern. Sterbende Kirche. &#8211; Jetzt kommt der neue. Selbstbewusst. Die Kirche ist auf einmal voll. Die erste Predigt, die im Film inszeniert wird, sind die Seligpreisungen Jesu. Das muss man dem Regisseur dann lassen: Es sind alle Seligpreisungen, die im Film zu h\u00f6ren und zu sehen sind. Zu sehen sind Menschen, die gebannt den Worten lauschen. Langsam sucht sich die Kamera die Gesichter, die Minen, die Augen.<br \/>Selig sind die Armen, die Trauernden, die Gewaltlosen, die Hungrigen, die Barmherzigen&#8230; Eine gro\u00dfe Sehnsucht spiegelt sind in den Gesichtern. Die Sehnsucht, dass die Welt doch anders sein soll.<br \/><br \/>Inzwischen geht die Angst um \u2013 vor Abstieg. Vor sozialem Abstieg. Eine ganze Schicht soll davon betroffen sein, h\u00f6rt man, liest man. Und geglaubt wird das von vielen Menschen, die den Druck weiterreichen. In ihren Familien, bei ihren Kindern. Mit b\u00f6sem Blick nach oben, wo sich die Erfolgreichen festgefressen haben, nach unten, wo alle m\u00f6glichen Kreaturen ihre L\u00f6ffel in unsere T\u00f6pfe stecken. Denen, die nichts haben, aber die Schneid haben, zu uns zu kommen, eilt gar der Ruf voraus, sie wollten uns das christliche Abendland nehmen.<br \/><br \/>Entschuldigung, schweife ich ab? Wo waren wir stehengeblieben? Bei der Seligkeit eines Menschen. Bei der Seligkeit? Ein altes Wort, aber es birgt in sich, was unser Leben h\u00e4lt, was unser Leben reich macht, was uns gl\u00fccklich \u2013 macht.<br \/><br \/>Heute h\u00f6ren wir Jesus. Er hat Gl\u00fcckw\u00fcnsche f\u00fcr uns. Er w\u00fcnscht uns Gl\u00fcck. Er schenkt uns Gl\u00fcck.<br \/>Gl\u00fccklich bist du, wenn du nicht auf dich hereinf\u00e4llst&#8230;<br \/>Gl\u00fccklich bist du, wenn du lieben kannst&#8230;<br \/>Gl\u00fccklich bist du, wenn du Frieden stiftest&#8230;<\/p>\n\n\n\n<h3 class=\"wp-block-heading\"><em>REGIERUNGSERKL\u00c4RUNG JESU<\/em><\/h3>\n\n\n\n<p class=\"wp-block-paragraph\">Die \u2013 sogenannten \u2013 Seligpreisungen Jesu haben Menschen vor langer Zeit auch die Regierungserkl\u00e4rung Jesu genannt. Er beginnt damit seine \u00f6ffentliche Wirksamkeit. Welche Vorstellungen hat er von seinem Dienst, von seinem Weg? In welche Richtung wird er gehen? Wohin nimmt er uns mit? Schlie\u00dflich sind die Seligpreisungen nicht einsam und verlassen vorgetragen worden. Sie gelten erst einmal den J\u00fcngern, und wir sitzen um sie herum, sie in unserer Mitte. Ich frage: Was ist das f\u00fcr ein Programm?<br \/><br \/>Ich k\u00f6nnte jetzt nat\u00fcrlich die Geschichten erz\u00e4hlen: schuldige Menschen werden freigesprochen, trauernde aufgerichtet, barmherzige gl\u00fccklich gemacht. Sonntag f\u00fcr Sonntag gehen uns diese Geschichten auf. Vorgelesen, bedacht, ins Gebet genommen. Es sind Jesus-Geschichten. Evangelien. So fremd sie uns manchmal sein m\u00f6gen \u2013 sie werden uns zu Verhei\u00dfungen, zu Bildern der Welt Gottes.<\/p>\n\n\n\n<h3 class=\"wp-block-heading\"><em>GEGENBILDER<\/em><\/h3>\n\n\n\n<p class=\"wp-block-paragraph\">Es sind im besten Sinn des Wortes Gegenbilder. Gegenbilder zu den vertrauten, eingespielten und langweiligen Bildern, mit denen wir tagein tagaus leben.<br \/><br \/>Der Prophet Zefanja, einer der zw\u00f6lf kleinen Propheten, lenkt unseren Blick auf ein dem\u00fctiges und armes Volk, das \u2013 so hei\u00dft es \u2013 seine Zuflucht bei Gott sucht. Der \u201ekleine\u201c Prophet verwandelt Erfahrungen:<br \/>Israel ist gedem\u00fctigt worden, l\u00e4cherlich gemacht vor den Augen der ganzen Welt. Aber es geht nicht unter: es birgt sich bei Gott.<br \/>Israel ist armselig geworden, der Ruhm gro\u00dfer Geschichte ist dahin. Aber es geht nicht unter: es birgt sich bei Gott.<br \/>Es ist die Geborgenheit bei Gott, die neue Gr\u00f6\u00dfe verleiht &#8211; und auch eine neue Hoffnung, ein neues Vertrauen, ein neues Selbstbewusstsein. Wir k\u00f6nnten auch frei von der Leber erz\u00e4hlen: Gl\u00fccklich ist der Mensch, der einen Halt hat, der wei\u00df, wohin er geh\u00f6rt.<br \/><em>Selig, die arm sind vor Gott; denn ihnen geh\u00f6rt das Himmelreich!<br \/>Selig die Trauernden, denn sie werden getr\u00f6stet werden!<br \/>Selig, die keine Gewalt anwenden, denn sie werden das Land erben.<br \/><\/em><br \/>Und dann mischt sich auch Paulus noch ein:<br \/>\u201e<em>Seht auf eure Berufung, Br\u00fcder und Schwestern! Da sind nicht viele Weise im irdischen Sinn, nicht viele M\u00e4chtige, nicht viele Vornehme, sondern das T\u00f6richte in der Welt hat Gott erw\u00e4hlt, um die Weisen zuschanden zu machen, und das Schwache in der Welt hat Gott erw\u00e4hlt, um das Starke zuschanden zu machen.\u201c<br \/><\/em><br \/>Es geh\u00f6rt schon etwas dazu, das T\u00f6richte und Schwache so hoch anzusetzen, dass es f\u00fcr uns nicht nur Ma\u00dfstab, sondern auch Inbegriff von Gl\u00fcck wird! Ich kann verstehen, dass die Leute in Korinth, die den Brief bekamen, sehr unwirsch reagiert haben sollen. Sie haben sich doch als Weise angesehen, die mit jedem ankommenden Schiff \u2013 Korinth war eine bedeutende Hafen- und Handelsstadt &#8211; die Weisheit der gro\u00dfen Welt mit L\u00f6ffeln gefressen haben. Dass der kleinen Gemeinde in Korinth der Ruf vorauseilte, nicht vornehm zu sein, wurmte die Menschen: Wenn sie schon Christen geworden waren, mussten sie schon etwas Besonderes sein. Paulus kam da schlecht weg. Mit den gro\u00dfen Denkern, die in Korinth zur Nachbarschaft geh\u00f6ren und mit denen man sich duzte, kam er nicht mit. Umso gewichtiger ist, was zu lesen, was zu verstehen ist: Gott selbst hat sich klein gemacht, seine Weisheit hinter oder \u00fcber sich gelassen. Am Kreuz ist Jesus gestorben. Seine Liebe gilt den Verlorenen, den Schuldigen, den Kleinen, den Armen. Gl\u00fccklich ist der Mensch, der einen Halt gibt, der wei\u00df, wie leere H\u00e4nde gef\u00fcllt werden.<br \/><br \/><em>Selig, die hungern und d\u00fcrsten nach der Gerechtigkeit; denn sie werden satt werden.<br \/>Selig die Barmherzigen; denn sie werden Erbarmen finden.<br \/>Selig, die ein reines Herz haben; denn sie werden Gott schauen.<\/em><\/p>\n\n\n\n<h3 class=\"wp-block-heading\"><em>SUCHEN UND SCHAUEN<\/em><\/h3>\n\n\n\n<p class=\"wp-block-paragraph\">Gott schauen! Das ist\u2019 s!<br \/>Zefanja: <em>\u201eSucht den Herrn, ihr Gedem\u00fctigten im Land, die ihr nach dem Recht des Herrn lebt. Sucht Gerechtigkeit, sucht Demut!\u201c <\/em>\u2013 Sucht!<br \/>Paulus: <em>\u201eSeht auf eure Berufung, Schwestern, Br\u00fcder! Da sind nicht viele Weise im irdischen Sinn, nicht viele M\u00e4chtige, nicht viele Vornehme\u201c <\/em>&#8211; Schaut!<br \/><br \/>Suchen und Schauen werden zu Zauberworten einer neuen Welt. Sie f\u00fchren auch in eine neue Welt. Wir sind nicht fertig, noch nicht angekommen&#8230; Wir haben noch nicht alles gesehen, nicht alles verstanden&#8230; Wir werden den Himmel finden, unerwartet unter uns&#8230; Wir Seligen!<br \/><br \/>Hans Dieter H\u00fcsch hat in einem Psalmgedicht den weiten Bogen geschlagen:<br \/><br \/>Ich bin vergn\u00fcgt, erl\u00f6st, befreit.<br \/><\/p>\n\n\n\n<p class=\"wp-block-paragraph\">Gott nahm in seine H\u00e4nde meine Zeit,<br \/>mein F\u00fchlen, Denken, H\u00f6ren, Sagen,<br \/>mein Triumphieren und Verzagen,<br \/>das Elend und die Z\u00e4rtlichkeit.<br \/><\/p>\n\n\n\n<p class=\"wp-block-paragraph\">Was macht, dass ich so fr\u00f6hlich bin<br \/>im meinem kleinen Reich?<br \/>Ich sing und tanze her und hin<br \/>vom Kindbett bis zur Leich.<br \/><br \/>Was macht dass ich so furchtlos bin<br \/>an vielen dunklen Tagen?<br \/>Es kommt ein Geist in meinen Sinn,<br \/>will mich durchs Leben tragen.<br \/><br \/>Was macht, dass ich so unbeschwert<br \/>und mich kein Tr\u00fcbsinn h\u00e4lt?<br \/>Weil mich mein Gott das Lachen lehrt<br \/>wohl \u00fcber alle Welt.<br \/><br \/>Amen<\/p>\n\n\n\n<p class=\"wp-block-paragraph\"><\/p>\n\n\n\n<p class=\"has-text-align-right wp-block-paragraph\">Seneschall Matthias David<\/p>\n","protected":false},"excerpt":{"rendered":"<p>(Predigtgedanken zum 4. Sonntag im Jahreskreis Mt 5:1\u201312, Zef 2:3\u201312, 1 Kor 1:26-31) Die Seligpreisungen stehen quer zu unseren Alltagserfahrungen. In ihnen gibt uns Jesus \u2013 gleichsam als &#8222;Regierungserkl\u00e4rung&#8220; beim Antritt seiner Sendung \u2013 Gegenbilder, die uns einerseits tr\u00f6sten, aber vor allem Halt geben. GL\u00dcCKW\u00dcNSCHE Aber Jesus \u2013 wie weltfremd\u2026<\/p>\n<p> <a class=\"continue-reading-link\" href=\"https:\/\/tempelherrenorden.de\/cms\/mehr-als-wuensche\/\"><span>Artikel lesen<\/span><i class=\"crycon-right-dir\"><\/i><\/a> <\/p>\n","protected":false},"author":10,"featured_media":0,"comment_status":"closed","ping_status":"closed","sticky":false,"template":"","format":"standard","meta":{"_crdt_document":"","jetpack_post_was_ever_published":false,"_jetpack_newsletter_access":"","_jetpack_dont_email_post_to_subs":false,"_jetpack_newsletter_tier_id":0,"_jetpack_memberships_contains_paywalled_content":false,"_jetpack_memberships_contains_paid_content":false,"footnotes":""},"categories":[1],"tags":[134,92,63,45,44],"class_list":["post-4781","post","type-post","status-publish","format-standard","hentry","category-allgemein","tag-matthias-david","tag-predigt","tag-tempelherren","tag-tempelritter","tag-templer"],"yoast_head":"<!-- This site is optimized with the Yoast SEO plugin v27.4 - https:\/\/yoast.com\/product\/yoast-seo-wordpress\/ -->\n<title>MEHR ALS W\u00dcNSCHE!? &#8226; Deutscher Tempelherren-Orden<\/title>\n<meta name=\"robots\" content=\"index, follow, max-snippet:-1, max-image-preview:large, max-video-preview:-1\" \/>\n<link rel=\"canonical\" href=\"https:\/\/tempelherrenorden.de\/cms\/mehr-als-wuensche\/\" \/>\n<meta property=\"og:locale\" content=\"de_DE\" \/>\n<meta property=\"og:type\" content=\"article\" \/>\n<meta property=\"og:title\" content=\"MEHR ALS W\u00dcNSCHE!? &#8226; Deutscher Tempelherren-Orden\" \/>\n<meta property=\"og:description\" content=\"(Predigtgedanken zum 4. Sonntag im Jahreskreis Mt 5:1\u201312, Zef 2:3\u201312, 1 Kor 1:26-31) Die Seligpreisungen stehen quer zu unseren Alltagserfahrungen. In ihnen gibt uns Jesus \u2013 gleichsam als &#8222;Regierungserkl\u00e4rung&#8220; beim Antritt seiner Sendung \u2013 Gegenbilder, die uns einerseits tr\u00f6sten, aber vor allem Halt geben. GL\u00dcCKW\u00dcNSCHE Aber Jesus \u2013 wie weltfremd\u2026 Artikel lesen\" \/>\n<meta property=\"og:url\" content=\"https:\/\/tempelherrenorden.de\/cms\/mehr-als-wuensche\/\" \/>\n<meta property=\"og:site_name\" content=\"Deutscher Tempelherren-Orden\" \/>\n<meta property=\"article:publisher\" content=\"https:\/\/www.facebook.com\/Deutscher-Tempelherren-Orden-OMCT-2054469481490772\/\" \/>\n<meta property=\"article:published_time\" content=\"2023-01-28T18:35:02+00:00\" \/>\n<meta property=\"article:modified_time\" content=\"2023-01-28T18:35:03+00:00\" \/>\n<meta name=\"author\" content=\"Redaktion\" \/>\n<meta name=\"twitter:card\" content=\"summary_large_image\" \/>\n<meta name=\"twitter:label1\" content=\"Verfasst von\" \/>\n\t<meta name=\"twitter:data1\" content=\"Redaktion\" \/>\n\t<meta name=\"twitter:label2\" content=\"Gesch\u00e4tzte Lesezeit\" \/>\n\t<meta name=\"twitter:data2\" content=\"7\u00a0Minuten\" \/>\n<script type=\"application\/ld+json\" class=\"yoast-schema-graph\">{\"@context\":\"https:\\\/\\\/schema.org\",\"@graph\":[{\"@type\":\"Article\",\"@id\":\"https:\\\/\\\/tempelherrenorden.de\\\/cms\\\/mehr-als-wuensche\\\/#article\",\"isPartOf\":{\"@id\":\"https:\\\/\\\/tempelherrenorden.de\\\/cms\\\/mehr-als-wuensche\\\/\"},\"author\":{\"name\":\"Redaktion\",\"@id\":\"https:\\\/\\\/tempelherrenorden.de\\\/cms\\\/#\\\/schema\\\/person\\\/c4b556c7412791f0ed2d6851086be4aa\"},\"headline\":\"MEHR ALS W\u00dcNSCHE!?\",\"datePublished\":\"2023-01-28T18:35:02+00:00\",\"dateModified\":\"2023-01-28T18:35:03+00:00\",\"mainEntityOfPage\":{\"@id\":\"https:\\\/\\\/tempelherrenorden.de\\\/cms\\\/mehr-als-wuensche\\\/\"},\"wordCount\":1269,\"publisher\":{\"@id\":\"https:\\\/\\\/tempelherrenorden.de\\\/cms\\\/#organization\"},\"keywords\":[\"Matthias David\",\"Predigt\",\"Tempelherren\",\"Tempelritter\",\"Templer\"],\"inLanguage\":\"de\"},{\"@type\":\"WebPage\",\"@id\":\"https:\\\/\\\/tempelherrenorden.de\\\/cms\\\/mehr-als-wuensche\\\/\",\"url\":\"https:\\\/\\\/tempelherrenorden.de\\\/cms\\\/mehr-als-wuensche\\\/\",\"name\":\"MEHR ALS W\u00dcNSCHE!? &#8226; Deutscher Tempelherren-Orden\",\"isPartOf\":{\"@id\":\"https:\\\/\\\/tempelherrenorden.de\\\/cms\\\/#website\"},\"datePublished\":\"2023-01-28T18:35:02+00:00\",\"dateModified\":\"2023-01-28T18:35:03+00:00\",\"breadcrumb\":{\"@id\":\"https:\\\/\\\/tempelherrenorden.de\\\/cms\\\/mehr-als-wuensche\\\/#breadcrumb\"},\"inLanguage\":\"de\",\"potentialAction\":[{\"@type\":\"ReadAction\",\"target\":[\"https:\\\/\\\/tempelherrenorden.de\\\/cms\\\/mehr-als-wuensche\\\/\"]}]},{\"@type\":\"BreadcrumbList\",\"@id\":\"https:\\\/\\\/tempelherrenorden.de\\\/cms\\\/mehr-als-wuensche\\\/#breadcrumb\",\"itemListElement\":[{\"@type\":\"ListItem\",\"position\":1,\"name\":\"Startseite\",\"item\":\"https:\\\/\\\/tempelherrenorden.de\\\/cms\\\/\"},{\"@type\":\"ListItem\",\"position\":2,\"name\":\"MEHR ALS W\u00dcNSCHE!?\"}]},{\"@type\":\"WebSite\",\"@id\":\"https:\\\/\\\/tempelherrenorden.de\\\/cms\\\/#website\",\"url\":\"https:\\\/\\\/tempelherrenorden.de\\\/cms\\\/\",\"name\":\"Deutscher Tempelherren-Orden\",\"description\":\"\",\"publisher\":{\"@id\":\"https:\\\/\\\/tempelherrenorden.de\\\/cms\\\/#organization\"},\"potentialAction\":[{\"@type\":\"SearchAction\",\"target\":{\"@type\":\"EntryPoint\",\"urlTemplate\":\"https:\\\/\\\/tempelherrenorden.de\\\/cms\\\/?s={search_term_string}\"},\"query-input\":{\"@type\":\"PropertyValueSpecification\",\"valueRequired\":true,\"valueName\":\"search_term_string\"}}],\"inLanguage\":\"de\"},{\"@type\":\"Organization\",\"@id\":\"https:\\\/\\\/tempelherrenorden.de\\\/cms\\\/#organization\",\"name\":\"Deutscher Tempelherren-Orden OMCT e.V.\",\"url\":\"https:\\\/\\\/tempelherrenorden.de\\\/cms\\\/\",\"logo\":{\"@type\":\"ImageObject\",\"inLanguage\":\"de\",\"@id\":\"https:\\\/\\\/tempelherrenorden.de\\\/cms\\\/#\\\/schema\\\/logo\\\/image\\\/\",\"url\":\"https:\\\/\\\/i0.wp.com\\\/tempelherrenorden.de\\\/cms\\\/wp-content\\\/uploads\\\/2018\\\/01\\\/OMCT-Wappen.jpg?fit=997%2C1198&ssl=1\",\"contentUrl\":\"https:\\\/\\\/i0.wp.com\\\/tempelherrenorden.de\\\/cms\\\/wp-content\\\/uploads\\\/2018\\\/01\\\/OMCT-Wappen.jpg?fit=997%2C1198&ssl=1\",\"width\":997,\"height\":1198,\"caption\":\"Deutscher Tempelherren-Orden OMCT e.V.\"},\"image\":{\"@id\":\"https:\\\/\\\/tempelherrenorden.de\\\/cms\\\/#\\\/schema\\\/logo\\\/image\\\/\"},\"sameAs\":[\"https:\\\/\\\/www.facebook.com\\\/Deutscher-Tempelherren-Orden-OMCT-2054469481490772\\\/\"]},{\"@type\":\"Person\",\"@id\":\"https:\\\/\\\/tempelherrenorden.de\\\/cms\\\/#\\\/schema\\\/person\\\/c4b556c7412791f0ed2d6851086be4aa\",\"name\":\"Redaktion\",\"image\":{\"@type\":\"ImageObject\",\"inLanguage\":\"de\",\"@id\":\"https:\\\/\\\/secure.gravatar.com\\\/avatar\\\/4ed839132852af2d0905f18562e70ba28d4d5c2fa1196284813995a27f534319?s=96&d=mm&r=g\",\"url\":\"https:\\\/\\\/secure.gravatar.com\\\/avatar\\\/4ed839132852af2d0905f18562e70ba28d4d5c2fa1196284813995a27f534319?s=96&d=mm&r=g\",\"contentUrl\":\"https:\\\/\\\/secure.gravatar.com\\\/avatar\\\/4ed839132852af2d0905f18562e70ba28d4d5c2fa1196284813995a27f534319?s=96&d=mm&r=g\",\"caption\":\"Redaktion\"},\"url\":\"https:\\\/\\\/tempelherrenorden.de\\\/cms\\\/author\\\/redaktion\\\/\"}]}<\/script>\n<!-- \/ Yoast SEO plugin. -->","yoast_head_json":{"title":"MEHR ALS W\u00dcNSCHE!? &#8226; Deutscher Tempelherren-Orden","robots":{"index":"index","follow":"follow","max-snippet":"max-snippet:-1","max-image-preview":"max-image-preview:large","max-video-preview":"max-video-preview:-1"},"canonical":"https:\/\/tempelherrenorden.de\/cms\/mehr-als-wuensche\/","og_locale":"de_DE","og_type":"article","og_title":"MEHR ALS W\u00dcNSCHE!? &#8226; Deutscher Tempelherren-Orden","og_description":"(Predigtgedanken zum 4. Sonntag im Jahreskreis Mt 5:1\u201312, Zef 2:3\u201312, 1 Kor 1:26-31) Die Seligpreisungen stehen quer zu unseren Alltagserfahrungen. In ihnen gibt uns Jesus \u2013 gleichsam als &#8222;Regierungserkl\u00e4rung&#8220; beim Antritt seiner Sendung \u2013 Gegenbilder, die uns einerseits tr\u00f6sten, aber vor allem Halt geben. GL\u00dcCKW\u00dcNSCHE Aber Jesus \u2013 wie weltfremd\u2026 Artikel lesen","og_url":"https:\/\/tempelherrenorden.de\/cms\/mehr-als-wuensche\/","og_site_name":"Deutscher Tempelherren-Orden","article_publisher":"https:\/\/www.facebook.com\/Deutscher-Tempelherren-Orden-OMCT-2054469481490772\/","article_published_time":"2023-01-28T18:35:02+00:00","article_modified_time":"2023-01-28T18:35:03+00:00","author":"Redaktion","twitter_card":"summary_large_image","twitter_misc":{"Verfasst von":"Redaktion","Gesch\u00e4tzte Lesezeit":"7\u00a0Minuten"},"schema":{"@context":"https:\/\/schema.org","@graph":[{"@type":"Article","@id":"https:\/\/tempelherrenorden.de\/cms\/mehr-als-wuensche\/#article","isPartOf":{"@id":"https:\/\/tempelherrenorden.de\/cms\/mehr-als-wuensche\/"},"author":{"name":"Redaktion","@id":"https:\/\/tempelherrenorden.de\/cms\/#\/schema\/person\/c4b556c7412791f0ed2d6851086be4aa"},"headline":"MEHR ALS W\u00dcNSCHE!?","datePublished":"2023-01-28T18:35:02+00:00","dateModified":"2023-01-28T18:35:03+00:00","mainEntityOfPage":{"@id":"https:\/\/tempelherrenorden.de\/cms\/mehr-als-wuensche\/"},"wordCount":1269,"publisher":{"@id":"https:\/\/tempelherrenorden.de\/cms\/#organization"},"keywords":["Matthias David","Predigt","Tempelherren","Tempelritter","Templer"],"inLanguage":"de"},{"@type":"WebPage","@id":"https:\/\/tempelherrenorden.de\/cms\/mehr-als-wuensche\/","url":"https:\/\/tempelherrenorden.de\/cms\/mehr-als-wuensche\/","name":"MEHR ALS W\u00dcNSCHE!? &#8226; Deutscher Tempelherren-Orden","isPartOf":{"@id":"https:\/\/tempelherrenorden.de\/cms\/#website"},"datePublished":"2023-01-28T18:35:02+00:00","dateModified":"2023-01-28T18:35:03+00:00","breadcrumb":{"@id":"https:\/\/tempelherrenorden.de\/cms\/mehr-als-wuensche\/#breadcrumb"},"inLanguage":"de","potentialAction":[{"@type":"ReadAction","target":["https:\/\/tempelherrenorden.de\/cms\/mehr-als-wuensche\/"]}]},{"@type":"BreadcrumbList","@id":"https:\/\/tempelherrenorden.de\/cms\/mehr-als-wuensche\/#breadcrumb","itemListElement":[{"@type":"ListItem","position":1,"name":"Startseite","item":"https:\/\/tempelherrenorden.de\/cms\/"},{"@type":"ListItem","position":2,"name":"MEHR ALS W\u00dcNSCHE!?"}]},{"@type":"WebSite","@id":"https:\/\/tempelherrenorden.de\/cms\/#website","url":"https:\/\/tempelherrenorden.de\/cms\/","name":"Deutscher Tempelherren-Orden","description":"","publisher":{"@id":"https:\/\/tempelherrenorden.de\/cms\/#organization"},"potentialAction":[{"@type":"SearchAction","target":{"@type":"EntryPoint","urlTemplate":"https:\/\/tempelherrenorden.de\/cms\/?s={search_term_string}"},"query-input":{"@type":"PropertyValueSpecification","valueRequired":true,"valueName":"search_term_string"}}],"inLanguage":"de"},{"@type":"Organization","@id":"https:\/\/tempelherrenorden.de\/cms\/#organization","name":"Deutscher Tempelherren-Orden OMCT e.V.","url":"https:\/\/tempelherrenorden.de\/cms\/","logo":{"@type":"ImageObject","inLanguage":"de","@id":"https:\/\/tempelherrenorden.de\/cms\/#\/schema\/logo\/image\/","url":"https:\/\/i0.wp.com\/tempelherrenorden.de\/cms\/wp-content\/uploads\/2018\/01\/OMCT-Wappen.jpg?fit=997%2C1198&ssl=1","contentUrl":"https:\/\/i0.wp.com\/tempelherrenorden.de\/cms\/wp-content\/uploads\/2018\/01\/OMCT-Wappen.jpg?fit=997%2C1198&ssl=1","width":997,"height":1198,"caption":"Deutscher Tempelherren-Orden OMCT e.V."},"image":{"@id":"https:\/\/tempelherrenorden.de\/cms\/#\/schema\/logo\/image\/"},"sameAs":["https:\/\/www.facebook.com\/Deutscher-Tempelherren-Orden-OMCT-2054469481490772\/"]},{"@type":"Person","@id":"https:\/\/tempelherrenorden.de\/cms\/#\/schema\/person\/c4b556c7412791f0ed2d6851086be4aa","name":"Redaktion","image":{"@type":"ImageObject","inLanguage":"de","@id":"https:\/\/secure.gravatar.com\/avatar\/4ed839132852af2d0905f18562e70ba28d4d5c2fa1196284813995a27f534319?s=96&d=mm&r=g","url":"https:\/\/secure.gravatar.com\/avatar\/4ed839132852af2d0905f18562e70ba28d4d5c2fa1196284813995a27f534319?s=96&d=mm&r=g","contentUrl":"https:\/\/secure.gravatar.com\/avatar\/4ed839132852af2d0905f18562e70ba28d4d5c2fa1196284813995a27f534319?s=96&d=mm&r=g","caption":"Redaktion"},"url":"https:\/\/tempelherrenorden.de\/cms\/author\/redaktion\/"}]}},"jetpack_featured_media_url":"","jetpack_shortlink":"https:\/\/wp.me\/p5yQvL-1f7","jetpack_sharing_enabled":true,"_links":{"self":[{"href":"https:\/\/tempelherrenorden.de\/cms\/wp-json\/wp\/v2\/posts\/4781","targetHints":{"allow":["GET"]}}],"collection":[{"href":"https:\/\/tempelherrenorden.de\/cms\/wp-json\/wp\/v2\/posts"}],"about":[{"href":"https:\/\/tempelherrenorden.de\/cms\/wp-json\/wp\/v2\/types\/post"}],"author":[{"embeddable":true,"href":"https:\/\/tempelherrenorden.de\/cms\/wp-json\/wp\/v2\/users\/10"}],"replies":[{"embeddable":true,"href":"https:\/\/tempelherrenorden.de\/cms\/wp-json\/wp\/v2\/comments?post=4781"}],"version-history":[{"count":1,"href":"https:\/\/tempelherrenorden.de\/cms\/wp-json\/wp\/v2\/posts\/4781\/revisions"}],"predecessor-version":[{"id":4782,"href":"https:\/\/tempelherrenorden.de\/cms\/wp-json\/wp\/v2\/posts\/4781\/revisions\/4782"}],"wp:attachment":[{"href":"https:\/\/tempelherrenorden.de\/cms\/wp-json\/wp\/v2\/media?parent=4781"}],"wp:term":[{"taxonomy":"category","embeddable":true,"href":"https:\/\/tempelherrenorden.de\/cms\/wp-json\/wp\/v2\/categories?post=4781"},{"taxonomy":"post_tag","embeddable":true,"href":"https:\/\/tempelherrenorden.de\/cms\/wp-json\/wp\/v2\/tags?post=4781"}],"curies":[{"name":"wp","href":"https:\/\/api.w.org\/{rel}","templated":true}]}}