{"id":4812,"date":"2023-04-13T16:18:29","date_gmt":"2023-04-13T14:18:29","guid":{"rendered":"https:\/\/tempelherrenorden.de\/cms\/?p=4812"},"modified":"2023-04-13T16:18:30","modified_gmt":"2023-04-13T14:18:30","slug":"fastenzeit-2023-zeit-des-nachdenkens-und-der-besinnung-osterfest-2023-ostergruesse","status":"publish","type":"post","link":"https:\/\/tempelherrenorden.de\/cms\/fastenzeit-2023-zeit-des-nachdenkens-und-der-besinnung-osterfest-2023-ostergruesse\/","title":{"rendered":"Fastenzeit 2023, Zeit des Nachdenkens und der Besinnung; Osterfest 2023, Ostergr\u00fc\u00dfe"},"content":{"rendered":"\n<p class=\"wp-block-paragraph\"><strong>anhalten &nbsp;&nbsp;<\/strong>von Prof. Georg Langenhorst, Augsburg<\/p>\n\n\n\n<p class=\"wp-block-paragraph\">alltag folgt seinem gang &#8211; &nbsp;schritt f\u00fcr schritt &#8211;&nbsp;im kreis herum &#8211;&nbsp;oder geradeaus &nbsp; \/\/\/<\/p>\n\n\n\n<p class=\"wp-block-paragraph\">wie gut, nicht jeden tag &nbsp;&#8211;&nbsp;neu erfinden zu m\u00fcssen &nbsp;&#8211;&nbsp;wie gut, im richtma\u00df &nbsp;&#8211;&nbsp;der erfahrung zu gehn &nbsp; \/\/\/<\/p>\n\n\n\n<p class=\"wp-block-paragraph\">doch dann stoppt der fu\u00df &nbsp;&#8211;&nbsp;das auge hebt sich &nbsp;&#8211; &nbsp;das ohr lauscht neu &nbsp;&#8211; &nbsp;das herz schl\u00e4gt laut &nbsp; \/\/\/<\/p>\n\n\n\n<p class=\"wp-block-paragraph\">halt an &nbsp;&#8211; &nbsp;bleib stehen &nbsp;&#8211; &nbsp;h\u00f6r hin &nbsp;&#8211; &nbsp;werd still &nbsp; &nbsp;\/\/\/<\/p>\n\n\n\n<p class=\"wp-block-paragraph\">du blickst auf dich selbst &nbsp;&#8211; &nbsp;wie von au\u00dfen &nbsp;&#8211; &nbsp;du siehst dich im spiegel &nbsp;&nbsp;des g\u00f6ttlichen blicks &nbsp; \/\/\/<\/p>\n\n\n\n<p class=\"wp-block-paragraph\">sei unbesorgt &nbsp;&#8211; &nbsp;der aufbruch wird kommen &nbsp;&#8211; &nbsp;von dorther &nbsp;&#8211; &nbsp;und aus dir<\/p>\n\n\n\n<!--more-->\n\n\n\n<p class=\"wp-block-paragraph\"><strong>&#8222;Glaube im Alltag&#8220;<\/strong>&nbsp; von Theresia Reischl, Theologin und Pastoralreferentin<\/p>\n\n\n\n<p class=\"wp-block-paragraph\">&#8222;In vielen Diskussionen und Gespr\u00e4chen, die ich derzeit f\u00fchre, tauchen immer wieder zwei S\u00e4tze auf. Dabei ist es vollkommen egal, um welches Thema es sich handelt: Klimakrise, Corona-Ma\u00dfnahmen, Ukrainekrieg, Kindererziehung, Strukturen in der Kirche, Partner- und Freundschaften, gendersensible Sprache oder Arbeitswelt. Irgendwann, so mein Gef\u00fchl, kommt dieser erste Satz: &#8222;Man wird ja wohl noch sagen d\u00fcrfen&#8230;.&#8220; und unweigerlich folgt etwas, das ich pers\u00f6nlich h\u00e4ufig als unaussprechlich und \/ oder unangemessen empfinde.<\/p>\n\n\n\n<p class=\"wp-block-paragraph\"><strong>Wir d\u00fcrfen alles sagen, m\u00fcssen wir es auch?<\/strong><\/p>\n\n\n\n<p class=\"wp-block-paragraph\">Wir leben in einer Gesellschaft, in der Meinungsfreiheit herrscht. Das empfinde ich als gro\u00dfes Gl\u00fcck. Ja, wir &#8222;d\u00fcrfen&#8220; grunds\u00e4tzlich mal alles sagen &#8211; aber m\u00fcssen wir es auch? Ist es unumg\u00e4nglich, etwas zu sagen, von dem ich im Vorfeld schon wei\u00df, da\u00df es einen anderen Menschen diffamiert, beleidigt oder verletzt? Der verallgemeinernd und wenig wertsch\u00e4tzend ist? Und das im Normalfall kein Beitrag zur Diskussion ist, sondern ein&#8220;Totschlagargument&#8220;, das den anderen daran hindern soll, eine Gegenmeinung zu haben? Denn gegen Meinungsfreiheit kann ja niemand sein?&nbsp;<\/p>\n\n\n\n<p class=\"wp-block-paragraph\">Im weiteren Verlauf der Diskussion kommt dann der zweite Satz, oft wohl entschuldigend gemeint, nachgeschoben: &#8222;So hab ich das gar nicht gemeint!&#8220; &#8211; Warum klingt es dann in meinen Ohren anders? Und so gar nicht nach Entschuldigung?<\/p>\n\n\n\n<p class=\"wp-block-paragraph\"><strong>&#8222;Kommunikation ist das, was ankommt&#8220;&nbsp;<\/strong><\/p>\n\n\n\n<p class=\"wp-block-paragraph\">Dieser Satz suggeriert, da\u00df ich selbst daran &#8222;schuld&#8220; bin, da\u00df mich etwas verletzt, beleidigt oder w\u00fctend macht. Schlie\u00dflich war doch die Absicht meines Gegen\u00fcbers eine ganz andere, das habe ich zu akzeptieren. Vielmehr sogar: Ich mu\u00df doch wahrnehmen, da\u00df mein Gegen\u00fcber darunter &#8222;leidet&#8220;, das ich so etwas unterstelle. Auch hier scheint mir etwas in Schieflage zu sein: Ist nicht die Wirkung mindestens genauso entscheidend wie die Absicht, vielleicht sogar noch wichtiger? Kommunikation ist ja keine Einbahnstra\u00dfe, die nur durch die Absicht bestimmt ist &#8211; Kommunkation ist das, was ankommt&#8230;. Dazu kommt noch, da\u00df in manchen F\u00e4llen mein Eindruck ist, da\u00df hier Grenzen ausgelotet wurden: Was kann ich wie sagen? &#8211; um dann zur\u00fcckzurudern und zu erkl\u00e4ren, da\u00df es so ja gar nicht gemeint war.&nbsp;<\/p>\n\n\n\n<p class=\"wp-block-paragraph\">Ein\u00fcben, achtsam miteinander zu reden<\/p>\n\n\n\n<p class=\"wp-block-paragraph\">Der Diskurs ist vielf\u00e4ltiger geworden und damit auch anstrengender. Ein &#8222;So ist es halt!&#8220;, wie es in manchen Kreisen der Gesellschaft und auch der Kirche vorkommt, ist nicht mehr akzeptabel. Wenn wir als Menschen gut miteinander leben wollen, dann, so glaube ich, kommen wir nicht drumherum, miteinander zu reden: achtsam und wertsch\u00e4tzend, nicht von oben herab, sondern auf Augenh\u00f6he, ohne Floskeln und &#8222;Totschlagargument&#8220;. Vielleicht k\u00f6nnen wir das in dieser Fastenzeit ein\u00fcben?<\/p>\n\n\n\n<hr class=\"wp-block-separator has-alpha-channel-opacity\"\/>\n\n\n\n<p class=\"wp-block-paragraph\"><strong>&#8222;Eines Tages kam einer&#8220;<\/strong><\/p>\n\n\n\n<p class=\"wp-block-paragraph\">Eines Tages kam einer, der hatte einen Zauber in seiner Stimme,&nbsp;<\/p>\n\n\n\n<p class=\"wp-block-paragraph\">eine W\u00e4rme in seinen Worten, einen Charme in seiner Botschaft.<\/p>\n\n\n\n<p class=\"wp-block-paragraph\">Eines Tages kam einer, der hatte eine Freude in seinen Augen,&nbsp;<\/p>\n\n\n\n<p class=\"wp-block-paragraph\">eine Freiheit in seinem Handeln, eine Zukunft in seinen Zeichen.<\/p>\n\n\n\n<p class=\"wp-block-paragraph\">Eines Tages kam einer, der hatte eine Hoffnung in seinen Wundern,&nbsp;<\/p>\n\n\n\n<p class=\"wp-block-paragraph\">eine Kraft in seinem Wesen, eine Offenheit in seinem Herzen.<\/p>\n\n\n\n<p class=\"wp-block-paragraph\">Eines Tages kam einer, der hatte eine Liebe in seinen Gesten,&nbsp;<\/p>\n\n\n\n<p class=\"wp-block-paragraph\">eine G\u00fcte in seinen K\u00fcssen, eine Br\u00fcderlichkeit in seinen Umarmungen.<\/p>\n\n\n\n<p class=\"wp-block-paragraph\">Eines Tages kam einer, der hatte einen Vater in seinen Gebeten,&nbsp;<\/p>\n\n\n\n<p class=\"wp-block-paragraph\">einen Helfer in seinen \u00c4ngsten, einen Gott in seinen Schreien.<\/p>\n\n\n\n<p class=\"wp-block-paragraph\">Eines Tages kam einer, der hatte einen Geist in seinen Taten,&nbsp;<\/p>\n\n\n\n<p class=\"wp-block-paragraph\">eine Treue in seinem Leiden, einen Sinn in seinem Sterben.<\/p>\n\n\n\n<p class=\"wp-block-paragraph\">Eines Tages kam einer, der hatte einen Schatz in seinem Himmel,&nbsp;<\/p>\n\n\n\n<p class=\"wp-block-paragraph\">ein Leben in seinem Tode, eine Auferstehung in seinem Glauben.<\/p>\n\n\n\n<hr class=\"wp-block-separator has-alpha-channel-opacity\"\/>\n\n\n\n<p class=\"wp-block-paragraph\">Liebe Ordensschwestern, liebe Ordensbr\u00fcder, liebe Postulantinnen, liebe Postulanten,&nbsp;<\/p>\n\n\n\n<p class=\"wp-block-paragraph\">liebe Freunde und F\u00f6rderer unseres Ordens,&nbsp;<\/p>\n\n\n\n<p class=\"wp-block-paragraph\">in der Fastenzeit (die man besser \u00f6sterliche Bu\u00dfzeit nennt als Fastenzeit, damit sich der Blick nicht nur auf das Fasten verengt), geht es nicht allein und in erster Linie um den Verzicht auf Nahrung, sondern vielmehr um ein bewu\u00dftes Durchbrechen gewohnter Lebensl\u00e4ufe. So soll bewu\u00dft werden, was wirklich im Leben z\u00e4hlt: Zum Beispiel mehr Zeit f\u00fcr sich selbst oder mit der Familie, die man sich bewu\u00dft nicht vom Smartphone oder anderen Ablenkungsmechanismen nehmen l\u00e4\u00dft.<\/p>\n\n\n\n<p class=\"wp-block-paragraph\">Oder Solidarit\u00e4t sowohl im Handeln, indem man selbst auf Dinge und Vergn\u00fcgungen verzichtet und das gesparte Geld anderen spendet, als auch im Denken und Reden, indem man Widerspruch erhebt gegen religi\u00f6sen und politischen Fanatismus. Das k\u00f6nnten befreiende, also \u00f6sterliche Erfahrungen sein.&nbsp;<\/p>\n\n\n\n<p class=\"wp-block-paragraph\">Als getaufte und gefirmte Christen, als Menschen, die sich auf Jesus Christus eingelassen haben und bereit sind, ihn durch unser Dasein zu bezeugen, ist es unsere Aufgabe, Botschafter der Hoffnung zu sein, die uns Tod und Auferstehung Jesu Christi schenken, in einer Welt voller bedrohliche Entwicklungen.<\/p>\n\n\n\n<p class=\"wp-block-paragraph\">Ich w\u00fcnsche Ihnen \/ Euch eine Zeit der Vorbereitung auf Ostern, die Sie \/ Euch ermutigt, der Botschaft der Auferstehung zu trauen und ein Osterfest, das Sie \/ Euch darin best\u00e4rkt, aus dieser Hoffnung zu leben und zu handeln.<\/p>\n\n\n\n<p class=\"wp-block-paragraph\">Euch liebe Ordensgeschwister und Euren Familien w\u00fcnsche ich ein frohes Osterfest und Gottes reichen Segen.<\/p>\n\n\n\n<p class=\"wp-block-paragraph\"><\/p>\n\n\n\n<p class=\"wp-block-paragraph\">NND<\/p>\n\n\n\n<p class=\"wp-block-paragraph\">Mit templerischen \/ ordensb\u00fcrderlichen Gr\u00fc\u00dfen<\/p>\n\n\n\n<p class=\"wp-block-paragraph\">Euer&nbsp;s\u00fcdlichster Ordensbruder&nbsp;Klaus &#8211; Komtur &#8211;&nbsp;Komturei Johanna-von-Orl\u00e9ans,<\/p>\n\n\n\n<p class=\"wp-block-paragraph\">Deutscher Tempelherren-Orden, ORDO MILITIAE CRUCIS TEMPLI (OMCT) \u00a0\u00a0<\/p>\n","protected":false},"excerpt":{"rendered":"<p>anhalten &nbsp;&nbsp;von Prof. Georg Langenhorst, Augsburg alltag folgt seinem gang &#8211; &nbsp;schritt f\u00fcr schritt &#8211;&nbsp;im kreis herum &#8211;&nbsp;oder geradeaus &nbsp; \/\/\/ wie gut, nicht jeden tag &nbsp;&#8211;&nbsp;neu erfinden zu m\u00fcssen &nbsp;&#8211;&nbsp;wie gut, im richtma\u00df &nbsp;&#8211;&nbsp;der erfahrung zu gehn &nbsp; \/\/\/ doch dann stoppt der fu\u00df &nbsp;&#8211;&nbsp;das auge hebt sich &nbsp;&#8211;\u2026<\/p>\n<p> <a class=\"continue-reading-link\" href=\"https:\/\/tempelherrenorden.de\/cms\/fastenzeit-2023-zeit-des-nachdenkens-und-der-besinnung-osterfest-2023-ostergruesse\/\"><span>Artikel lesen<\/span><i class=\"crycon-right-dir\"><\/i><\/a> <\/p>\n","protected":false},"author":10,"featured_media":0,"comment_status":"closed","ping_status":"closed","sticky":false,"template":"","format":"standard","meta":{"_crdt_document":"","jetpack_post_was_ever_published":false,"_jetpack_newsletter_access":"","_jetpack_dont_email_post_to_subs":false,"_jetpack_newsletter_tier_id":0,"_jetpack_memberships_contains_paywalled_content":false,"_jetpack_memberships_contains_paid_content":false,"footnotes":""},"categories":[1,38],"tags":[110,135,106,109,49,42,63,45,44],"class_list":["post-4812","post","type-post","status-publish","format-standard","hentry","category-allgemein","category-johanna","tag-bayern","tag-fastenzeit","tag-gruesse","tag-johanna-von-orleans","tag-komturei","tag-ostern","tag-tempelherren","tag-tempelritter","tag-templer"],"yoast_head":"<!-- This site is optimized with the Yoast SEO plugin v27.4 - https:\/\/yoast.com\/product\/yoast-seo-wordpress\/ -->\n<title>Fastenzeit 2023, Zeit des Nachdenkens und der Besinnung; Osterfest 2023, Ostergr\u00fc\u00dfe &#8226; Deutscher Tempelherren-Orden<\/title>\n<meta name=\"robots\" content=\"index, follow, max-snippet:-1, max-image-preview:large, max-video-preview:-1\" \/>\n<link rel=\"canonical\" href=\"https:\/\/tempelherrenorden.de\/cms\/fastenzeit-2023-zeit-des-nachdenkens-und-der-besinnung-osterfest-2023-ostergruesse\/\" \/>\n<meta property=\"og:locale\" content=\"de_DE\" \/>\n<meta property=\"og:type\" content=\"article\" \/>\n<meta property=\"og:title\" content=\"Fastenzeit 2023, Zeit des Nachdenkens und der Besinnung; Osterfest 2023, Ostergr\u00fc\u00dfe &#8226; Deutscher Tempelherren-Orden\" \/>\n<meta property=\"og:description\" content=\"anhalten &nbsp;&nbsp;von Prof. Georg Langenhorst, Augsburg alltag folgt seinem gang &#8211; &nbsp;schritt f\u00fcr schritt &#8211;&nbsp;im kreis herum &#8211;&nbsp;oder geradeaus &nbsp; \/\/\/ wie gut, nicht jeden tag &nbsp;&#8211;&nbsp;neu erfinden zu m\u00fcssen &nbsp;&#8211;&nbsp;wie gut, im richtma\u00df &nbsp;&#8211;&nbsp;der erfahrung zu gehn &nbsp; \/\/\/ doch dann stoppt der fu\u00df &nbsp;&#8211;&nbsp;das auge hebt sich &nbsp;&#8211;\u2026 Artikel lesen\" \/>\n<meta property=\"og:url\" content=\"https:\/\/tempelherrenorden.de\/cms\/fastenzeit-2023-zeit-des-nachdenkens-und-der-besinnung-osterfest-2023-ostergruesse\/\" \/>\n<meta property=\"og:site_name\" content=\"Deutscher Tempelherren-Orden\" \/>\n<meta property=\"article:publisher\" content=\"https:\/\/www.facebook.com\/Deutscher-Tempelherren-Orden-OMCT-2054469481490772\/\" \/>\n<meta property=\"article:published_time\" content=\"2023-04-13T14:18:29+00:00\" \/>\n<meta property=\"article:modified_time\" content=\"2023-04-13T14:18:30+00:00\" \/>\n<meta name=\"author\" content=\"Redaktion\" \/>\n<meta name=\"twitter:card\" content=\"summary_large_image\" \/>\n<meta name=\"twitter:label1\" content=\"Verfasst von\" \/>\n\t<meta name=\"twitter:data1\" content=\"Redaktion\" \/>\n\t<meta name=\"twitter:label2\" content=\"Gesch\u00e4tzte Lesezeit\" \/>\n\t<meta name=\"twitter:data2\" content=\"6\u00a0Minuten\" \/>\n<script type=\"application\/ld+json\" class=\"yoast-schema-graph\">{\"@context\":\"https:\\\/\\\/schema.org\",\"@graph\":[{\"@type\":\"Article\",\"@id\":\"https:\\\/\\\/tempelherrenorden.de\\\/cms\\\/fastenzeit-2023-zeit-des-nachdenkens-und-der-besinnung-osterfest-2023-ostergruesse\\\/#article\",\"isPartOf\":{\"@id\":\"https:\\\/\\\/tempelherrenorden.de\\\/cms\\\/fastenzeit-2023-zeit-des-nachdenkens-und-der-besinnung-osterfest-2023-ostergruesse\\\/\"},\"author\":{\"name\":\"Redaktion\",\"@id\":\"https:\\\/\\\/tempelherrenorden.de\\\/cms\\\/#\\\/schema\\\/person\\\/c4b556c7412791f0ed2d6851086be4aa\"},\"headline\":\"Fastenzeit 2023, Zeit des Nachdenkens und der Besinnung; Osterfest 2023, Ostergr\u00fc\u00dfe\",\"datePublished\":\"2023-04-13T14:18:29+00:00\",\"dateModified\":\"2023-04-13T14:18:30+00:00\",\"mainEntityOfPage\":{\"@id\":\"https:\\\/\\\/tempelherrenorden.de\\\/cms\\\/fastenzeit-2023-zeit-des-nachdenkens-und-der-besinnung-osterfest-2023-ostergruesse\\\/\"},\"wordCount\":1046,\"publisher\":{\"@id\":\"https:\\\/\\\/tempelherrenorden.de\\\/cms\\\/#organization\"},\"keywords\":[\"Bayern\",\"Fastenzeit\",\"Gr\u00fc\u00dfe\",\"Johanna von Orl\u00e9ans\",\"Komturei\",\"Ostern\",\"Tempelherren\",\"Tempelritter\",\"Templer\"],\"articleSection\":{\"1\":\"Komturei Johanna von Orl\u00e9ans\"},\"inLanguage\":\"de\"},{\"@type\":\"WebPage\",\"@id\":\"https:\\\/\\\/tempelherrenorden.de\\\/cms\\\/fastenzeit-2023-zeit-des-nachdenkens-und-der-besinnung-osterfest-2023-ostergruesse\\\/\",\"url\":\"https:\\\/\\\/tempelherrenorden.de\\\/cms\\\/fastenzeit-2023-zeit-des-nachdenkens-und-der-besinnung-osterfest-2023-ostergruesse\\\/\",\"name\":\"Fastenzeit 2023, Zeit des Nachdenkens und der Besinnung; Osterfest 2023, Ostergr\u00fc\u00dfe &#8226; Deutscher Tempelherren-Orden\",\"isPartOf\":{\"@id\":\"https:\\\/\\\/tempelherrenorden.de\\\/cms\\\/#website\"},\"datePublished\":\"2023-04-13T14:18:29+00:00\",\"dateModified\":\"2023-04-13T14:18:30+00:00\",\"breadcrumb\":{\"@id\":\"https:\\\/\\\/tempelherrenorden.de\\\/cms\\\/fastenzeit-2023-zeit-des-nachdenkens-und-der-besinnung-osterfest-2023-ostergruesse\\\/#breadcrumb\"},\"inLanguage\":\"de\",\"potentialAction\":[{\"@type\":\"ReadAction\",\"target\":[\"https:\\\/\\\/tempelherrenorden.de\\\/cms\\\/fastenzeit-2023-zeit-des-nachdenkens-und-der-besinnung-osterfest-2023-ostergruesse\\\/\"]}]},{\"@type\":\"BreadcrumbList\",\"@id\":\"https:\\\/\\\/tempelherrenorden.de\\\/cms\\\/fastenzeit-2023-zeit-des-nachdenkens-und-der-besinnung-osterfest-2023-ostergruesse\\\/#breadcrumb\",\"itemListElement\":[{\"@type\":\"ListItem\",\"position\":1,\"name\":\"Startseite\",\"item\":\"https:\\\/\\\/tempelherrenorden.de\\\/cms\\\/\"},{\"@type\":\"ListItem\",\"position\":2,\"name\":\"Fastenzeit 2023, Zeit des Nachdenkens und der Besinnung; Osterfest 2023, Ostergr\u00fc\u00dfe\"}]},{\"@type\":\"WebSite\",\"@id\":\"https:\\\/\\\/tempelherrenorden.de\\\/cms\\\/#website\",\"url\":\"https:\\\/\\\/tempelherrenorden.de\\\/cms\\\/\",\"name\":\"Deutscher Tempelherren-Orden\",\"description\":\"\",\"publisher\":{\"@id\":\"https:\\\/\\\/tempelherrenorden.de\\\/cms\\\/#organization\"},\"potentialAction\":[{\"@type\":\"SearchAction\",\"target\":{\"@type\":\"EntryPoint\",\"urlTemplate\":\"https:\\\/\\\/tempelherrenorden.de\\\/cms\\\/?s={search_term_string}\"},\"query-input\":{\"@type\":\"PropertyValueSpecification\",\"valueRequired\":true,\"valueName\":\"search_term_string\"}}],\"inLanguage\":\"de\"},{\"@type\":\"Organization\",\"@id\":\"https:\\\/\\\/tempelherrenorden.de\\\/cms\\\/#organization\",\"name\":\"Deutscher Tempelherren-Orden OMCT e.V.\",\"url\":\"https:\\\/\\\/tempelherrenorden.de\\\/cms\\\/\",\"logo\":{\"@type\":\"ImageObject\",\"inLanguage\":\"de\",\"@id\":\"https:\\\/\\\/tempelherrenorden.de\\\/cms\\\/#\\\/schema\\\/logo\\\/image\\\/\",\"url\":\"https:\\\/\\\/i0.wp.com\\\/tempelherrenorden.de\\\/cms\\\/wp-content\\\/uploads\\\/2018\\\/01\\\/OMCT-Wappen.jpg?fit=997%2C1198&ssl=1\",\"contentUrl\":\"https:\\\/\\\/i0.wp.com\\\/tempelherrenorden.de\\\/cms\\\/wp-content\\\/uploads\\\/2018\\\/01\\\/OMCT-Wappen.jpg?fit=997%2C1198&ssl=1\",\"width\":997,\"height\":1198,\"caption\":\"Deutscher Tempelherren-Orden OMCT e.V.\"},\"image\":{\"@id\":\"https:\\\/\\\/tempelherrenorden.de\\\/cms\\\/#\\\/schema\\\/logo\\\/image\\\/\"},\"sameAs\":[\"https:\\\/\\\/www.facebook.com\\\/Deutscher-Tempelherren-Orden-OMCT-2054469481490772\\\/\"]},{\"@type\":\"Person\",\"@id\":\"https:\\\/\\\/tempelherrenorden.de\\\/cms\\\/#\\\/schema\\\/person\\\/c4b556c7412791f0ed2d6851086be4aa\",\"name\":\"Redaktion\",\"image\":{\"@type\":\"ImageObject\",\"inLanguage\":\"de\",\"@id\":\"https:\\\/\\\/secure.gravatar.com\\\/avatar\\\/4ed839132852af2d0905f18562e70ba28d4d5c2fa1196284813995a27f534319?s=96&d=mm&r=g\",\"url\":\"https:\\\/\\\/secure.gravatar.com\\\/avatar\\\/4ed839132852af2d0905f18562e70ba28d4d5c2fa1196284813995a27f534319?s=96&d=mm&r=g\",\"contentUrl\":\"https:\\\/\\\/secure.gravatar.com\\\/avatar\\\/4ed839132852af2d0905f18562e70ba28d4d5c2fa1196284813995a27f534319?s=96&d=mm&r=g\",\"caption\":\"Redaktion\"},\"url\":\"https:\\\/\\\/tempelherrenorden.de\\\/cms\\\/author\\\/redaktion\\\/\"}]}<\/script>\n<!-- \/ Yoast SEO plugin. -->","yoast_head_json":{"title":"Fastenzeit 2023, Zeit des Nachdenkens und der Besinnung; Osterfest 2023, Ostergr\u00fc\u00dfe &#8226; Deutscher Tempelherren-Orden","robots":{"index":"index","follow":"follow","max-snippet":"max-snippet:-1","max-image-preview":"max-image-preview:large","max-video-preview":"max-video-preview:-1"},"canonical":"https:\/\/tempelherrenorden.de\/cms\/fastenzeit-2023-zeit-des-nachdenkens-und-der-besinnung-osterfest-2023-ostergruesse\/","og_locale":"de_DE","og_type":"article","og_title":"Fastenzeit 2023, Zeit des Nachdenkens und der Besinnung; Osterfest 2023, Ostergr\u00fc\u00dfe &#8226; Deutscher Tempelherren-Orden","og_description":"anhalten &nbsp;&nbsp;von Prof. Georg Langenhorst, Augsburg alltag folgt seinem gang &#8211; &nbsp;schritt f\u00fcr schritt &#8211;&nbsp;im kreis herum &#8211;&nbsp;oder geradeaus &nbsp; \/\/\/ wie gut, nicht jeden tag &nbsp;&#8211;&nbsp;neu erfinden zu m\u00fcssen &nbsp;&#8211;&nbsp;wie gut, im richtma\u00df &nbsp;&#8211;&nbsp;der erfahrung zu gehn &nbsp; \/\/\/ doch dann stoppt der fu\u00df &nbsp;&#8211;&nbsp;das auge hebt sich &nbsp;&#8211;\u2026 Artikel lesen","og_url":"https:\/\/tempelherrenorden.de\/cms\/fastenzeit-2023-zeit-des-nachdenkens-und-der-besinnung-osterfest-2023-ostergruesse\/","og_site_name":"Deutscher Tempelherren-Orden","article_publisher":"https:\/\/www.facebook.com\/Deutscher-Tempelherren-Orden-OMCT-2054469481490772\/","article_published_time":"2023-04-13T14:18:29+00:00","article_modified_time":"2023-04-13T14:18:30+00:00","author":"Redaktion","twitter_card":"summary_large_image","twitter_misc":{"Verfasst von":"Redaktion","Gesch\u00e4tzte Lesezeit":"6\u00a0Minuten"},"schema":{"@context":"https:\/\/schema.org","@graph":[{"@type":"Article","@id":"https:\/\/tempelherrenorden.de\/cms\/fastenzeit-2023-zeit-des-nachdenkens-und-der-besinnung-osterfest-2023-ostergruesse\/#article","isPartOf":{"@id":"https:\/\/tempelherrenorden.de\/cms\/fastenzeit-2023-zeit-des-nachdenkens-und-der-besinnung-osterfest-2023-ostergruesse\/"},"author":{"name":"Redaktion","@id":"https:\/\/tempelherrenorden.de\/cms\/#\/schema\/person\/c4b556c7412791f0ed2d6851086be4aa"},"headline":"Fastenzeit 2023, Zeit des Nachdenkens und der Besinnung; Osterfest 2023, Ostergr\u00fc\u00dfe","datePublished":"2023-04-13T14:18:29+00:00","dateModified":"2023-04-13T14:18:30+00:00","mainEntityOfPage":{"@id":"https:\/\/tempelherrenorden.de\/cms\/fastenzeit-2023-zeit-des-nachdenkens-und-der-besinnung-osterfest-2023-ostergruesse\/"},"wordCount":1046,"publisher":{"@id":"https:\/\/tempelherrenorden.de\/cms\/#organization"},"keywords":["Bayern","Fastenzeit","Gr\u00fc\u00dfe","Johanna von Orl\u00e9ans","Komturei","Ostern","Tempelherren","Tempelritter","Templer"],"articleSection":{"1":"Komturei Johanna von Orl\u00e9ans"},"inLanguage":"de"},{"@type":"WebPage","@id":"https:\/\/tempelherrenorden.de\/cms\/fastenzeit-2023-zeit-des-nachdenkens-und-der-besinnung-osterfest-2023-ostergruesse\/","url":"https:\/\/tempelherrenorden.de\/cms\/fastenzeit-2023-zeit-des-nachdenkens-und-der-besinnung-osterfest-2023-ostergruesse\/","name":"Fastenzeit 2023, Zeit des Nachdenkens und der Besinnung; Osterfest 2023, Ostergr\u00fc\u00dfe &#8226; Deutscher Tempelherren-Orden","isPartOf":{"@id":"https:\/\/tempelherrenorden.de\/cms\/#website"},"datePublished":"2023-04-13T14:18:29+00:00","dateModified":"2023-04-13T14:18:30+00:00","breadcrumb":{"@id":"https:\/\/tempelherrenorden.de\/cms\/fastenzeit-2023-zeit-des-nachdenkens-und-der-besinnung-osterfest-2023-ostergruesse\/#breadcrumb"},"inLanguage":"de","potentialAction":[{"@type":"ReadAction","target":["https:\/\/tempelherrenorden.de\/cms\/fastenzeit-2023-zeit-des-nachdenkens-und-der-besinnung-osterfest-2023-ostergruesse\/"]}]},{"@type":"BreadcrumbList","@id":"https:\/\/tempelherrenorden.de\/cms\/fastenzeit-2023-zeit-des-nachdenkens-und-der-besinnung-osterfest-2023-ostergruesse\/#breadcrumb","itemListElement":[{"@type":"ListItem","position":1,"name":"Startseite","item":"https:\/\/tempelherrenorden.de\/cms\/"},{"@type":"ListItem","position":2,"name":"Fastenzeit 2023, Zeit des Nachdenkens und der Besinnung; Osterfest 2023, Ostergr\u00fc\u00dfe"}]},{"@type":"WebSite","@id":"https:\/\/tempelherrenorden.de\/cms\/#website","url":"https:\/\/tempelherrenorden.de\/cms\/","name":"Deutscher Tempelherren-Orden","description":"","publisher":{"@id":"https:\/\/tempelherrenorden.de\/cms\/#organization"},"potentialAction":[{"@type":"SearchAction","target":{"@type":"EntryPoint","urlTemplate":"https:\/\/tempelherrenorden.de\/cms\/?s={search_term_string}"},"query-input":{"@type":"PropertyValueSpecification","valueRequired":true,"valueName":"search_term_string"}}],"inLanguage":"de"},{"@type":"Organization","@id":"https:\/\/tempelherrenorden.de\/cms\/#organization","name":"Deutscher Tempelherren-Orden OMCT e.V.","url":"https:\/\/tempelherrenorden.de\/cms\/","logo":{"@type":"ImageObject","inLanguage":"de","@id":"https:\/\/tempelherrenorden.de\/cms\/#\/schema\/logo\/image\/","url":"https:\/\/i0.wp.com\/tempelherrenorden.de\/cms\/wp-content\/uploads\/2018\/01\/OMCT-Wappen.jpg?fit=997%2C1198&ssl=1","contentUrl":"https:\/\/i0.wp.com\/tempelherrenorden.de\/cms\/wp-content\/uploads\/2018\/01\/OMCT-Wappen.jpg?fit=997%2C1198&ssl=1","width":997,"height":1198,"caption":"Deutscher Tempelherren-Orden OMCT e.V."},"image":{"@id":"https:\/\/tempelherrenorden.de\/cms\/#\/schema\/logo\/image\/"},"sameAs":["https:\/\/www.facebook.com\/Deutscher-Tempelherren-Orden-OMCT-2054469481490772\/"]},{"@type":"Person","@id":"https:\/\/tempelherrenorden.de\/cms\/#\/schema\/person\/c4b556c7412791f0ed2d6851086be4aa","name":"Redaktion","image":{"@type":"ImageObject","inLanguage":"de","@id":"https:\/\/secure.gravatar.com\/avatar\/4ed839132852af2d0905f18562e70ba28d4d5c2fa1196284813995a27f534319?s=96&d=mm&r=g","url":"https:\/\/secure.gravatar.com\/avatar\/4ed839132852af2d0905f18562e70ba28d4d5c2fa1196284813995a27f534319?s=96&d=mm&r=g","contentUrl":"https:\/\/secure.gravatar.com\/avatar\/4ed839132852af2d0905f18562e70ba28d4d5c2fa1196284813995a27f534319?s=96&d=mm&r=g","caption":"Redaktion"},"url":"https:\/\/tempelherrenorden.de\/cms\/author\/redaktion\/"}]}},"jetpack_featured_media_url":"","jetpack_shortlink":"https:\/\/wp.me\/p5yQvL-1fC","jetpack_sharing_enabled":true,"_links":{"self":[{"href":"https:\/\/tempelherrenorden.de\/cms\/wp-json\/wp\/v2\/posts\/4812","targetHints":{"allow":["GET"]}}],"collection":[{"href":"https:\/\/tempelherrenorden.de\/cms\/wp-json\/wp\/v2\/posts"}],"about":[{"href":"https:\/\/tempelherrenorden.de\/cms\/wp-json\/wp\/v2\/types\/post"}],"author":[{"embeddable":true,"href":"https:\/\/tempelherrenorden.de\/cms\/wp-json\/wp\/v2\/users\/10"}],"replies":[{"embeddable":true,"href":"https:\/\/tempelherrenorden.de\/cms\/wp-json\/wp\/v2\/comments?post=4812"}],"version-history":[{"count":1,"href":"https:\/\/tempelherrenorden.de\/cms\/wp-json\/wp\/v2\/posts\/4812\/revisions"}],"predecessor-version":[{"id":4813,"href":"https:\/\/tempelherrenorden.de\/cms\/wp-json\/wp\/v2\/posts\/4812\/revisions\/4813"}],"wp:attachment":[{"href":"https:\/\/tempelherrenorden.de\/cms\/wp-json\/wp\/v2\/media?parent=4812"}],"wp:term":[{"taxonomy":"category","embeddable":true,"href":"https:\/\/tempelherrenorden.de\/cms\/wp-json\/wp\/v2\/categories?post=4812"},{"taxonomy":"post_tag","embeddable":true,"href":"https:\/\/tempelherrenorden.de\/cms\/wp-json\/wp\/v2\/tags?post=4812"}],"curies":[{"name":"wp","href":"https:\/\/api.w.org\/{rel}","templated":true}]}}