{"id":4819,"date":"2023-05-06T20:25:20","date_gmt":"2023-05-06T18:25:20","guid":{"rendered":"https:\/\/tempelherrenorden.de\/cms\/?p=4819"},"modified":"2023-05-06T20:25:22","modified_gmt":"2023-05-06T18:25:22","slug":"dort-wohnt-man-gerne","status":"publish","type":"post","link":"https:\/\/tempelherrenorden.de\/cms\/dort-wohnt-man-gerne\/","title":{"rendered":"DORT WOHNT MAN GERNE"},"content":{"rendered":"\n<p class=\"wp-block-paragraph\">(Predigtgedanken zum 5. Sonntag der Osterzeit Joh 14: 1 &#8211; 12)<\/p>\n\n\n\n<p class=\"wp-block-paragraph\">Die Wohnungsfrage ist immer auch eine Beziehungsfrage. Jesus geht heim zum Vater, weil er innig mit ihm verbunden ist. Er will auch uns Heimat geben, indem er uns in seine Beziehung zum Vater hineinnimmt. Beziehungspflege \u2013 zu Gott und zu den Mitmenschen \u2013 schafft Wohnqualit\u00e4t.<\/p>\n\n\n\n<h3 class=\"wp-block-heading\"><em>WOHNUNGSSUCHE<\/em><\/h3>\n\n\n\n<p class=\"wp-block-paragraph\">Vor einiger Zeit wurde eine Statistik ver\u00f6ffentlicht, die europaweit vergleicht, in welchem Alter im Durchschnitt Kinder das Elternhaus verlassen. Deutsche werden im Schnitt mit 24,4 Jahren fl\u00fcgge. Der europ\u00e4ische Durchschnitt liegt bei 26,6. Die Gr\u00fcnde f\u00fcr die wohnungsm\u00e4\u00dfige Selbst\u00e4ndigkeit sind wohl vielf\u00e4ltig. Wann kann man sich eine eigene Wohnung leisten? Das h\u00e4ngt vom verf\u00fcgbaren Einkommen wie auch vom Wohnungsmarkt ab. Nicht zuletzt wohl auch davon, wie gut das Verh\u00e4ltnis zur eigenen Familie ist. &#8222;Hotel Mama&#8220; ist oft sehr praktisch&#8230;<br \/>\u00c4ltere Menschen besch\u00e4ftigt eine andere Wohnungssuche. Sie fragen sich: Wie lange werde ich in meiner gewohnten Umgebung leben k\u00f6nnen? Wie organisiere ich es, wenn ich Pflege brauche? Wer wird mir Heimat geben, wenn Verwandte und Freunde altersbedingt immer weniger werden?<br \/>Die Wohnungsfrage ist immer auch eine Beziehungsfrage. Wo f\u00fchle ich mich wohl? Wo lebe ich gerne?<br \/><br \/>Im Evangelium k\u00fcndigt Jesus an, dass er zum Vater vorausgeht, um f\u00fcr die Seinen einen Platz vorzubereiten. <em>&#8222;Im Haus meines Vaters gibt es viele Wohnungen&#8220;<\/em>, sagt er zu seinen J\u00fcngern. Dieser Text wird gerne f\u00fcr Begr\u00e4bnisfeiern ausgew\u00e4hlt. Es geht darin aber um mehr als um unsere Zukunft nach dem Tod, so tr\u00f6stlich dieser Aspekt auch ist. Jesus zieht es heim zum Vater. Zeitlebens war er aufs innigste mit ihm verbunden. Immer wieder hat er sich zur\u00fcckgezogen, um im Gebet bei ihm zu verweilen. Die Beziehung zum Vater hat ihm die Kraft gegeben, seinen Weg als Prophet und Messias zu gehen. Sie hat ihm in der \u00e4u\u00dfersten Verlassenheit seines Todes Halt gegeben und getragen.<\/p>\n\n\n\n<!--more-->\n\n\n\n<h3 class=\"wp-block-heading\"><em>DAHEIM BEIM VATER<\/em><\/h3>\n\n\n\n<p class=\"wp-block-paragraph\">W\u00e4hrend er unterwegs war, um die Frohe Botschaft vom Reich Gottes zu verk\u00fcnden, hat er Freunde, Mitstreiter und J\u00fcnger gefunden, die ihn begleiteten. Sein Beziehungskreis hat sich ausgeweitet. Aber auch der Beziehungskreis seiner Begleiter wurde gr\u00f6\u00dfer. Sie sind untereinander zu Freunden geworden, und Jesus hat sie in seine innige Beziehung zum Vater hineingenommen. Jesus hat von sich einmal gesagt: <em>&#8222;Die F\u00fcchse haben ihre H\u00f6hlen und die V\u00f6gel ihre Nester; der Menschensohn aber hat keinen Ort, wo er sein Haupt hinlegen kann&#8220; <\/em><em>(Mt 8,20)<\/em>. Dennoch waren er und seine Freunde nicht heimat- und wohnungslos: Er wusste sich in Gott beheimatet.<br \/><br \/>Thomas will von Jesus den Weg zum Vater wissen. Dieser antwortet ihm mit zun\u00e4chst r\u00e4tselhaften S\u00e4tzen: <em>&#8222;Ich bin der Weg und die Wahrheit und das Leben; niemand kommt zum Vater au\u00dfer durch mich!&#8220; <\/em>Philippus m\u00f6chte, dass Jesus ihnen den Vater zeige. Er bekommt zur Antwort: \u201e<em>Wer mich gesehen hat, hat den Vater gesehen.&#8220; <\/em>Diese geheimnisvollen S\u00e4tze l\u00f6sen sich auf, wenn wir das Beziehungsgeflecht Jesu anschauen. Wenn jemand eine so innige und intensive Beziehung zum Vater hat wie Jesus, dann erkennt man in ihm den Vater, ohne den Vater von Angesicht zu Angesicht gesehen zu haben.<br \/><br \/>In pers\u00f6nlichen Gespr\u00e4chen erz\u00e4hlen mir oft Menschen von ihren guten oder auch schwierigen Beziehungen zu den Eltern. Ohne diese zu kennen, entsteht in mir ein Bild von diesen Personen. Und ich glaube, dass dieses Bild nicht v\u00f6llig aus der Luft gegriffen ist. Ein gefl\u00fcgeltes Wort, das auf Johann Wolfgang Goethe zur\u00fcckgeht, behauptet, &#8222;Sage mir, mit wem du umgehst, so sage ich dir, wer du bist!&#8220; Die Menschen, mit denen wir leben, f\u00e4rben nicht nur auf uns ab, sie sind ein Teil unseres Lebens. Wenn wir uns vom unsichtbaren Gott ein Bild machen wollen, schauen wir am besten auf Jesus. An der Art und Weise, wie er lebte und mit den Menschen umging, k\u00f6nnen wir erkennen, wie Gott ist.<\/p>\n\n\n\n<h3 class=\"wp-block-heading\"><em>BEZIEHUNGSPFLEGE<\/em><\/h3>\n\n\n\n<p class=\"wp-block-paragraph\">Die Ank\u00fcndigung Jesu, dass er vorausgehe, um uns eine Wohnung zu bereiten, verstehe ich nicht in erster Linie als Trost oder letzte Absicherung meines Lebens. Ich sehe darin vor allem eine Einladung, meine Beziehung zu ihm zu intensivieren. Sie wird auf mein Leben abf\u00e4rben und auch mich in die Richtung ver\u00e4ndern, wie er gelebt hat. Sie wird mich in seine Beziehung zum Vater hineinnehmen, und ich darf hoffen, dass ich bei Jesus und beim Vater ein immer willkommener Gast sein werde.<br \/><br \/>Jesu innige Freundes- und Vaterliebe ist aber auch eine Herausforderung, der Beziehungspflege sowohl in der Familie wie auch im Freundeskreis einen hohen Stellenwert beizumessen. Gerne bin ich bei meinen Verwandten zu Gast. In ihnen lebt der Geist des Elternhauses fort. Gerne besuche ich Freunde und teile mit ihnen mein Leben. Denn wo Freunde in Eintracht zusammen sind, erleben wir etwas von jener &#8222;Wohnqualit\u00e4t&#8220;, die uns Jesus verhei\u00dfen hat. Freunde vertragen auch die Wahrheit. Diese braucht nicht vermieden zu werden, um Konflikte zu umgehen. Echt sind Freundschaft und Liebe, wenn man sich trotzdem liebt.<br \/><br \/>Das Evangelium von den Wohnungen beim Vater und vom Weg zum Vater wird in diesem Jahr eine Woche vor dem Muttertag gelesen. An diesem Tag danken wir unseren M\u00fcttern, Eltern und Gro\u00dfeltern f\u00fcr alles, was sie uns ins Leben mitgegeben haben. Neben dem Geschenk des Lebens geh\u00f6rt der famili\u00e4re Zusammenhalt zum Kostbarsten, was sie uns geben konnten. Dieses Erbe weiterzugeben und zu pflegen ist der sch\u00f6nste Dank, den wir ihnen zur\u00fcckgeben k\u00f6nnen. Jesu innige Vater- und Mutterliebe weisen uns den Weg dazu. Amen.<\/p>\n\n\n\n<p class=\"wp-block-paragraph\"><\/p>\n\n\n\n<p class=\"has-text-align-right wp-block-paragraph\">Seneschall Matthias David<\/p>\n","protected":false},"excerpt":{"rendered":"<p>(Predigtgedanken zum 5. Sonntag der Osterzeit Joh 14: 1 &#8211; 12) Die Wohnungsfrage ist immer auch eine Beziehungsfrage. Jesus geht heim zum Vater, weil er innig mit ihm verbunden ist. Er will auch uns Heimat geben, indem er uns in seine Beziehung zum Vater hineinnimmt. Beziehungspflege \u2013 zu Gott und\u2026<\/p>\n<p> <a class=\"continue-reading-link\" href=\"https:\/\/tempelherrenorden.de\/cms\/dort-wohnt-man-gerne\/\"><span>Artikel lesen<\/span><i class=\"crycon-right-dir\"><\/i><\/a> <\/p>\n","protected":false},"author":10,"featured_media":0,"comment_status":"closed","ping_status":"closed","sticky":false,"template":"","format":"standard","meta":{"_crdt_document":"","jetpack_post_was_ever_published":false,"_jetpack_newsletter_access":"","_jetpack_dont_email_post_to_subs":false,"_jetpack_newsletter_tier_id":0,"_jetpack_memberships_contains_paywalled_content":false,"_jetpack_memberships_contains_paid_content":false,"footnotes":""},"categories":[1],"tags":[134,92,63,45,44],"class_list":["post-4819","post","type-post","status-publish","format-standard","hentry","category-allgemein","tag-matthias-david","tag-predigt","tag-tempelherren","tag-tempelritter","tag-templer"],"yoast_head":"<!-- This site is optimized with the Yoast SEO plugin v27.4 - https:\/\/yoast.com\/product\/yoast-seo-wordpress\/ -->\n<title>DORT WOHNT MAN GERNE &#8226; Deutscher Tempelherren-Orden<\/title>\n<meta name=\"robots\" content=\"index, follow, max-snippet:-1, max-image-preview:large, max-video-preview:-1\" \/>\n<link rel=\"canonical\" href=\"https:\/\/tempelherrenorden.de\/cms\/dort-wohnt-man-gerne\/\" \/>\n<meta property=\"og:locale\" content=\"de_DE\" \/>\n<meta property=\"og:type\" content=\"article\" \/>\n<meta property=\"og:title\" content=\"DORT WOHNT MAN GERNE &#8226; Deutscher Tempelherren-Orden\" \/>\n<meta property=\"og:description\" content=\"(Predigtgedanken zum 5. Sonntag der Osterzeit Joh 14: 1 &#8211; 12) Die Wohnungsfrage ist immer auch eine Beziehungsfrage. Jesus geht heim zum Vater, weil er innig mit ihm verbunden ist. Er will auch uns Heimat geben, indem er uns in seine Beziehung zum Vater hineinnimmt. Beziehungspflege \u2013 zu Gott und\u2026 Artikel lesen\" \/>\n<meta property=\"og:url\" content=\"https:\/\/tempelherrenorden.de\/cms\/dort-wohnt-man-gerne\/\" \/>\n<meta property=\"og:site_name\" content=\"Deutscher Tempelherren-Orden\" \/>\n<meta property=\"article:publisher\" content=\"https:\/\/www.facebook.com\/Deutscher-Tempelherren-Orden-OMCT-2054469481490772\/\" \/>\n<meta property=\"article:published_time\" content=\"2023-05-06T18:25:20+00:00\" \/>\n<meta property=\"article:modified_time\" content=\"2023-05-06T18:25:22+00:00\" \/>\n<meta name=\"author\" content=\"Redaktion\" \/>\n<meta name=\"twitter:card\" content=\"summary_large_image\" \/>\n<meta name=\"twitter:label1\" content=\"Verfasst von\" \/>\n\t<meta name=\"twitter:data1\" content=\"Redaktion\" \/>\n\t<meta name=\"twitter:label2\" content=\"Gesch\u00e4tzte Lesezeit\" \/>\n\t<meta name=\"twitter:data2\" content=\"5\u00a0Minuten\" \/>\n<script type=\"application\/ld+json\" class=\"yoast-schema-graph\">{\"@context\":\"https:\\\/\\\/schema.org\",\"@graph\":[{\"@type\":\"Article\",\"@id\":\"https:\\\/\\\/tempelherrenorden.de\\\/cms\\\/dort-wohnt-man-gerne\\\/#article\",\"isPartOf\":{\"@id\":\"https:\\\/\\\/tempelherrenorden.de\\\/cms\\\/dort-wohnt-man-gerne\\\/\"},\"author\":{\"name\":\"Redaktion\",\"@id\":\"https:\\\/\\\/tempelherrenorden.de\\\/cms\\\/#\\\/schema\\\/person\\\/c4b556c7412791f0ed2d6851086be4aa\"},\"headline\":\"DORT WOHNT MAN GERNE\",\"datePublished\":\"2023-05-06T18:25:20+00:00\",\"dateModified\":\"2023-05-06T18:25:22+00:00\",\"mainEntityOfPage\":{\"@id\":\"https:\\\/\\\/tempelherrenorden.de\\\/cms\\\/dort-wohnt-man-gerne\\\/\"},\"wordCount\":935,\"publisher\":{\"@id\":\"https:\\\/\\\/tempelherrenorden.de\\\/cms\\\/#organization\"},\"keywords\":[\"Matthias David\",\"Predigt\",\"Tempelherren\",\"Tempelritter\",\"Templer\"],\"inLanguage\":\"de\"},{\"@type\":\"WebPage\",\"@id\":\"https:\\\/\\\/tempelherrenorden.de\\\/cms\\\/dort-wohnt-man-gerne\\\/\",\"url\":\"https:\\\/\\\/tempelherrenorden.de\\\/cms\\\/dort-wohnt-man-gerne\\\/\",\"name\":\"DORT WOHNT MAN GERNE &#8226; Deutscher Tempelherren-Orden\",\"isPartOf\":{\"@id\":\"https:\\\/\\\/tempelherrenorden.de\\\/cms\\\/#website\"},\"datePublished\":\"2023-05-06T18:25:20+00:00\",\"dateModified\":\"2023-05-06T18:25:22+00:00\",\"breadcrumb\":{\"@id\":\"https:\\\/\\\/tempelherrenorden.de\\\/cms\\\/dort-wohnt-man-gerne\\\/#breadcrumb\"},\"inLanguage\":\"de\",\"potentialAction\":[{\"@type\":\"ReadAction\",\"target\":[\"https:\\\/\\\/tempelherrenorden.de\\\/cms\\\/dort-wohnt-man-gerne\\\/\"]}]},{\"@type\":\"BreadcrumbList\",\"@id\":\"https:\\\/\\\/tempelherrenorden.de\\\/cms\\\/dort-wohnt-man-gerne\\\/#breadcrumb\",\"itemListElement\":[{\"@type\":\"ListItem\",\"position\":1,\"name\":\"Startseite\",\"item\":\"https:\\\/\\\/tempelherrenorden.de\\\/cms\\\/\"},{\"@type\":\"ListItem\",\"position\":2,\"name\":\"DORT WOHNT MAN GERNE\"}]},{\"@type\":\"WebSite\",\"@id\":\"https:\\\/\\\/tempelherrenorden.de\\\/cms\\\/#website\",\"url\":\"https:\\\/\\\/tempelherrenorden.de\\\/cms\\\/\",\"name\":\"Deutscher Tempelherren-Orden\",\"description\":\"\",\"publisher\":{\"@id\":\"https:\\\/\\\/tempelherrenorden.de\\\/cms\\\/#organization\"},\"potentialAction\":[{\"@type\":\"SearchAction\",\"target\":{\"@type\":\"EntryPoint\",\"urlTemplate\":\"https:\\\/\\\/tempelherrenorden.de\\\/cms\\\/?s={search_term_string}\"},\"query-input\":{\"@type\":\"PropertyValueSpecification\",\"valueRequired\":true,\"valueName\":\"search_term_string\"}}],\"inLanguage\":\"de\"},{\"@type\":\"Organization\",\"@id\":\"https:\\\/\\\/tempelherrenorden.de\\\/cms\\\/#organization\",\"name\":\"Deutscher Tempelherren-Orden OMCT e.V.\",\"url\":\"https:\\\/\\\/tempelherrenorden.de\\\/cms\\\/\",\"logo\":{\"@type\":\"ImageObject\",\"inLanguage\":\"de\",\"@id\":\"https:\\\/\\\/tempelherrenorden.de\\\/cms\\\/#\\\/schema\\\/logo\\\/image\\\/\",\"url\":\"https:\\\/\\\/i0.wp.com\\\/tempelherrenorden.de\\\/cms\\\/wp-content\\\/uploads\\\/2018\\\/01\\\/OMCT-Wappen.jpg?fit=997%2C1198&ssl=1\",\"contentUrl\":\"https:\\\/\\\/i0.wp.com\\\/tempelherrenorden.de\\\/cms\\\/wp-content\\\/uploads\\\/2018\\\/01\\\/OMCT-Wappen.jpg?fit=997%2C1198&ssl=1\",\"width\":997,\"height\":1198,\"caption\":\"Deutscher Tempelherren-Orden OMCT e.V.\"},\"image\":{\"@id\":\"https:\\\/\\\/tempelherrenorden.de\\\/cms\\\/#\\\/schema\\\/logo\\\/image\\\/\"},\"sameAs\":[\"https:\\\/\\\/www.facebook.com\\\/Deutscher-Tempelherren-Orden-OMCT-2054469481490772\\\/\"]},{\"@type\":\"Person\",\"@id\":\"https:\\\/\\\/tempelherrenorden.de\\\/cms\\\/#\\\/schema\\\/person\\\/c4b556c7412791f0ed2d6851086be4aa\",\"name\":\"Redaktion\",\"image\":{\"@type\":\"ImageObject\",\"inLanguage\":\"de\",\"@id\":\"https:\\\/\\\/secure.gravatar.com\\\/avatar\\\/4ed839132852af2d0905f18562e70ba28d4d5c2fa1196284813995a27f534319?s=96&d=mm&r=g\",\"url\":\"https:\\\/\\\/secure.gravatar.com\\\/avatar\\\/4ed839132852af2d0905f18562e70ba28d4d5c2fa1196284813995a27f534319?s=96&d=mm&r=g\",\"contentUrl\":\"https:\\\/\\\/secure.gravatar.com\\\/avatar\\\/4ed839132852af2d0905f18562e70ba28d4d5c2fa1196284813995a27f534319?s=96&d=mm&r=g\",\"caption\":\"Redaktion\"},\"url\":\"https:\\\/\\\/tempelherrenorden.de\\\/cms\\\/author\\\/redaktion\\\/\"}]}<\/script>\n<!-- \/ Yoast SEO plugin. -->","yoast_head_json":{"title":"DORT WOHNT MAN GERNE &#8226; Deutscher Tempelherren-Orden","robots":{"index":"index","follow":"follow","max-snippet":"max-snippet:-1","max-image-preview":"max-image-preview:large","max-video-preview":"max-video-preview:-1"},"canonical":"https:\/\/tempelherrenorden.de\/cms\/dort-wohnt-man-gerne\/","og_locale":"de_DE","og_type":"article","og_title":"DORT WOHNT MAN GERNE &#8226; Deutscher Tempelherren-Orden","og_description":"(Predigtgedanken zum 5. Sonntag der Osterzeit Joh 14: 1 &#8211; 12) Die Wohnungsfrage ist immer auch eine Beziehungsfrage. Jesus geht heim zum Vater, weil er innig mit ihm verbunden ist. Er will auch uns Heimat geben, indem er uns in seine Beziehung zum Vater hineinnimmt. Beziehungspflege \u2013 zu Gott und\u2026 Artikel lesen","og_url":"https:\/\/tempelherrenorden.de\/cms\/dort-wohnt-man-gerne\/","og_site_name":"Deutscher Tempelherren-Orden","article_publisher":"https:\/\/www.facebook.com\/Deutscher-Tempelherren-Orden-OMCT-2054469481490772\/","article_published_time":"2023-05-06T18:25:20+00:00","article_modified_time":"2023-05-06T18:25:22+00:00","author":"Redaktion","twitter_card":"summary_large_image","twitter_misc":{"Verfasst von":"Redaktion","Gesch\u00e4tzte Lesezeit":"5\u00a0Minuten"},"schema":{"@context":"https:\/\/schema.org","@graph":[{"@type":"Article","@id":"https:\/\/tempelherrenorden.de\/cms\/dort-wohnt-man-gerne\/#article","isPartOf":{"@id":"https:\/\/tempelherrenorden.de\/cms\/dort-wohnt-man-gerne\/"},"author":{"name":"Redaktion","@id":"https:\/\/tempelherrenorden.de\/cms\/#\/schema\/person\/c4b556c7412791f0ed2d6851086be4aa"},"headline":"DORT WOHNT MAN GERNE","datePublished":"2023-05-06T18:25:20+00:00","dateModified":"2023-05-06T18:25:22+00:00","mainEntityOfPage":{"@id":"https:\/\/tempelherrenorden.de\/cms\/dort-wohnt-man-gerne\/"},"wordCount":935,"publisher":{"@id":"https:\/\/tempelherrenorden.de\/cms\/#organization"},"keywords":["Matthias David","Predigt","Tempelherren","Tempelritter","Templer"],"inLanguage":"de"},{"@type":"WebPage","@id":"https:\/\/tempelherrenorden.de\/cms\/dort-wohnt-man-gerne\/","url":"https:\/\/tempelherrenorden.de\/cms\/dort-wohnt-man-gerne\/","name":"DORT WOHNT MAN GERNE &#8226; Deutscher Tempelherren-Orden","isPartOf":{"@id":"https:\/\/tempelherrenorden.de\/cms\/#website"},"datePublished":"2023-05-06T18:25:20+00:00","dateModified":"2023-05-06T18:25:22+00:00","breadcrumb":{"@id":"https:\/\/tempelherrenorden.de\/cms\/dort-wohnt-man-gerne\/#breadcrumb"},"inLanguage":"de","potentialAction":[{"@type":"ReadAction","target":["https:\/\/tempelherrenorden.de\/cms\/dort-wohnt-man-gerne\/"]}]},{"@type":"BreadcrumbList","@id":"https:\/\/tempelherrenorden.de\/cms\/dort-wohnt-man-gerne\/#breadcrumb","itemListElement":[{"@type":"ListItem","position":1,"name":"Startseite","item":"https:\/\/tempelherrenorden.de\/cms\/"},{"@type":"ListItem","position":2,"name":"DORT WOHNT MAN GERNE"}]},{"@type":"WebSite","@id":"https:\/\/tempelherrenorden.de\/cms\/#website","url":"https:\/\/tempelherrenorden.de\/cms\/","name":"Deutscher Tempelherren-Orden","description":"","publisher":{"@id":"https:\/\/tempelherrenorden.de\/cms\/#organization"},"potentialAction":[{"@type":"SearchAction","target":{"@type":"EntryPoint","urlTemplate":"https:\/\/tempelherrenorden.de\/cms\/?s={search_term_string}"},"query-input":{"@type":"PropertyValueSpecification","valueRequired":true,"valueName":"search_term_string"}}],"inLanguage":"de"},{"@type":"Organization","@id":"https:\/\/tempelherrenorden.de\/cms\/#organization","name":"Deutscher Tempelherren-Orden OMCT e.V.","url":"https:\/\/tempelherrenorden.de\/cms\/","logo":{"@type":"ImageObject","inLanguage":"de","@id":"https:\/\/tempelherrenorden.de\/cms\/#\/schema\/logo\/image\/","url":"https:\/\/i0.wp.com\/tempelherrenorden.de\/cms\/wp-content\/uploads\/2018\/01\/OMCT-Wappen.jpg?fit=997%2C1198&ssl=1","contentUrl":"https:\/\/i0.wp.com\/tempelherrenorden.de\/cms\/wp-content\/uploads\/2018\/01\/OMCT-Wappen.jpg?fit=997%2C1198&ssl=1","width":997,"height":1198,"caption":"Deutscher Tempelherren-Orden OMCT e.V."},"image":{"@id":"https:\/\/tempelherrenorden.de\/cms\/#\/schema\/logo\/image\/"},"sameAs":["https:\/\/www.facebook.com\/Deutscher-Tempelherren-Orden-OMCT-2054469481490772\/"]},{"@type":"Person","@id":"https:\/\/tempelherrenorden.de\/cms\/#\/schema\/person\/c4b556c7412791f0ed2d6851086be4aa","name":"Redaktion","image":{"@type":"ImageObject","inLanguage":"de","@id":"https:\/\/secure.gravatar.com\/avatar\/4ed839132852af2d0905f18562e70ba28d4d5c2fa1196284813995a27f534319?s=96&d=mm&r=g","url":"https:\/\/secure.gravatar.com\/avatar\/4ed839132852af2d0905f18562e70ba28d4d5c2fa1196284813995a27f534319?s=96&d=mm&r=g","contentUrl":"https:\/\/secure.gravatar.com\/avatar\/4ed839132852af2d0905f18562e70ba28d4d5c2fa1196284813995a27f534319?s=96&d=mm&r=g","caption":"Redaktion"},"url":"https:\/\/tempelherrenorden.de\/cms\/author\/redaktion\/"}]}},"jetpack_featured_media_url":"","jetpack_shortlink":"https:\/\/wp.me\/p5yQvL-1fJ","jetpack_sharing_enabled":true,"_links":{"self":[{"href":"https:\/\/tempelherrenorden.de\/cms\/wp-json\/wp\/v2\/posts\/4819","targetHints":{"allow":["GET"]}}],"collection":[{"href":"https:\/\/tempelherrenorden.de\/cms\/wp-json\/wp\/v2\/posts"}],"about":[{"href":"https:\/\/tempelherrenorden.de\/cms\/wp-json\/wp\/v2\/types\/post"}],"author":[{"embeddable":true,"href":"https:\/\/tempelherrenorden.de\/cms\/wp-json\/wp\/v2\/users\/10"}],"replies":[{"embeddable":true,"href":"https:\/\/tempelherrenorden.de\/cms\/wp-json\/wp\/v2\/comments?post=4819"}],"version-history":[{"count":1,"href":"https:\/\/tempelherrenorden.de\/cms\/wp-json\/wp\/v2\/posts\/4819\/revisions"}],"predecessor-version":[{"id":4820,"href":"https:\/\/tempelherrenorden.de\/cms\/wp-json\/wp\/v2\/posts\/4819\/revisions\/4820"}],"wp:attachment":[{"href":"https:\/\/tempelherrenorden.de\/cms\/wp-json\/wp\/v2\/media?parent=4819"}],"wp:term":[{"taxonomy":"category","embeddable":true,"href":"https:\/\/tempelherrenorden.de\/cms\/wp-json\/wp\/v2\/categories?post=4819"},{"taxonomy":"post_tag","embeddable":true,"href":"https:\/\/tempelherrenorden.de\/cms\/wp-json\/wp\/v2\/tags?post=4819"}],"curies":[{"name":"wp","href":"https:\/\/api.w.org\/{rel}","templated":true}]}}