{"id":4832,"date":"2023-06-03T21:29:43","date_gmt":"2023-06-03T19:29:43","guid":{"rendered":"https:\/\/tempelherrenorden.de\/cms\/?p=4832"},"modified":"2023-06-03T21:29:44","modified_gmt":"2023-06-03T19:29:44","slug":"in-ihm-leben-wir-bewegen-wir-uns-und-sind-wir","status":"publish","type":"post","link":"https:\/\/tempelherrenorden.de\/cms\/in-ihm-leben-wir-bewegen-wir-uns-und-sind-wir\/","title":{"rendered":"&#8222;IN IHM LEBEN WIR, BEWEGEN WIR UNS UND SIND WIR&#8220;"},"content":{"rendered":"\n<p class=\"wp-block-paragraph\">(Predigtgedanken zum Dreifaltigkeitssonntag\/Trinitatis Joh 3: 16 &#8211; 18)<\/p>\n\n\n\n<h3 class=\"wp-block-heading\"><em>MISSVERST\u00c4NDNISSE<\/em><\/h3>\n\n\n\n<p class=\"wp-block-paragraph\">Alle Versuche, Dreifaltigkeit zu erkl\u00e4ren, sto\u00dfen an unsere intellektuellen Grenzen, auch wenn es ganze Bibliotheken voll Literatur dazu gibt. Ein nicht ganz ernst gemeinter Spruch dazu: Gott erfand die Theologen und schuf Handwerkszeug f\u00fcr sie, damit er endlich etwas \u00fcber sich erfahren kann.<br \/><br \/>Lange Zeit sprachen wir von drei g\u00f6ttlichen Personen. Das brachte den Christen, vor allem seitens des Islam, den Vorwurf ein, selbst ein polytheistisches, also ein Gottesbild der Vielg\u00f6tterei zu besitzen. Das Wort &#8222;Person&#8220; bedeutet heute etwas anderes als zur Zeit Jesu. Unter &#8222;Person&#8220; verstehen wir heute jemanden, der eigenst\u00e4ndig und in Freiheit denkt und handelt, der \u00fcber sich selbst bestimmen kann. Dadurch wird der Ausdruck von den &#8222;drei g\u00f6ttlichen Personen&#8220; missverstanden. Das war auch der Grund, weshalb das Konzil von Trient (1545-1563) die bildhafte Darstellung des Heiligen Geistes als Person verboten hat.<\/p>\n\n\n\n<!--more-->\n\n\n\n<h3 class=\"wp-block-heading\"><em>EIN FEST DER BEZIEHUNGEN<\/em><\/h3>\n\n\n\n<p class=\"wp-block-paragraph\">Wir heute ein gro\u00dfes Fest der Beziehungen &#8211; DREIFALTIGKEITSSONNTAG. Die Texte am reich gedeckten Tisch des Wortes f\u00fchren zu diesem Text der Beziehungen hin: <em>&#8222;Meine Freude war es, bei den Menschen zu sein&#8220; <\/em><em>(Spr 8,31 &amp;<\/em> <em>Psalm 8,5-6)<\/em><em>: &#8222;Was ist der Mensch, dass du seiner gedenkst, des Menschen Kind, dass du dich seiner annimmst? Du hast ihn nur wenig geringer gemacht als Gott, mit Herrlichkeit und Ehre gekr\u00f6nt.&#8220; <\/em>Das Buch Genesis weist darauf hin, dass Gott dem Menschen, also Mann und Frau, g\u00f6ttlichen Atem eingehaucht hat. Luft brauchen wir zum Leben, auch zum Sprechen.<br \/><br \/>Das lateinische Wort personare bedeutet &#8222;durcht\u00f6nen&#8220;, &#8222;laut verk\u00fcnden&#8220;. In welchem Geist sprechen und handeln wir? Immer im Sinn des Evangeliums, der Frohen Botschaft?<br \/>Im Buch Exodus lesen wir \u00fcber Mose: Er sagte: Wenn ich deine Gnade gefunden habe, mein Herr, dann ziehe doch mein Herr mit uns. Es ist zwar ein st\u00f6rrisches Volk, doch vergib uns unsere Schuld und S\u00fcnde, und lass uns dein Eigentum sein!Diese Lesung verdeutlicht, dass Gott der Spender allen Lebens ist und er mit den Menschen in eine innige Beziehung eintreten will. Wie soll man sich das vorstellen?<\/p>\n\n\n\n<h3 class=\"wp-block-heading\"><em>ICH LIEBE, DAHER BIN ICH<\/em><\/h3>\n\n\n\n<p class=\"wp-block-paragraph\"><strong>Cogito ergo sum:<\/strong> Ich denke, also bin ich. Der Verstand allein reicht nicht aus, dieses gro\u00dfe Geheimnis der Dreifaltigkeit zu begreifen.<br \/><strong>Dubio ergo sum:<\/strong> Ich zweifle, daher bin ich. Auch Zweifel begleiten uns lebenslang, vor allem in dunklen Stunden nach Niederlagen und Schicksalsschl\u00e4gen. Wird wirklich alles so sein, wie es uns zugesagt ist, eine in Frieden vollendete Welt? Sprechen nicht die t\u00e4glichen Nachrichten dagegen?<br \/><strong>Amo ergo sum:<\/strong> Ich liebe, ich lebe, daher bin ich. &#8222;Liebe&#8220; und &#8222;Leben&#8220; haben \u00e4hnliche Wortwurzeln. Amo ergo sum ist wohl die sch\u00f6nste Formel. In diesen drei Existenzweisen lebt der Mensch.<br \/><br \/>Der heutige Dreifaltigkeitssonntag zeigt, wozu wir berufen sind: Liebende Beziehung zu schaffen, zu uns selbst, zu unseren Mitmenschen &#8211; ob es auch bei Unsympathischen gelingt, einen Versuch w\u00e4re es wert! Die liebende Beziehung entsteht durch einen guten Geist.<br \/><br \/>Am Beginn und am Ende eines jeden Gottesdienstes rufen wir die Dreifaltigkeit an. Damit wird zum Ausdruck gebracht, was Paulus in der Apostelgeschichte <em>(Apg 17,28)<\/em>meint: <em>&#8222;In ihm leben wir, bewegen wir uns und sind wir.&#8220;<br \/><\/em><br \/>Gott umgibt uns als &#8222;Vater&#8220;, als &#8222;Sohn&#8220; und als &#8222;Heiliger Geist&#8220;. Seine Dreifaltigkeit soll unseren Glauben nicht kompliziert machen, sondern zum Erlebnis eines Ereignisses werden. Reden und Erkl\u00e4rungsversuche kommen dadurch an Grenzen<em>: &#8222;Noch vieles habe ich euch zu sagen, aber ihr k\u00f6nnt es jetzt nicht ertragen.&#8220; (Joh.16,12)<\/em>.<\/p>\n\n\n\n<p class=\"has-text-align-right wp-block-paragraph\">Seneschall Matthias David<\/p>\n","protected":false},"excerpt":{"rendered":"<p>(Predigtgedanken zum Dreifaltigkeitssonntag\/Trinitatis Joh 3: 16 &#8211; 18) MISSVERST\u00c4NDNISSE Alle Versuche, Dreifaltigkeit zu erkl\u00e4ren, sto\u00dfen an unsere intellektuellen Grenzen, auch wenn es ganze Bibliotheken voll Literatur dazu gibt. Ein nicht ganz ernst gemeinter Spruch dazu: Gott erfand die Theologen und schuf Handwerkszeug f\u00fcr sie, damit er endlich etwas \u00fcber sich\u2026<\/p>\n<p> <a class=\"continue-reading-link\" href=\"https:\/\/tempelherrenorden.de\/cms\/in-ihm-leben-wir-bewegen-wir-uns-und-sind-wir\/\"><span>Artikel lesen<\/span><i class=\"crycon-right-dir\"><\/i><\/a> <\/p>\n","protected":false},"author":10,"featured_media":0,"comment_status":"closed","ping_status":"closed","sticky":false,"template":"","format":"standard","meta":{"_crdt_document":"","jetpack_post_was_ever_published":false,"_jetpack_newsletter_access":"","_jetpack_dont_email_post_to_subs":false,"_jetpack_newsletter_tier_id":0,"_jetpack_memberships_contains_paywalled_content":false,"_jetpack_memberships_contains_paid_content":false,"footnotes":""},"categories":[1],"tags":[134,92,63,45,44],"class_list":["post-4832","post","type-post","status-publish","format-standard","hentry","category-allgemein","tag-matthias-david","tag-predigt","tag-tempelherren","tag-tempelritter","tag-templer"],"yoast_head":"<!-- This site is optimized with the Yoast SEO plugin v27.4 - https:\/\/yoast.com\/product\/yoast-seo-wordpress\/ -->\n<title>&quot;IN IHM LEBEN WIR, BEWEGEN WIR UNS UND SIND WIR&quot; &#8226; Deutscher Tempelherren-Orden<\/title>\n<meta name=\"robots\" content=\"index, follow, max-snippet:-1, max-image-preview:large, max-video-preview:-1\" \/>\n<link rel=\"canonical\" href=\"https:\/\/tempelherrenorden.de\/cms\/in-ihm-leben-wir-bewegen-wir-uns-und-sind-wir\/\" \/>\n<meta property=\"og:locale\" content=\"de_DE\" \/>\n<meta property=\"og:type\" content=\"article\" \/>\n<meta property=\"og:title\" content=\"&quot;IN IHM LEBEN WIR, BEWEGEN WIR UNS UND SIND WIR&quot; &#8226; Deutscher Tempelherren-Orden\" \/>\n<meta property=\"og:description\" content=\"(Predigtgedanken zum Dreifaltigkeitssonntag\/Trinitatis Joh 3: 16 &#8211; 18) MISSVERST\u00c4NDNISSE Alle Versuche, Dreifaltigkeit zu erkl\u00e4ren, sto\u00dfen an unsere intellektuellen Grenzen, auch wenn es ganze Bibliotheken voll Literatur dazu gibt. Ein nicht ganz ernst gemeinter Spruch dazu: Gott erfand die Theologen und schuf Handwerkszeug f\u00fcr sie, damit er endlich etwas \u00fcber sich\u2026 Artikel lesen\" \/>\n<meta property=\"og:url\" content=\"https:\/\/tempelherrenorden.de\/cms\/in-ihm-leben-wir-bewegen-wir-uns-und-sind-wir\/\" \/>\n<meta property=\"og:site_name\" content=\"Deutscher Tempelherren-Orden\" \/>\n<meta property=\"article:publisher\" content=\"https:\/\/www.facebook.com\/Deutscher-Tempelherren-Orden-OMCT-2054469481490772\/\" \/>\n<meta property=\"article:published_time\" content=\"2023-06-03T19:29:43+00:00\" \/>\n<meta property=\"article:modified_time\" content=\"2023-06-03T19:29:44+00:00\" \/>\n<meta name=\"author\" content=\"Redaktion\" \/>\n<meta name=\"twitter:card\" content=\"summary_large_image\" \/>\n<meta name=\"twitter:label1\" content=\"Verfasst von\" \/>\n\t<meta name=\"twitter:data1\" content=\"Redaktion\" \/>\n\t<meta name=\"twitter:label2\" content=\"Gesch\u00e4tzte Lesezeit\" \/>\n\t<meta name=\"twitter:data2\" content=\"4\u00a0Minuten\" \/>\n<script type=\"application\/ld+json\" class=\"yoast-schema-graph\">{\"@context\":\"https:\\\/\\\/schema.org\",\"@graph\":[{\"@type\":\"Article\",\"@id\":\"https:\\\/\\\/tempelherrenorden.de\\\/cms\\\/in-ihm-leben-wir-bewegen-wir-uns-und-sind-wir\\\/#article\",\"isPartOf\":{\"@id\":\"https:\\\/\\\/tempelherrenorden.de\\\/cms\\\/in-ihm-leben-wir-bewegen-wir-uns-und-sind-wir\\\/\"},\"author\":{\"name\":\"Redaktion\",\"@id\":\"https:\\\/\\\/tempelherrenorden.de\\\/cms\\\/#\\\/schema\\\/person\\\/c4b556c7412791f0ed2d6851086be4aa\"},\"headline\":\"&#8222;IN IHM LEBEN WIR, BEWEGEN WIR UNS UND SIND WIR&#8220;\",\"datePublished\":\"2023-06-03T19:29:43+00:00\",\"dateModified\":\"2023-06-03T19:29:44+00:00\",\"mainEntityOfPage\":{\"@id\":\"https:\\\/\\\/tempelherrenorden.de\\\/cms\\\/in-ihm-leben-wir-bewegen-wir-uns-und-sind-wir\\\/\"},\"wordCount\":588,\"publisher\":{\"@id\":\"https:\\\/\\\/tempelherrenorden.de\\\/cms\\\/#organization\"},\"keywords\":[\"Matthias David\",\"Predigt\",\"Tempelherren\",\"Tempelritter\",\"Templer\"],\"inLanguage\":\"de\"},{\"@type\":\"WebPage\",\"@id\":\"https:\\\/\\\/tempelherrenorden.de\\\/cms\\\/in-ihm-leben-wir-bewegen-wir-uns-und-sind-wir\\\/\",\"url\":\"https:\\\/\\\/tempelherrenorden.de\\\/cms\\\/in-ihm-leben-wir-bewegen-wir-uns-und-sind-wir\\\/\",\"name\":\"\\\"IN IHM LEBEN WIR, BEWEGEN WIR UNS UND SIND WIR\\\" &#8226; Deutscher Tempelherren-Orden\",\"isPartOf\":{\"@id\":\"https:\\\/\\\/tempelherrenorden.de\\\/cms\\\/#website\"},\"datePublished\":\"2023-06-03T19:29:43+00:00\",\"dateModified\":\"2023-06-03T19:29:44+00:00\",\"breadcrumb\":{\"@id\":\"https:\\\/\\\/tempelherrenorden.de\\\/cms\\\/in-ihm-leben-wir-bewegen-wir-uns-und-sind-wir\\\/#breadcrumb\"},\"inLanguage\":\"de\",\"potentialAction\":[{\"@type\":\"ReadAction\",\"target\":[\"https:\\\/\\\/tempelherrenorden.de\\\/cms\\\/in-ihm-leben-wir-bewegen-wir-uns-und-sind-wir\\\/\"]}]},{\"@type\":\"BreadcrumbList\",\"@id\":\"https:\\\/\\\/tempelherrenorden.de\\\/cms\\\/in-ihm-leben-wir-bewegen-wir-uns-und-sind-wir\\\/#breadcrumb\",\"itemListElement\":[{\"@type\":\"ListItem\",\"position\":1,\"name\":\"Startseite\",\"item\":\"https:\\\/\\\/tempelherrenorden.de\\\/cms\\\/\"},{\"@type\":\"ListItem\",\"position\":2,\"name\":\"&#8220;IN IHM LEBEN WIR, BEWEGEN WIR UNS UND SIND WIR&#8221;\"}]},{\"@type\":\"WebSite\",\"@id\":\"https:\\\/\\\/tempelherrenorden.de\\\/cms\\\/#website\",\"url\":\"https:\\\/\\\/tempelherrenorden.de\\\/cms\\\/\",\"name\":\"Deutscher Tempelherren-Orden\",\"description\":\"\",\"publisher\":{\"@id\":\"https:\\\/\\\/tempelherrenorden.de\\\/cms\\\/#organization\"},\"potentialAction\":[{\"@type\":\"SearchAction\",\"target\":{\"@type\":\"EntryPoint\",\"urlTemplate\":\"https:\\\/\\\/tempelherrenorden.de\\\/cms\\\/?s={search_term_string}\"},\"query-input\":{\"@type\":\"PropertyValueSpecification\",\"valueRequired\":true,\"valueName\":\"search_term_string\"}}],\"inLanguage\":\"de\"},{\"@type\":\"Organization\",\"@id\":\"https:\\\/\\\/tempelherrenorden.de\\\/cms\\\/#organization\",\"name\":\"Deutscher Tempelherren-Orden OMCT e.V.\",\"url\":\"https:\\\/\\\/tempelherrenorden.de\\\/cms\\\/\",\"logo\":{\"@type\":\"ImageObject\",\"inLanguage\":\"de\",\"@id\":\"https:\\\/\\\/tempelherrenorden.de\\\/cms\\\/#\\\/schema\\\/logo\\\/image\\\/\",\"url\":\"https:\\\/\\\/i0.wp.com\\\/tempelherrenorden.de\\\/cms\\\/wp-content\\\/uploads\\\/2018\\\/01\\\/OMCT-Wappen.jpg?fit=997%2C1198&ssl=1\",\"contentUrl\":\"https:\\\/\\\/i0.wp.com\\\/tempelherrenorden.de\\\/cms\\\/wp-content\\\/uploads\\\/2018\\\/01\\\/OMCT-Wappen.jpg?fit=997%2C1198&ssl=1\",\"width\":997,\"height\":1198,\"caption\":\"Deutscher Tempelherren-Orden OMCT e.V.\"},\"image\":{\"@id\":\"https:\\\/\\\/tempelherrenorden.de\\\/cms\\\/#\\\/schema\\\/logo\\\/image\\\/\"},\"sameAs\":[\"https:\\\/\\\/www.facebook.com\\\/Deutscher-Tempelherren-Orden-OMCT-2054469481490772\\\/\"]},{\"@type\":\"Person\",\"@id\":\"https:\\\/\\\/tempelherrenorden.de\\\/cms\\\/#\\\/schema\\\/person\\\/c4b556c7412791f0ed2d6851086be4aa\",\"name\":\"Redaktion\",\"image\":{\"@type\":\"ImageObject\",\"inLanguage\":\"de\",\"@id\":\"https:\\\/\\\/secure.gravatar.com\\\/avatar\\\/4ed839132852af2d0905f18562e70ba28d4d5c2fa1196284813995a27f534319?s=96&d=mm&r=g\",\"url\":\"https:\\\/\\\/secure.gravatar.com\\\/avatar\\\/4ed839132852af2d0905f18562e70ba28d4d5c2fa1196284813995a27f534319?s=96&d=mm&r=g\",\"contentUrl\":\"https:\\\/\\\/secure.gravatar.com\\\/avatar\\\/4ed839132852af2d0905f18562e70ba28d4d5c2fa1196284813995a27f534319?s=96&d=mm&r=g\",\"caption\":\"Redaktion\"},\"url\":\"https:\\\/\\\/tempelherrenorden.de\\\/cms\\\/author\\\/redaktion\\\/\"}]}<\/script>\n<!-- \/ Yoast SEO plugin. -->","yoast_head_json":{"title":"\"IN IHM LEBEN WIR, BEWEGEN WIR UNS UND SIND WIR\" &#8226; Deutscher Tempelherren-Orden","robots":{"index":"index","follow":"follow","max-snippet":"max-snippet:-1","max-image-preview":"max-image-preview:large","max-video-preview":"max-video-preview:-1"},"canonical":"https:\/\/tempelherrenorden.de\/cms\/in-ihm-leben-wir-bewegen-wir-uns-und-sind-wir\/","og_locale":"de_DE","og_type":"article","og_title":"\"IN IHM LEBEN WIR, BEWEGEN WIR UNS UND SIND WIR\" &#8226; Deutscher Tempelherren-Orden","og_description":"(Predigtgedanken zum Dreifaltigkeitssonntag\/Trinitatis Joh 3: 16 &#8211; 18) MISSVERST\u00c4NDNISSE Alle Versuche, Dreifaltigkeit zu erkl\u00e4ren, sto\u00dfen an unsere intellektuellen Grenzen, auch wenn es ganze Bibliotheken voll Literatur dazu gibt. Ein nicht ganz ernst gemeinter Spruch dazu: Gott erfand die Theologen und schuf Handwerkszeug f\u00fcr sie, damit er endlich etwas \u00fcber sich\u2026 Artikel lesen","og_url":"https:\/\/tempelherrenorden.de\/cms\/in-ihm-leben-wir-bewegen-wir-uns-und-sind-wir\/","og_site_name":"Deutscher Tempelherren-Orden","article_publisher":"https:\/\/www.facebook.com\/Deutscher-Tempelherren-Orden-OMCT-2054469481490772\/","article_published_time":"2023-06-03T19:29:43+00:00","article_modified_time":"2023-06-03T19:29:44+00:00","author":"Redaktion","twitter_card":"summary_large_image","twitter_misc":{"Verfasst von":"Redaktion","Gesch\u00e4tzte Lesezeit":"4\u00a0Minuten"},"schema":{"@context":"https:\/\/schema.org","@graph":[{"@type":"Article","@id":"https:\/\/tempelherrenorden.de\/cms\/in-ihm-leben-wir-bewegen-wir-uns-und-sind-wir\/#article","isPartOf":{"@id":"https:\/\/tempelherrenorden.de\/cms\/in-ihm-leben-wir-bewegen-wir-uns-und-sind-wir\/"},"author":{"name":"Redaktion","@id":"https:\/\/tempelherrenorden.de\/cms\/#\/schema\/person\/c4b556c7412791f0ed2d6851086be4aa"},"headline":"&#8222;IN IHM LEBEN WIR, BEWEGEN WIR UNS UND SIND WIR&#8220;","datePublished":"2023-06-03T19:29:43+00:00","dateModified":"2023-06-03T19:29:44+00:00","mainEntityOfPage":{"@id":"https:\/\/tempelherrenorden.de\/cms\/in-ihm-leben-wir-bewegen-wir-uns-und-sind-wir\/"},"wordCount":588,"publisher":{"@id":"https:\/\/tempelherrenorden.de\/cms\/#organization"},"keywords":["Matthias David","Predigt","Tempelherren","Tempelritter","Templer"],"inLanguage":"de"},{"@type":"WebPage","@id":"https:\/\/tempelherrenorden.de\/cms\/in-ihm-leben-wir-bewegen-wir-uns-und-sind-wir\/","url":"https:\/\/tempelherrenorden.de\/cms\/in-ihm-leben-wir-bewegen-wir-uns-und-sind-wir\/","name":"\"IN IHM LEBEN WIR, BEWEGEN WIR UNS UND SIND WIR\" &#8226; Deutscher Tempelherren-Orden","isPartOf":{"@id":"https:\/\/tempelherrenorden.de\/cms\/#website"},"datePublished":"2023-06-03T19:29:43+00:00","dateModified":"2023-06-03T19:29:44+00:00","breadcrumb":{"@id":"https:\/\/tempelherrenorden.de\/cms\/in-ihm-leben-wir-bewegen-wir-uns-und-sind-wir\/#breadcrumb"},"inLanguage":"de","potentialAction":[{"@type":"ReadAction","target":["https:\/\/tempelherrenorden.de\/cms\/in-ihm-leben-wir-bewegen-wir-uns-und-sind-wir\/"]}]},{"@type":"BreadcrumbList","@id":"https:\/\/tempelherrenorden.de\/cms\/in-ihm-leben-wir-bewegen-wir-uns-und-sind-wir\/#breadcrumb","itemListElement":[{"@type":"ListItem","position":1,"name":"Startseite","item":"https:\/\/tempelherrenorden.de\/cms\/"},{"@type":"ListItem","position":2,"name":"&#8220;IN IHM LEBEN WIR, BEWEGEN WIR UNS UND SIND WIR&#8221;"}]},{"@type":"WebSite","@id":"https:\/\/tempelherrenorden.de\/cms\/#website","url":"https:\/\/tempelherrenorden.de\/cms\/","name":"Deutscher Tempelherren-Orden","description":"","publisher":{"@id":"https:\/\/tempelherrenorden.de\/cms\/#organization"},"potentialAction":[{"@type":"SearchAction","target":{"@type":"EntryPoint","urlTemplate":"https:\/\/tempelherrenorden.de\/cms\/?s={search_term_string}"},"query-input":{"@type":"PropertyValueSpecification","valueRequired":true,"valueName":"search_term_string"}}],"inLanguage":"de"},{"@type":"Organization","@id":"https:\/\/tempelherrenorden.de\/cms\/#organization","name":"Deutscher Tempelherren-Orden OMCT e.V.","url":"https:\/\/tempelherrenorden.de\/cms\/","logo":{"@type":"ImageObject","inLanguage":"de","@id":"https:\/\/tempelherrenorden.de\/cms\/#\/schema\/logo\/image\/","url":"https:\/\/i0.wp.com\/tempelherrenorden.de\/cms\/wp-content\/uploads\/2018\/01\/OMCT-Wappen.jpg?fit=997%2C1198&ssl=1","contentUrl":"https:\/\/i0.wp.com\/tempelherrenorden.de\/cms\/wp-content\/uploads\/2018\/01\/OMCT-Wappen.jpg?fit=997%2C1198&ssl=1","width":997,"height":1198,"caption":"Deutscher Tempelherren-Orden OMCT e.V."},"image":{"@id":"https:\/\/tempelherrenorden.de\/cms\/#\/schema\/logo\/image\/"},"sameAs":["https:\/\/www.facebook.com\/Deutscher-Tempelherren-Orden-OMCT-2054469481490772\/"]},{"@type":"Person","@id":"https:\/\/tempelherrenorden.de\/cms\/#\/schema\/person\/c4b556c7412791f0ed2d6851086be4aa","name":"Redaktion","image":{"@type":"ImageObject","inLanguage":"de","@id":"https:\/\/secure.gravatar.com\/avatar\/4ed839132852af2d0905f18562e70ba28d4d5c2fa1196284813995a27f534319?s=96&d=mm&r=g","url":"https:\/\/secure.gravatar.com\/avatar\/4ed839132852af2d0905f18562e70ba28d4d5c2fa1196284813995a27f534319?s=96&d=mm&r=g","contentUrl":"https:\/\/secure.gravatar.com\/avatar\/4ed839132852af2d0905f18562e70ba28d4d5c2fa1196284813995a27f534319?s=96&d=mm&r=g","caption":"Redaktion"},"url":"https:\/\/tempelherrenorden.de\/cms\/author\/redaktion\/"}]}},"jetpack_featured_media_url":"","jetpack_shortlink":"https:\/\/wp.me\/p5yQvL-1fW","jetpack_sharing_enabled":true,"_links":{"self":[{"href":"https:\/\/tempelherrenorden.de\/cms\/wp-json\/wp\/v2\/posts\/4832","targetHints":{"allow":["GET"]}}],"collection":[{"href":"https:\/\/tempelherrenorden.de\/cms\/wp-json\/wp\/v2\/posts"}],"about":[{"href":"https:\/\/tempelherrenorden.de\/cms\/wp-json\/wp\/v2\/types\/post"}],"author":[{"embeddable":true,"href":"https:\/\/tempelherrenorden.de\/cms\/wp-json\/wp\/v2\/users\/10"}],"replies":[{"embeddable":true,"href":"https:\/\/tempelherrenorden.de\/cms\/wp-json\/wp\/v2\/comments?post=4832"}],"version-history":[{"count":1,"href":"https:\/\/tempelherrenorden.de\/cms\/wp-json\/wp\/v2\/posts\/4832\/revisions"}],"predecessor-version":[{"id":4833,"href":"https:\/\/tempelherrenorden.de\/cms\/wp-json\/wp\/v2\/posts\/4832\/revisions\/4833"}],"wp:attachment":[{"href":"https:\/\/tempelherrenorden.de\/cms\/wp-json\/wp\/v2\/media?parent=4832"}],"wp:term":[{"taxonomy":"category","embeddable":true,"href":"https:\/\/tempelherrenorden.de\/cms\/wp-json\/wp\/v2\/categories?post=4832"},{"taxonomy":"post_tag","embeddable":true,"href":"https:\/\/tempelherrenorden.de\/cms\/wp-json\/wp\/v2\/tags?post=4832"}],"curies":[{"name":"wp","href":"https:\/\/api.w.org\/{rel}","templated":true}]}}