{"id":4861,"date":"2023-08-12T17:29:06","date_gmt":"2023-08-12T15:29:06","guid":{"rendered":"https:\/\/tempelherrenorden.de\/cms\/?p=4861"},"modified":"2023-08-12T17:29:07","modified_gmt":"2023-08-12T15:29:07","slug":"ein-wunder-das-immer-wieder-geschieht","status":"publish","type":"post","link":"https:\/\/tempelherrenorden.de\/cms\/ein-wunder-das-immer-wieder-geschieht\/","title":{"rendered":"EIN WUNDER, DAS IMMER WIEDER GESCHIEHT"},"content":{"rendered":"\n<p class=\"wp-block-paragraph\">(Predigtgedanken zum 19. Sonntag im Jahreskreis \/ 10. Sonntag nach Trinitatis, Mk 14:22 \u2013 33, 1 K\u00f6n 18,1 \u2013 2. 16b \u2013 46. 19, 1 &#8211; 13)<\/p>\n\n\n\n<h3 class=\"wp-block-heading\"><em>EINE GROSSE STILLE<\/em><\/h3>\n\n\n\n<p class=\"wp-block-paragraph\">Wie ruhig der See jetzt ist! Schaut! Eine gro\u00dfe Stille liegt \u00fcber dem Wasser. Als wenn nichts gewesen w\u00e4re. Alle \u00c4ngste, Aufregungen, K\u00e4mpfe &#8211; vorbei. Die Geister und Ungeheuer sind verschwunden. M\u00fcde und mitgenommen gehen sie an Land. Ihre Gesichter sind gezeichnet. Doch in ihre Seelen schaut keine Kamera. Sie haben alle einen Namen. In der Statistik sind sie aber nur Zahlen. Und gerinnen zur Krise.<br \/><\/p>\n\n\n\n<!--more-->\n\n\n\n<p class=\"wp-block-paragraph\">Heute gesellen sich zwei Menschen dazu. Der eine, Elija &#8211; aus der ersten Lesung &#8211; hat Erfahrungen mit Gewalt. Nicht mal als Opfer. Der andere, Petrus &#8211; aus dem Evangelium &#8211; ist gerettet worden. Vor dem Untergang standen beide. Sie sind, buchst\u00e4blich, an ihr Ende gekommen, an Grenzen, die nicht zu \u00fcberwinden waren. Dass sie leben, verdanken sie einem Wunder. Dem Wunder, dass Gott sie nicht fallen l\u00e4sst. Und sich ihnen offenbart. In einer gro\u00dfen Ruhe, die vor allem Anfang liegt. Sie k\u00f6nnen noch einmal neu anfangen. Die St\u00fcrme sind verebbt. Wie ruhig der See jetzt ist! Schaut!<br \/><br \/>Es ist schon etwas Einmaliges, in der Kirche zu sein.<\/p>\n\n\n\n<h3 class=\"wp-block-heading\"><em>ELIJA. DIE WAHRHEIT IST EIN HAUCH<\/em><\/h3>\n\n\n\n<p class=\"wp-block-paragraph\">Elija&#8217;s Geschichte ist verwinkelt und verworren. Zwischen Ekstase und Verlorenheit. Ich war eifrig, Gott zu verteidigen, sagt er. Leidenschaftlich. Unerbittlich. Konsequent. Ich habe mich angelegt mit den Priestern, die f\u00fcr andere G\u00f6tter arbeiteten \u2013 f\u00fcr die Fruchtbarkeitsg\u00f6tter, von denen es so viele gab. Nebenbuhler vertr\u00e4gt Gott nicht. Ich war ganz sicher, Gott richtig verstanden zu haben. Ich wusste, was wahr ist. Ich war immer mit mir im Reinen.<br \/><br \/>Am Ende siegt die Gewalt. Wie so oft in den Geschichten, die wir kaum entwirren k\u00f6nnen. Elija selbst legt Hand an. Waren es 450, gar 850 Priester, die umgebracht werden? Die Opferzahl ist nicht mehr zu eruieren. Ein Massaker. Aber wir kennen den Namen des Baches, der das Blut schlucken musste: Der Bach Kischon. Was dieser Bach zu erz\u00e4hlen hat! Und dann doch auswaschen, reinwaschen muss. Eine schreckliche Geschichte, fromm verbr\u00e4mt und verkl\u00e4rt. Elija muss es sich sogar gefallen lassen, als Gottesk\u00e4mpfer stilisiert zu werden &#8211; oder kam ihm das gerade recht? Aber man sp\u00fcrt die Zerrissenheit. Selbst in den alten, heiligen Texten. Wir sehen Elija in einer H\u00f6hle. Dort begegnet ihm \u2013 Gott. Es war sein sehnlichster Wunsch, ihn einmal zu sehen. Doch wie kommt Gott? In einem Sturm, der Berge zerrei\u00dft? In einem Erdbeben? Im Feuer? Das sind nicht nur Naturgewalten \u2013 das sind auch Bilder f\u00fcr Gewalt \u00fcberhaupt. Unberechenbar. Unkontrollierbar. Einsch\u00fcchternd. Gott selbst wird oft mit diesen Bildern geschm\u00fcckt. Gewaltig \u2013 gro\u00df \u2013 unnahbar. Als ob er nur so Gott sein kann.<br \/><br \/>Gott aber erscheint in einem Hauch, in einem S\u00e4useln, leicht, sanft. Wie ein Atemzug. Elija sieht auch nichts von ihm \u2013 er h\u00f6rt auch kein Wort, keine Stimme, nur den Hauch. Elija verh\u00fcllt sein Gesicht in seinem Mantel, schleicht nach drau\u00dfen und stellt sich vor die H\u00f6hle. Elija hat Gottes Atem, seinen Lebensatem geh\u00f6rt \u2013 und dann ist ER weg. Jetzt ist alles still. Im Schweigen verh\u00fcllt. Elija atmet. Ein und aus.<br \/><br \/>Hatte Gott nicht am Anfang den Menschen seinen Atem gegeben? Ist sein Atem nicht meine Seele? Verbindet uns das nicht alle? Gott l\u00e4sst sich h\u00f6ren. Gewalt ist nicht einmal in seiner Stimme. Wenn er kommt, atmet alles auf. Jetzt kommt Elija aus seiner H\u00f6hle. Die Welt sieht anders aus als vorhin. Dabei war es nur ein Hauch. Ein Hauch, der alles verwandelt, alles ver\u00e4ndert.<\/p>\n\n\n\n<h3 class=\"wp-block-heading\"><em>PETRUS. EINE GLAUBENSGESCHICHTE<\/em><\/h3>\n\n\n\n<p class=\"wp-block-paragraph\">Ob Petrus den feurigen Elija&#8217;s kennt? Ganz sicher. Seine Geschichte wurde erz\u00e4hlt, in immer wieder neuen Variationen. Zuletzt soll Elija in einem feurigen Wagen in den Himmel gefahren sein. Da schlagen schon die Herzen der Kinder h\u00f6her. Ein feuriger Wagen! Petrus ist Fischer, ein einfacher Mann. Eigentlich hei\u00dft er auch nur Simon. Aber Jesus hat ihn Petrus, Fels, genannt. Und steht treu zu ihm. Ein gro\u00dfes Vertrauen. Einen Beweis hat Petrus auch noch nicht erbringen m\u00fcssen. Als er sich aber wenigstens zu Jesus bekennen soll, versagt er schm\u00e4hlich. Dabei nimmt er in der Regel den Mund immer zu voll. Wir kennen \u2013 und lieben \u2013 ihn als Draufg\u00e4nger. Er \u00fcberlegt nicht lange. In seinem Urteil ist er schnell sicher. \u00dcbersch\u00e4tzt sich dabei aber auch. Das passt zu ihm: Herr, lass mich \u00fcber das Wasser gehen.<br \/><br \/>Dabei war das Boot weit drau\u00dfen auf dem See, das Wasser aufgew\u00fchlt, der Sturm schier endlos. Die Wellen spielen mit dem kleinen Boot. Wir sp\u00fcren die Angst, aber auch den Kampf. Die J\u00fcnger Jesu kennen den See, ihren See. Sie haben ihn schon so manches Mal nass und verschwitzt ihr Leben abgerungen. Wie sich das anh\u00f6rt? Und dann einer allein! Herr, lass mich \u00fcber das Wasser gehen. Haben wir je davon geh\u00f6rt, dass ein Mensch \u00fcber das Wasser geht? \u00dcber Wasser gehen kann? Und dann auch noch durch im Sturm? Eine sch\u00f6ne Allmachtsphantasie. M\u00f6chtest du nicht vielleicht auch in den Himmel fahren?<br \/><br \/>Es ist ein gewaltiges Bild! Mit gewaltigen M\u00e4chten. Der tosende, aufgew\u00fchlte See &#8211; das kleine Boot, unter Schaum und Gischt kaum auszumachen &#8211; hin und hergerissene Menschen, ganz allein auf sich gestellt. Nur: Jesus ist auch da. Von ihm werden Menschen staunend sagen, dass ihm sogar Wind und Wellen gehorchen. Er ruft Petrus: Komm! Petrus aber versinkt. Wie erwartet, wie bef\u00fcrchtet. Dabei best\u00e4rken wir uns in unseren Vorbehalten und Zweifeln. Wir haben l\u00e4ngst aufgegeben, das Unm\u00f6gliche zu denken. Jesus aber h\u00e4lt Petrus fest. Er nennt ihn einen Kleingl\u00e4ubigen. Gibt es das Wort \u00fcberhaupt? Gibt es denn auch Gro\u00dfgl\u00e4ubige?<br \/><br \/>Petrus wei\u00df um seinen Kleinglauben. Er hat nicht nur diese entsetzliche Szene im Kopf, als er fast untergegangen w\u00e4re, er erinnert sich auch gut an jene Nacht, in der er Jesus einfach verleugnet hat. Dreimal. Es h\u00e4tte ihm nicht geschadet, auch nichts gekostet, wenn er zu Jesus gestanden h\u00e4tte. Eine schreckliche Geschichte. Jetzt ist Petrus untergegangen. Er hatte kein Vertrauen. Wohl auch kein Selbstvertrauen. Konnte er erwarten, wom\u00f6glich hoffen, von Jesus noch einmal angesehen, angenommen zu werden? Wie auf dem See: Jesus h\u00e4lt Petrus fest, Jesus h\u00e4lt an Petrus fest. Er vertraut ihm sogar seine Kirche an, Menschen, die sich wie Petrus danach sehnen, glauben zu k\u00f6nnen, gehalten zu werden.<br \/><br \/>Die Geschichte von der Stillung des Sturmes ist eine Geschichte mitten aus dem Leben. Sie erz\u00e4hlt von Vertrauen, von Glauben, von Liebe. Und sie l\u00e4sst uns wie in einem Spiegel unsere Angst, unsere Unsicherheit, unseren Kleinglauben sehen. Wie viele Untergangsgeschichten wohl heute zusammen k\u00e4men, wenn sie erz\u00e4hlt w\u00fcrden? Unter Gro\u00dfgl\u00e4ubigen sind wir nicht.<br \/><br \/>In gewisser Weise hat diese Geschichte traumhafte Z\u00fcge. Sie braucht diese Z\u00fcge auch, um von einem Wunder zu erz\u00e4hlen. Von einem Wunder, das immer wieder geschieht. Komm!<\/p>\n\n\n\n<h3 class=\"wp-block-heading\"><em>JESUS KOMMT \u00dcBER DEN SEE<\/em><\/h3>\n\n\n\n<p class=\"wp-block-paragraph\">Erz\u00e4hlen wir doch heute von dem Wunder der Stille. Elija lernt Gott in einem Hauch kennen. Er offenbart sich in seinem, in meinem Atem. Petrus begegnet er in einer gro\u00dfen Stille. Die Gewalt ist verstummt. Auch die Naturgewalt. Der Sturm ist gestillt. Gestillt. Still.<br \/><br \/>Erz\u00e4hlen wir doch heute von den Unterg\u00e4ngen. Menschen gehen unter. Wenn sie nichts mehr haben, woran sie noch glauben k\u00f6nnen. Wenn ihre Hoffnungen immer entt\u00e4uscht werden. Wenn sie der Gewalt hilflos ausgeliefert sind. Wenn sie sich selbst verlieren. Die Seele aufgew\u00fchlt, ausgeliefert, ratlos. St\u00fcrmische See &#8211; im Herzen. Wir Menschen sterben viele Tode, bevor wir sterben. Der letzte ist wohl nicht der schlimmste.<br \/><br \/>Im Evangelium sehen wir Jesus \u00fcber den See kommen. Er kommt uns im Sturm entgegen. Er h\u00e4lt auch die, die gerade auf der Flucht sind. Ausgeliefert. Von Schleppern verkauft. Auf der Suche nach einer neuen Heimat. Kleingl\u00e4ubige sehen keinen Weg. Kleingl\u00e4ubige gew\u00e4hren kein Vertrauen. Kleingl\u00e4ubige verlieben sich in ihre Zweifel. Jesus kommt \u00fcber den See. Du Kleingl\u00e4ubiger, warum hast du gezweifelt? Habe ich? Wir k\u00f6nnten einmal tief durchatmen &#8230;<\/p>\n\n\n\n<p class=\"has-text-align-right wp-block-paragraph\">Seneschall Matthias David<br \/><br \/><br \/><br \/><\/p>\n","protected":false},"excerpt":{"rendered":"<p>(Predigtgedanken zum 19. Sonntag im Jahreskreis \/ 10. Sonntag nach Trinitatis, Mk 14:22 \u2013 33, 1 K\u00f6n 18,1 \u2013 2. 16b \u2013 46. 19, 1 &#8211; 13) EINE GROSSE STILLE Wie ruhig der See jetzt ist! Schaut! Eine gro\u00dfe Stille liegt \u00fcber dem Wasser. Als wenn nichts gewesen w\u00e4re. Alle\u2026<\/p>\n<p> <a class=\"continue-reading-link\" href=\"https:\/\/tempelherrenorden.de\/cms\/ein-wunder-das-immer-wieder-geschieht\/\"><span>Artikel lesen<\/span><i class=\"crycon-right-dir\"><\/i><\/a> <\/p>\n","protected":false},"author":10,"featured_media":0,"comment_status":"closed","ping_status":"closed","sticky":false,"template":"","format":"standard","meta":{"_crdt_document":"","jetpack_post_was_ever_published":false,"_jetpack_newsletter_access":"","_jetpack_dont_email_post_to_subs":false,"_jetpack_newsletter_tier_id":0,"_jetpack_memberships_contains_paywalled_content":false,"_jetpack_memberships_contains_paid_content":false,"footnotes":""},"categories":[1],"tags":[134,92,63,45,44],"class_list":["post-4861","post","type-post","status-publish","format-standard","hentry","category-allgemein","tag-matthias-david","tag-predigt","tag-tempelherren","tag-tempelritter","tag-templer"],"yoast_head":"<!-- This site is optimized with the Yoast SEO plugin v27.4 - https:\/\/yoast.com\/product\/yoast-seo-wordpress\/ -->\n<title>EIN WUNDER, DAS IMMER WIEDER GESCHIEHT &#8226; Deutscher Tempelherren-Orden<\/title>\n<meta name=\"robots\" content=\"index, follow, max-snippet:-1, max-image-preview:large, max-video-preview:-1\" \/>\n<link rel=\"canonical\" href=\"https:\/\/tempelherrenorden.de\/cms\/ein-wunder-das-immer-wieder-geschieht\/\" \/>\n<meta property=\"og:locale\" content=\"de_DE\" \/>\n<meta property=\"og:type\" content=\"article\" \/>\n<meta property=\"og:title\" content=\"EIN WUNDER, DAS IMMER WIEDER GESCHIEHT &#8226; Deutscher Tempelherren-Orden\" \/>\n<meta property=\"og:description\" content=\"(Predigtgedanken zum 19. Sonntag im Jahreskreis \/ 10. Sonntag nach Trinitatis, Mk 14:22 \u2013 33, 1 K\u00f6n 18,1 \u2013 2. 16b \u2013 46. 19, 1 &#8211; 13) EINE GROSSE STILLE Wie ruhig der See jetzt ist! Schaut! Eine gro\u00dfe Stille liegt \u00fcber dem Wasser. Als wenn nichts gewesen w\u00e4re. Alle\u2026 Artikel lesen\" \/>\n<meta property=\"og:url\" content=\"https:\/\/tempelherrenorden.de\/cms\/ein-wunder-das-immer-wieder-geschieht\/\" \/>\n<meta property=\"og:site_name\" content=\"Deutscher Tempelherren-Orden\" \/>\n<meta property=\"article:publisher\" content=\"https:\/\/www.facebook.com\/Deutscher-Tempelherren-Orden-OMCT-2054469481490772\/\" \/>\n<meta property=\"article:published_time\" content=\"2023-08-12T15:29:06+00:00\" \/>\n<meta property=\"article:modified_time\" content=\"2023-08-12T15:29:07+00:00\" \/>\n<meta name=\"author\" content=\"Redaktion\" \/>\n<meta name=\"twitter:card\" content=\"summary_large_image\" \/>\n<meta name=\"twitter:label1\" content=\"Verfasst von\" \/>\n\t<meta name=\"twitter:data1\" content=\"Redaktion\" \/>\n\t<meta name=\"twitter:label2\" content=\"Gesch\u00e4tzte Lesezeit\" \/>\n\t<meta name=\"twitter:data2\" content=\"8\u00a0Minuten\" \/>\n<script type=\"application\/ld+json\" class=\"yoast-schema-graph\">{\"@context\":\"https:\\\/\\\/schema.org\",\"@graph\":[{\"@type\":\"Article\",\"@id\":\"https:\\\/\\\/tempelherrenorden.de\\\/cms\\\/ein-wunder-das-immer-wieder-geschieht\\\/#article\",\"isPartOf\":{\"@id\":\"https:\\\/\\\/tempelherrenorden.de\\\/cms\\\/ein-wunder-das-immer-wieder-geschieht\\\/\"},\"author\":{\"name\":\"Redaktion\",\"@id\":\"https:\\\/\\\/tempelherrenorden.de\\\/cms\\\/#\\\/schema\\\/person\\\/c4b556c7412791f0ed2d6851086be4aa\"},\"headline\":\"EIN WUNDER, DAS IMMER WIEDER GESCHIEHT\",\"datePublished\":\"2023-08-12T15:29:06+00:00\",\"dateModified\":\"2023-08-12T15:29:07+00:00\",\"mainEntityOfPage\":{\"@id\":\"https:\\\/\\\/tempelherrenorden.de\\\/cms\\\/ein-wunder-das-immer-wieder-geschieht\\\/\"},\"wordCount\":1375,\"publisher\":{\"@id\":\"https:\\\/\\\/tempelherrenorden.de\\\/cms\\\/#organization\"},\"keywords\":[\"Matthias David\",\"Predigt\",\"Tempelherren\",\"Tempelritter\",\"Templer\"],\"inLanguage\":\"de\"},{\"@type\":\"WebPage\",\"@id\":\"https:\\\/\\\/tempelherrenorden.de\\\/cms\\\/ein-wunder-das-immer-wieder-geschieht\\\/\",\"url\":\"https:\\\/\\\/tempelherrenorden.de\\\/cms\\\/ein-wunder-das-immer-wieder-geschieht\\\/\",\"name\":\"EIN WUNDER, DAS IMMER WIEDER GESCHIEHT &#8226; Deutscher Tempelherren-Orden\",\"isPartOf\":{\"@id\":\"https:\\\/\\\/tempelherrenorden.de\\\/cms\\\/#website\"},\"datePublished\":\"2023-08-12T15:29:06+00:00\",\"dateModified\":\"2023-08-12T15:29:07+00:00\",\"breadcrumb\":{\"@id\":\"https:\\\/\\\/tempelherrenorden.de\\\/cms\\\/ein-wunder-das-immer-wieder-geschieht\\\/#breadcrumb\"},\"inLanguage\":\"de\",\"potentialAction\":[{\"@type\":\"ReadAction\",\"target\":[\"https:\\\/\\\/tempelherrenorden.de\\\/cms\\\/ein-wunder-das-immer-wieder-geschieht\\\/\"]}]},{\"@type\":\"BreadcrumbList\",\"@id\":\"https:\\\/\\\/tempelherrenorden.de\\\/cms\\\/ein-wunder-das-immer-wieder-geschieht\\\/#breadcrumb\",\"itemListElement\":[{\"@type\":\"ListItem\",\"position\":1,\"name\":\"Startseite\",\"item\":\"https:\\\/\\\/tempelherrenorden.de\\\/cms\\\/\"},{\"@type\":\"ListItem\",\"position\":2,\"name\":\"EIN WUNDER, DAS IMMER WIEDER GESCHIEHT\"}]},{\"@type\":\"WebSite\",\"@id\":\"https:\\\/\\\/tempelherrenorden.de\\\/cms\\\/#website\",\"url\":\"https:\\\/\\\/tempelherrenorden.de\\\/cms\\\/\",\"name\":\"Deutscher Tempelherren-Orden\",\"description\":\"\",\"publisher\":{\"@id\":\"https:\\\/\\\/tempelherrenorden.de\\\/cms\\\/#organization\"},\"potentialAction\":[{\"@type\":\"SearchAction\",\"target\":{\"@type\":\"EntryPoint\",\"urlTemplate\":\"https:\\\/\\\/tempelherrenorden.de\\\/cms\\\/?s={search_term_string}\"},\"query-input\":{\"@type\":\"PropertyValueSpecification\",\"valueRequired\":true,\"valueName\":\"search_term_string\"}}],\"inLanguage\":\"de\"},{\"@type\":\"Organization\",\"@id\":\"https:\\\/\\\/tempelherrenorden.de\\\/cms\\\/#organization\",\"name\":\"Deutscher Tempelherren-Orden OMCT e.V.\",\"url\":\"https:\\\/\\\/tempelherrenorden.de\\\/cms\\\/\",\"logo\":{\"@type\":\"ImageObject\",\"inLanguage\":\"de\",\"@id\":\"https:\\\/\\\/tempelherrenorden.de\\\/cms\\\/#\\\/schema\\\/logo\\\/image\\\/\",\"url\":\"https:\\\/\\\/i0.wp.com\\\/tempelherrenorden.de\\\/cms\\\/wp-content\\\/uploads\\\/2018\\\/01\\\/OMCT-Wappen.jpg?fit=997%2C1198&ssl=1\",\"contentUrl\":\"https:\\\/\\\/i0.wp.com\\\/tempelherrenorden.de\\\/cms\\\/wp-content\\\/uploads\\\/2018\\\/01\\\/OMCT-Wappen.jpg?fit=997%2C1198&ssl=1\",\"width\":997,\"height\":1198,\"caption\":\"Deutscher Tempelherren-Orden OMCT e.V.\"},\"image\":{\"@id\":\"https:\\\/\\\/tempelherrenorden.de\\\/cms\\\/#\\\/schema\\\/logo\\\/image\\\/\"},\"sameAs\":[\"https:\\\/\\\/www.facebook.com\\\/Deutscher-Tempelherren-Orden-OMCT-2054469481490772\\\/\"]},{\"@type\":\"Person\",\"@id\":\"https:\\\/\\\/tempelherrenorden.de\\\/cms\\\/#\\\/schema\\\/person\\\/c4b556c7412791f0ed2d6851086be4aa\",\"name\":\"Redaktion\",\"image\":{\"@type\":\"ImageObject\",\"inLanguage\":\"de\",\"@id\":\"https:\\\/\\\/secure.gravatar.com\\\/avatar\\\/4ed839132852af2d0905f18562e70ba28d4d5c2fa1196284813995a27f534319?s=96&d=mm&r=g\",\"url\":\"https:\\\/\\\/secure.gravatar.com\\\/avatar\\\/4ed839132852af2d0905f18562e70ba28d4d5c2fa1196284813995a27f534319?s=96&d=mm&r=g\",\"contentUrl\":\"https:\\\/\\\/secure.gravatar.com\\\/avatar\\\/4ed839132852af2d0905f18562e70ba28d4d5c2fa1196284813995a27f534319?s=96&d=mm&r=g\",\"caption\":\"Redaktion\"},\"url\":\"https:\\\/\\\/tempelherrenorden.de\\\/cms\\\/author\\\/redaktion\\\/\"}]}<\/script>\n<!-- \/ Yoast SEO plugin. -->","yoast_head_json":{"title":"EIN WUNDER, DAS IMMER WIEDER GESCHIEHT &#8226; Deutscher Tempelherren-Orden","robots":{"index":"index","follow":"follow","max-snippet":"max-snippet:-1","max-image-preview":"max-image-preview:large","max-video-preview":"max-video-preview:-1"},"canonical":"https:\/\/tempelherrenorden.de\/cms\/ein-wunder-das-immer-wieder-geschieht\/","og_locale":"de_DE","og_type":"article","og_title":"EIN WUNDER, DAS IMMER WIEDER GESCHIEHT &#8226; Deutscher Tempelherren-Orden","og_description":"(Predigtgedanken zum 19. Sonntag im Jahreskreis \/ 10. Sonntag nach Trinitatis, Mk 14:22 \u2013 33, 1 K\u00f6n 18,1 \u2013 2. 16b \u2013 46. 19, 1 &#8211; 13) EINE GROSSE STILLE Wie ruhig der See jetzt ist! Schaut! Eine gro\u00dfe Stille liegt \u00fcber dem Wasser. Als wenn nichts gewesen w\u00e4re. Alle\u2026 Artikel lesen","og_url":"https:\/\/tempelherrenorden.de\/cms\/ein-wunder-das-immer-wieder-geschieht\/","og_site_name":"Deutscher Tempelherren-Orden","article_publisher":"https:\/\/www.facebook.com\/Deutscher-Tempelherren-Orden-OMCT-2054469481490772\/","article_published_time":"2023-08-12T15:29:06+00:00","article_modified_time":"2023-08-12T15:29:07+00:00","author":"Redaktion","twitter_card":"summary_large_image","twitter_misc":{"Verfasst von":"Redaktion","Gesch\u00e4tzte Lesezeit":"8\u00a0Minuten"},"schema":{"@context":"https:\/\/schema.org","@graph":[{"@type":"Article","@id":"https:\/\/tempelherrenorden.de\/cms\/ein-wunder-das-immer-wieder-geschieht\/#article","isPartOf":{"@id":"https:\/\/tempelherrenorden.de\/cms\/ein-wunder-das-immer-wieder-geschieht\/"},"author":{"name":"Redaktion","@id":"https:\/\/tempelherrenorden.de\/cms\/#\/schema\/person\/c4b556c7412791f0ed2d6851086be4aa"},"headline":"EIN WUNDER, DAS IMMER WIEDER GESCHIEHT","datePublished":"2023-08-12T15:29:06+00:00","dateModified":"2023-08-12T15:29:07+00:00","mainEntityOfPage":{"@id":"https:\/\/tempelherrenorden.de\/cms\/ein-wunder-das-immer-wieder-geschieht\/"},"wordCount":1375,"publisher":{"@id":"https:\/\/tempelherrenorden.de\/cms\/#organization"},"keywords":["Matthias David","Predigt","Tempelherren","Tempelritter","Templer"],"inLanguage":"de"},{"@type":"WebPage","@id":"https:\/\/tempelherrenorden.de\/cms\/ein-wunder-das-immer-wieder-geschieht\/","url":"https:\/\/tempelherrenorden.de\/cms\/ein-wunder-das-immer-wieder-geschieht\/","name":"EIN WUNDER, DAS IMMER WIEDER GESCHIEHT &#8226; Deutscher Tempelherren-Orden","isPartOf":{"@id":"https:\/\/tempelherrenorden.de\/cms\/#website"},"datePublished":"2023-08-12T15:29:06+00:00","dateModified":"2023-08-12T15:29:07+00:00","breadcrumb":{"@id":"https:\/\/tempelherrenorden.de\/cms\/ein-wunder-das-immer-wieder-geschieht\/#breadcrumb"},"inLanguage":"de","potentialAction":[{"@type":"ReadAction","target":["https:\/\/tempelherrenorden.de\/cms\/ein-wunder-das-immer-wieder-geschieht\/"]}]},{"@type":"BreadcrumbList","@id":"https:\/\/tempelherrenorden.de\/cms\/ein-wunder-das-immer-wieder-geschieht\/#breadcrumb","itemListElement":[{"@type":"ListItem","position":1,"name":"Startseite","item":"https:\/\/tempelherrenorden.de\/cms\/"},{"@type":"ListItem","position":2,"name":"EIN WUNDER, DAS IMMER WIEDER GESCHIEHT"}]},{"@type":"WebSite","@id":"https:\/\/tempelherrenorden.de\/cms\/#website","url":"https:\/\/tempelherrenorden.de\/cms\/","name":"Deutscher Tempelherren-Orden","description":"","publisher":{"@id":"https:\/\/tempelherrenorden.de\/cms\/#organization"},"potentialAction":[{"@type":"SearchAction","target":{"@type":"EntryPoint","urlTemplate":"https:\/\/tempelherrenorden.de\/cms\/?s={search_term_string}"},"query-input":{"@type":"PropertyValueSpecification","valueRequired":true,"valueName":"search_term_string"}}],"inLanguage":"de"},{"@type":"Organization","@id":"https:\/\/tempelherrenorden.de\/cms\/#organization","name":"Deutscher Tempelherren-Orden OMCT e.V.","url":"https:\/\/tempelherrenorden.de\/cms\/","logo":{"@type":"ImageObject","inLanguage":"de","@id":"https:\/\/tempelherrenorden.de\/cms\/#\/schema\/logo\/image\/","url":"https:\/\/i0.wp.com\/tempelherrenorden.de\/cms\/wp-content\/uploads\/2018\/01\/OMCT-Wappen.jpg?fit=997%2C1198&ssl=1","contentUrl":"https:\/\/i0.wp.com\/tempelherrenorden.de\/cms\/wp-content\/uploads\/2018\/01\/OMCT-Wappen.jpg?fit=997%2C1198&ssl=1","width":997,"height":1198,"caption":"Deutscher Tempelherren-Orden OMCT e.V."},"image":{"@id":"https:\/\/tempelherrenorden.de\/cms\/#\/schema\/logo\/image\/"},"sameAs":["https:\/\/www.facebook.com\/Deutscher-Tempelherren-Orden-OMCT-2054469481490772\/"]},{"@type":"Person","@id":"https:\/\/tempelherrenorden.de\/cms\/#\/schema\/person\/c4b556c7412791f0ed2d6851086be4aa","name":"Redaktion","image":{"@type":"ImageObject","inLanguage":"de","@id":"https:\/\/secure.gravatar.com\/avatar\/4ed839132852af2d0905f18562e70ba28d4d5c2fa1196284813995a27f534319?s=96&d=mm&r=g","url":"https:\/\/secure.gravatar.com\/avatar\/4ed839132852af2d0905f18562e70ba28d4d5c2fa1196284813995a27f534319?s=96&d=mm&r=g","contentUrl":"https:\/\/secure.gravatar.com\/avatar\/4ed839132852af2d0905f18562e70ba28d4d5c2fa1196284813995a27f534319?s=96&d=mm&r=g","caption":"Redaktion"},"url":"https:\/\/tempelherrenorden.de\/cms\/author\/redaktion\/"}]}},"jetpack_featured_media_url":"","jetpack_shortlink":"https:\/\/wp.me\/p5yQvL-1gp","jetpack_sharing_enabled":true,"_links":{"self":[{"href":"https:\/\/tempelherrenorden.de\/cms\/wp-json\/wp\/v2\/posts\/4861","targetHints":{"allow":["GET"]}}],"collection":[{"href":"https:\/\/tempelherrenorden.de\/cms\/wp-json\/wp\/v2\/posts"}],"about":[{"href":"https:\/\/tempelherrenorden.de\/cms\/wp-json\/wp\/v2\/types\/post"}],"author":[{"embeddable":true,"href":"https:\/\/tempelherrenorden.de\/cms\/wp-json\/wp\/v2\/users\/10"}],"replies":[{"embeddable":true,"href":"https:\/\/tempelherrenorden.de\/cms\/wp-json\/wp\/v2\/comments?post=4861"}],"version-history":[{"count":1,"href":"https:\/\/tempelherrenorden.de\/cms\/wp-json\/wp\/v2\/posts\/4861\/revisions"}],"predecessor-version":[{"id":4862,"href":"https:\/\/tempelherrenorden.de\/cms\/wp-json\/wp\/v2\/posts\/4861\/revisions\/4862"}],"wp:attachment":[{"href":"https:\/\/tempelherrenorden.de\/cms\/wp-json\/wp\/v2\/media?parent=4861"}],"wp:term":[{"taxonomy":"category","embeddable":true,"href":"https:\/\/tempelherrenorden.de\/cms\/wp-json\/wp\/v2\/categories?post=4861"},{"taxonomy":"post_tag","embeddable":true,"href":"https:\/\/tempelherrenorden.de\/cms\/wp-json\/wp\/v2\/tags?post=4861"}],"curies":[{"name":"wp","href":"https:\/\/api.w.org\/{rel}","templated":true}]}}