{"id":4867,"date":"2023-08-27T19:29:06","date_gmt":"2023-08-27T17:29:06","guid":{"rendered":"https:\/\/tempelherrenorden.de\/cms\/?p=4867"},"modified":"2023-08-27T19:35:55","modified_gmt":"2023-08-27T17:35:55","slug":"870-todestag-bernhard-von-clairvaux","status":"publish","type":"post","link":"https:\/\/tempelherrenorden.de\/cms\/870-todestag-bernhard-von-clairvaux\/","title":{"rendered":"870. Todestag Bernhard von Clairvaux"},"content":{"rendered":"\n<p class=\"wp-block-paragraph\">Merzig, 20. August 2023 &#8211; Zur Erinnerung an den 870. Todestag des ehrw\u00fcrdigen Bernhard von Clairvaux begab sich die gleichnamige <a href=\"https:\/\/tempelherrenorden.de\/cms\/organisation-des-deutschen-tempelherrenordens\/komtureien-und-ordenshaeuser\/komturei-bernhard-von-clairvaux\/\">Komturei<\/a> des Deutschen Tempelherrenordens auf eine besondere Pilgerfahrt. Ihr Ziel war die im Jahr 1135 von Bernhard gegr\u00fcndete <a href=\"https:\/\/www.abteihimmerod.de\/\">Zisterzienserabtei in Himmerod<\/a>.<\/p>\n\n\n\n<p class=\"wp-block-paragraph\"><\/p>\n\n\n<div class=\"wp-block-image\">\n<figure class=\"aligncenter size-large\"><img data-recalc-dims=\"1\" loading=\"lazy\" decoding=\"async\" width=\"1024\" height=\"735\" data-attachment-id=\"4870\" data-permalink=\"https:\/\/tempelherrenorden.de\/cms\/870-todestag-bernhard-von-clairvaux\/himmenrod\/\" data-orig-file=\"https:\/\/i0.wp.com\/tempelherrenorden.de\/cms\/wp-content\/uploads\/2023\/08\/Himmenrod.jpeg?fit=1200%2C861&amp;ssl=1\" data-orig-size=\"1200,861\" data-comments-opened=\"0\" data-image-meta=\"{&quot;aperture&quot;:&quot;0&quot;,&quot;credit&quot;:&quot;&quot;,&quot;camera&quot;:&quot;&quot;,&quot;caption&quot;:&quot;&quot;,&quot;created_timestamp&quot;:&quot;0&quot;,&quot;copyright&quot;:&quot;&quot;,&quot;focal_length&quot;:&quot;0&quot;,&quot;iso&quot;:&quot;0&quot;,&quot;shutter_speed&quot;:&quot;0&quot;,&quot;title&quot;:&quot;&quot;,&quot;orientation&quot;:&quot;1&quot;}\" data-image-title=\"Himmenrod\" data-image-description=\"\" data-image-caption=\"\" data-large-file=\"https:\/\/i0.wp.com\/tempelherrenorden.de\/cms\/wp-content\/uploads\/2023\/08\/Himmenrod.jpeg?fit=1024%2C735&amp;ssl=1\" src=\"https:\/\/i0.wp.com\/tempelherrenorden.de\/cms\/wp-content\/uploads\/2023\/08\/Himmenrod.jpeg?resize=1024%2C735&#038;ssl=1\" alt=\"Kloster Himmerod\" class=\"wp-image-4870\" srcset=\"https:\/\/i0.wp.com\/tempelherrenorden.de\/cms\/wp-content\/uploads\/2023\/08\/Himmenrod.jpeg?resize=1024%2C735&amp;ssl=1 1024w, https:\/\/i0.wp.com\/tempelherrenorden.de\/cms\/wp-content\/uploads\/2023\/08\/Himmenrod.jpeg?resize=300%2C215&amp;ssl=1 300w, https:\/\/i0.wp.com\/tempelherrenorden.de\/cms\/wp-content\/uploads\/2023\/08\/Himmenrod.jpeg?resize=768%2C551&amp;ssl=1 768w, https:\/\/i0.wp.com\/tempelherrenorden.de\/cms\/wp-content\/uploads\/2023\/08\/Himmenrod.jpeg?resize=150%2C108&amp;ssl=1 150w, https:\/\/i0.wp.com\/tempelherrenorden.de\/cms\/wp-content\/uploads\/2023\/08\/Himmenrod.jpeg?w=1200&amp;ssl=1 1200w\" sizes=\"auto, (max-width: 1024px) 100vw, 1024px\" \/><\/figure>\n<\/div>\n\n\n<!--more-->\n\n\n\n<p class=\"wp-block-paragraph\"><\/p>\n\n\n\n<p class=\"wp-block-paragraph\">Unter der inspirierenden Leitung von Pater Stephan (88), dem letzten verbliebenen M\u00f6nch, fand ein feierlicher Festgottesdienst statt. Die klangvollen Chor\u00e4le wurden dabei von den beeindruckenden Kl\u00e4ngen des Gundulf Consort Chors aus Rochester (Gro\u00dfbritannien) begleitet.<\/p>\n\n\n\n<p class=\"wp-block-paragraph\">Im Anschluss an die Andacht erstrahlte das Kloster im strahlenden Sonnenschein und die Besucher wurden auf dem prachtvollen Bernhardmarkt herzlich empfangen. Hier boten mehr als 60 St\u00e4nde eine reiche Vielfalt an Waren an, von erlesenem Schmuck bis hin zu kunstvoll gefertigtem Geschirr, handgeflochtenen K\u00f6rben, herzhafter Wurst und hochwertiger Wolle.<\/p>\n\n\n\n<p class=\"wp-block-paragraph\"><\/p>\n\n\n<div class=\"wp-block-image\">\n<figure class=\"aligncenter size-large\"><img data-recalc-dims=\"1\" loading=\"lazy\" decoding=\"async\" width=\"768\" height=\"1024\" data-attachment-id=\"4871\" data-permalink=\"https:\/\/tempelherrenorden.de\/cms\/870-todestag-bernhard-von-clairvaux\/himmenrod_scriptorium\/\" data-orig-file=\"https:\/\/i0.wp.com\/tempelherrenorden.de\/cms\/wp-content\/uploads\/2023\/08\/Himmenrod_Scriptorium.jpeg?fit=900%2C1200&amp;ssl=1\" data-orig-size=\"900,1200\" data-comments-opened=\"0\" data-image-meta=\"{&quot;aperture&quot;:&quot;0&quot;,&quot;credit&quot;:&quot;&quot;,&quot;camera&quot;:&quot;&quot;,&quot;caption&quot;:&quot;&quot;,&quot;created_timestamp&quot;:&quot;0&quot;,&quot;copyright&quot;:&quot;&quot;,&quot;focal_length&quot;:&quot;0&quot;,&quot;iso&quot;:&quot;0&quot;,&quot;shutter_speed&quot;:&quot;0&quot;,&quot;title&quot;:&quot;&quot;,&quot;orientation&quot;:&quot;1&quot;}\" data-image-title=\"Himmenrod_Scriptorium\" data-image-description=\"\" data-image-caption=\"\" data-large-file=\"https:\/\/i0.wp.com\/tempelherrenorden.de\/cms\/wp-content\/uploads\/2023\/08\/Himmenrod_Scriptorium.jpeg?fit=768%2C1024&amp;ssl=1\" src=\"https:\/\/i0.wp.com\/tempelherrenorden.de\/cms\/wp-content\/uploads\/2023\/08\/Himmenrod_Scriptorium.jpeg?resize=768%2C1024&#038;ssl=1\" alt=\"Scriptorium\" class=\"wp-image-4871\" srcset=\"https:\/\/i0.wp.com\/tempelherrenorden.de\/cms\/wp-content\/uploads\/2023\/08\/Himmenrod_Scriptorium.jpeg?resize=768%2C1024&amp;ssl=1 768w, https:\/\/i0.wp.com\/tempelherrenorden.de\/cms\/wp-content\/uploads\/2023\/08\/Himmenrod_Scriptorium.jpeg?resize=225%2C300&amp;ssl=1 225w, https:\/\/i0.wp.com\/tempelherrenorden.de\/cms\/wp-content\/uploads\/2023\/08\/Himmenrod_Scriptorium.jpeg?resize=113%2C150&amp;ssl=1 113w, https:\/\/i0.wp.com\/tempelherrenorden.de\/cms\/wp-content\/uploads\/2023\/08\/Himmenrod_Scriptorium.jpeg?w=900&amp;ssl=1 900w\" sizes=\"auto, (max-width: 768px) 100vw, 768px\" \/><\/figure>\n<\/div>\n\n\n<p class=\"wp-block-paragraph\"><\/p>\n\n\n\n<p class=\"wp-block-paragraph\">Nach einem vorz\u00fcglichen Mittagessen in der einladenden Klostersch\u00e4nke hatten die Ordensbr\u00fcder und -schwestern die Gelegenheit, den Kreuzgang und den Konvent zu erkunden. Besonders faszinierend war der Besuch des ber\u00fchmten &#8222;Zimmer 7&#8220;, wo im Oktober 1950 die Entscheidung zur Wiederbewaffnung der Bundeswehr getroffen wurde. Im Museum in der &#8222;alten M\u00fchle&#8220; konnten die Mitglieder der Komturei Exponate und faszinierende Rekonstruktionen aus der reichen Geschichte der Abtei bewundern, einschlie\u00dflich beeindruckender Emaillekunstwerke.<\/p>\n\n\n\n<p class=\"wp-block-paragraph\"><\/p>\n\n\n<div class=\"wp-block-image\">\n<figure class=\"aligncenter size-large\"><img data-recalc-dims=\"1\" loading=\"lazy\" decoding=\"async\" width=\"692\" height=\"1024\" data-attachment-id=\"4872\" data-permalink=\"https:\/\/tempelherrenorden.de\/cms\/870-todestag-bernhard-von-clairvaux\/lenz_mithahn\/\" data-orig-file=\"https:\/\/i0.wp.com\/tempelherrenorden.de\/cms\/wp-content\/uploads\/2023\/08\/Lenz_mitHahn.jpeg?fit=818%2C1210&amp;ssl=1\" data-orig-size=\"818,1210\" data-comments-opened=\"0\" data-image-meta=\"{&quot;aperture&quot;:&quot;0&quot;,&quot;credit&quot;:&quot;&quot;,&quot;camera&quot;:&quot;&quot;,&quot;caption&quot;:&quot;&quot;,&quot;created_timestamp&quot;:&quot;0&quot;,&quot;copyright&quot;:&quot;&quot;,&quot;focal_length&quot;:&quot;0&quot;,&quot;iso&quot;:&quot;0&quot;,&quot;shutter_speed&quot;:&quot;0&quot;,&quot;title&quot;:&quot;&quot;,&quot;orientation&quot;:&quot;0&quot;}\" data-image-title=\"Lenz_mitHahn\" data-image-description=\"\" data-image-caption=\"\" data-large-file=\"https:\/\/i0.wp.com\/tempelherrenorden.de\/cms\/wp-content\/uploads\/2023\/08\/Lenz_mitHahn.jpeg?fit=692%2C1024&amp;ssl=1\" src=\"https:\/\/i0.wp.com\/tempelherrenorden.de\/cms\/wp-content\/uploads\/2023\/08\/Lenz_mitHahn.jpeg?resize=692%2C1024&#038;ssl=1\" alt=\"Kunstwerke\" class=\"wp-image-4872\" srcset=\"https:\/\/i0.wp.com\/tempelherrenorden.de\/cms\/wp-content\/uploads\/2023\/08\/Lenz_mitHahn.jpeg?resize=692%2C1024&amp;ssl=1 692w, https:\/\/i0.wp.com\/tempelherrenorden.de\/cms\/wp-content\/uploads\/2023\/08\/Lenz_mitHahn.jpeg?resize=203%2C300&amp;ssl=1 203w, https:\/\/i0.wp.com\/tempelherrenorden.de\/cms\/wp-content\/uploads\/2023\/08\/Lenz_mitHahn.jpeg?resize=768%2C1136&amp;ssl=1 768w, https:\/\/i0.wp.com\/tempelherrenorden.de\/cms\/wp-content\/uploads\/2023\/08\/Lenz_mitHahn.jpeg?resize=101%2C150&amp;ssl=1 101w, https:\/\/i0.wp.com\/tempelherrenorden.de\/cms\/wp-content\/uploads\/2023\/08\/Lenz_mitHahn.jpeg?w=818&amp;ssl=1 818w\" sizes=\"auto, (max-width: 692px) 100vw, 692px\" \/><\/figure>\n<\/div>\n\n\n<p class=\"wp-block-paragraph\"><\/p>\n\n\n\n<p class=\"wp-block-paragraph\">Der Ausflug fand seinen Abschluss, als die Komturei Bernhard von Clairvaux wieder ihren Heimweg antrat. Dieser denkw\u00fcrdige Tag war eine Hommage an das Leben und Erbe von Bernhard von Clairvaux und eine Gelegenheit f\u00fcr alle, die Sch\u00f6nheit und Geschichte dieser ehrw\u00fcrdigen St\u00e4tte zu erleben.<\/p>\n\n\n\n<p class=\"has-text-align-right wp-block-paragraph\">OBr. Mark<\/p>\n\n\n\n<h2 class=\"wp-block-heading has-text-align-left\"><br \/>Zu Bernhard von Clairvaux:<\/h2>\n\n\n\n<p class=\"has-text-align-left wp-block-paragraph\">Um das Jahr 1090 wird Bernhard von Clairvaux in Fontaines-les-Dijon, was in Burgund \/ Frankreich liegt, als Sohn von Tescelin und Aleth geboren. Tescelin ist Ritter am Hof des Herzogs von Burgund. <\/p>\n\n\n\n<p class=\"has-text-align-left wp-block-paragraph\">Im Kloster St. Vorles, welches in Chatillon-sur-Seine liegt, besucht Bernhard die Schule. 1112 tritt er als junger Mann mit vier seiner Br\u00fcder in das Kloster Citeaux ein. Bereits 1115 erh\u00e4lt Bernhard den Auftrag ein Kloster in Clairvaux zu gr\u00fcnden. Dieses von Bernhard von Clairvaux gegr\u00fcndete Kloster erh\u00e4lt schnell so viel Zulauf, dass es immer mehr erweitert werden muss und immer mehr Zisterzienserkloster gegr\u00fcndet werden.<\/p>\n\n\n\n<p class=\"wp-block-paragraph\"><\/p>\n\n\n<div class=\"wp-block-image\">\n<figure class=\"aligncenter size-large\"><img data-recalc-dims=\"1\" loading=\"lazy\" decoding=\"async\" width=\"612\" height=\"1024\" data-attachment-id=\"4874\" data-permalink=\"https:\/\/tempelherrenorden.de\/cms\/870-todestag-bernhard-von-clairvaux\/bernhard-1\/\" data-orig-file=\"https:\/\/i0.wp.com\/tempelherrenorden.de\/cms\/wp-content\/uploads\/2023\/08\/Bernhard-1.jpeg?fit=830%2C1388&amp;ssl=1\" data-orig-size=\"830,1388\" data-comments-opened=\"0\" data-image-meta=\"{&quot;aperture&quot;:&quot;0&quot;,&quot;credit&quot;:&quot;&quot;,&quot;camera&quot;:&quot;&quot;,&quot;caption&quot;:&quot;&quot;,&quot;created_timestamp&quot;:&quot;0&quot;,&quot;copyright&quot;:&quot;&quot;,&quot;focal_length&quot;:&quot;0&quot;,&quot;iso&quot;:&quot;0&quot;,&quot;shutter_speed&quot;:&quot;0&quot;,&quot;title&quot;:&quot;&quot;,&quot;orientation&quot;:&quot;0&quot;}\" data-image-title=\"Bernhard-1\" data-image-description=\"\" data-image-caption=\"\" data-large-file=\"https:\/\/i0.wp.com\/tempelherrenorden.de\/cms\/wp-content\/uploads\/2023\/08\/Bernhard-1.jpeg?fit=612%2C1024&amp;ssl=1\" src=\"https:\/\/i0.wp.com\/tempelherrenorden.de\/cms\/wp-content\/uploads\/2023\/08\/Bernhard-1.jpeg?resize=612%2C1024&#038;ssl=1\" alt=\"\" class=\"wp-image-4874\" srcset=\"https:\/\/i0.wp.com\/tempelherrenorden.de\/cms\/wp-content\/uploads\/2023\/08\/Bernhard-1.jpeg?resize=612%2C1024&amp;ssl=1 612w, https:\/\/i0.wp.com\/tempelherrenorden.de\/cms\/wp-content\/uploads\/2023\/08\/Bernhard-1.jpeg?resize=179%2C300&amp;ssl=1 179w, https:\/\/i0.wp.com\/tempelherrenorden.de\/cms\/wp-content\/uploads\/2023\/08\/Bernhard-1.jpeg?resize=768%2C1284&amp;ssl=1 768w, https:\/\/i0.wp.com\/tempelherrenorden.de\/cms\/wp-content\/uploads\/2023\/08\/Bernhard-1.jpeg?resize=90%2C150&amp;ssl=1 90w, https:\/\/i0.wp.com\/tempelherrenorden.de\/cms\/wp-content\/uploads\/2023\/08\/Bernhard-1.jpeg?w=830&amp;ssl=1 830w\" sizes=\"auto, (max-width: 612px) 100vw, 612px\" \/><\/figure>\n<\/div>\n\n\n<p class=\"wp-block-paragraph\"><\/p>\n\n\n\n<p class=\"has-text-align-left wp-block-paragraph\">1118 wird Bernhard von Clairvaux zum Leiter des Ordens der Zisterzienser. Unter seiner F\u00fchrung werden die Ordensregeln so stark ver\u00e4ndert, das das urspr\u00fcngliche Bild des Ordens revidiert werden muss.<\/p>\n\n\n\n<p class=\"has-text-align-left wp-block-paragraph\">Bereits 1125 gilt Bernhard von Clairvaux als der bedeutendste Kleriker von ganz Frankreich. Sein Wort hat Gewicht und er wird von anderen \u00c4bten und Ordensvorstehern um Rat gefragt. <\/p>\n\n\n\n<p class=\"has-text-align-left wp-block-paragraph\">Zusammen mit Hugo von Payns verfasst Bernhard von Clairvaux die Ordensregeln f\u00fcr den Templerorden. Auf dem Konzil von Troyes erh\u00e4lt der Templerorden dank der F\u00fcrsprache Bernhards die Legitimation durch Papst Honorius II.<\/p>\n\n\n\n<h3 class=\"wp-block-heading has-text-align-left\">Bernhard von Clairvaux und die Legitimation <\/h3>\n\n\n\n<p class=\"has-text-align-left wp-block-paragraph\">Nach dem Konzil von Troyes schreibt Bernhard von Clairvaux seine Denkschrift &#8222;Ad milites Templi de laude nove militie&#8220; (Lob den Tempelrittern). Er legt den Grundstein der theologische Legitimation k\u00e4mpfender M\u00f6nche und des heiligen Krieges. <\/p>\n\n\n\n<p class=\"has-text-align-left wp-block-paragraph\">1145 wird Eugen III. (Eugenius) Papst. Eugen III. ist ein Sch\u00fcler von Bernhard aus dem Kloster in Clairvaux. Zusammen machen Bernhard und Papst Eugen III. Werbung f\u00fcr einen weiteren Kreuzzug. Aus deren Sicht ist der Kreuzzug n\u00f6tig, da die Grafschaft Edessa, einer der Kreuzfahrerstaaten, von den Ayyubiden erobert worden ist. Dieser zweite Kreuzzug endet in einem Fiasko f\u00fcr die Kreuzfahrer und Bernhard von Clairvaux sieht sich harscher Kritik in der \u00d6ffentlichkeit ausgesetzt.<\/p>\n\n\n\n<p class=\"has-text-align-left wp-block-paragraph\">Am 20. August 1153 stirbt Bernhard von Clairvaux in seinem Kloster. Er wird in Cluny beigesetzt. 1174 wird Bernhard von Clairvaux von Papst Alexander III. heilig gesprochen.<\/p>\n\n\n\n<p class=\"has-text-align-right wp-block-paragraph\">Seneschall OBr. Matthias<\/p>\n\n\n\n<p class=\"wp-block-paragraph\"><\/p>\n","protected":false},"excerpt":{"rendered":"<p>Merzig, 20. August 2023 &#8211; Zur Erinnerung an den 870. Todestag des ehrw\u00fcrdigen Bernhard von Clairvaux begab sich die gleichnamige Komturei des Deutschen Tempelherrenordens auf eine besondere Pilgerfahrt. Ihr Ziel war die im Jahr 1135 von Bernhard gegr\u00fcndete Zisterzienserabtei in Himmerod.<\/p>\n<p> <a class=\"continue-reading-link\" href=\"https:\/\/tempelherrenorden.de\/cms\/870-todestag-bernhard-von-clairvaux\/\"><span>Artikel lesen<\/span><i class=\"crycon-right-dir\"><\/i><\/a> <\/p>\n","protected":false},"author":10,"featured_media":4870,"comment_status":"closed","ping_status":"closed","sticky":false,"template":"","format":"standard","meta":{"_crdt_document":"","jetpack_post_was_ever_published":false,"_jetpack_newsletter_access":"","_jetpack_dont_email_post_to_subs":false,"_jetpack_newsletter_tier_id":0,"_jetpack_memberships_contains_paywalled_content":false,"_jetpack_memberships_contains_paid_content":false,"footnotes":""},"categories":[1,39],"tags":[61,49,138,63,45,44,47],"class_list":["post-4867","post","type-post","status-publish","format-standard","has-post-thumbnail","hentry","category-allgemein","category-bernhard","tag-bernhard-von-clairvaux","tag-komturei","tag-komturei-bernhard-von-clairvaux","tag-tempelherren","tag-tempelritter","tag-templer","tag-veranstaltung"],"yoast_head":"<!-- This site is optimized with the Yoast SEO plugin v27.4 - https:\/\/yoast.com\/product\/yoast-seo-wordpress\/ -->\n<title>870. Todestag Bernhard von Clairvaux &#8226; Deutscher Tempelherren-Orden<\/title>\n<meta name=\"description\" content=\"Die Komturei Saarland begeht den 870. Todestag von Bernhard von Clairvaux. Erfahren Sie mehr \u00fcber diesen ehrw\u00fcrdigen Geistlichen und die Zisterzienserabtei.\" \/>\n<meta name=\"robots\" content=\"index, follow, max-snippet:-1, max-image-preview:large, max-video-preview:-1\" \/>\n<link rel=\"canonical\" href=\"https:\/\/tempelherrenorden.de\/cms\/870-todestag-bernhard-von-clairvaux\/\" \/>\n<meta property=\"og:locale\" content=\"de_DE\" \/>\n<meta property=\"og:type\" content=\"article\" \/>\n<meta property=\"og:title\" content=\"870. Todestag Bernhard von Clairvaux &#8226; Deutscher Tempelherren-Orden\" \/>\n<meta property=\"og:description\" content=\"Die Komturei Saarland begeht den 870. Todestag von Bernhard von Clairvaux. Erfahren Sie mehr \u00fcber diesen ehrw\u00fcrdigen Geistlichen und die Zisterzienserabtei.\" \/>\n<meta property=\"og:url\" content=\"https:\/\/tempelherrenorden.de\/cms\/870-todestag-bernhard-von-clairvaux\/\" \/>\n<meta property=\"og:site_name\" content=\"Deutscher Tempelherren-Orden\" \/>\n<meta property=\"article:publisher\" content=\"https:\/\/www.facebook.com\/Deutscher-Tempelherren-Orden-OMCT-2054469481490772\/\" \/>\n<meta property=\"article:published_time\" content=\"2023-08-27T17:29:06+00:00\" \/>\n<meta property=\"article:modified_time\" content=\"2023-08-27T17:35:55+00:00\" \/>\n<meta property=\"og:image\" content=\"https:\/\/tempelherrenorden.de\/cms\/wp-content\/uploads\/2023\/08\/Himmenrod.jpeg\" \/>\n\t<meta property=\"og:image:width\" content=\"1200\" \/>\n\t<meta property=\"og:image:height\" content=\"861\" \/>\n\t<meta property=\"og:image:type\" content=\"image\/jpeg\" \/>\n<meta name=\"author\" content=\"Redaktion\" \/>\n<meta name=\"twitter:card\" content=\"summary_large_image\" \/>\n<meta name=\"twitter:label1\" content=\"Verfasst von\" \/>\n\t<meta name=\"twitter:data1\" content=\"Redaktion\" \/>\n\t<meta name=\"twitter:label2\" content=\"Gesch\u00e4tzte Lesezeit\" \/>\n\t<meta name=\"twitter:data2\" content=\"4\u00a0Minuten\" \/>\n<script type=\"application\/ld+json\" class=\"yoast-schema-graph\">{\"@context\":\"https:\\\/\\\/schema.org\",\"@graph\":[{\"@type\":\"Article\",\"@id\":\"https:\\\/\\\/tempelherrenorden.de\\\/cms\\\/870-todestag-bernhard-von-clairvaux\\\/#article\",\"isPartOf\":{\"@id\":\"https:\\\/\\\/tempelherrenorden.de\\\/cms\\\/870-todestag-bernhard-von-clairvaux\\\/\"},\"author\":{\"name\":\"Redaktion\",\"@id\":\"https:\\\/\\\/tempelherrenorden.de\\\/cms\\\/#\\\/schema\\\/person\\\/c4b556c7412791f0ed2d6851086be4aa\"},\"headline\":\"870. Todestag Bernhard von Clairvaux\",\"datePublished\":\"2023-08-27T17:29:06+00:00\",\"dateModified\":\"2023-08-27T17:35:55+00:00\",\"mainEntityOfPage\":{\"@id\":\"https:\\\/\\\/tempelherrenorden.de\\\/cms\\\/870-todestag-bernhard-von-clairvaux\\\/\"},\"wordCount\":592,\"publisher\":{\"@id\":\"https:\\\/\\\/tempelherrenorden.de\\\/cms\\\/#organization\"},\"image\":{\"@id\":\"https:\\\/\\\/tempelherrenorden.de\\\/cms\\\/870-todestag-bernhard-von-clairvaux\\\/#primaryimage\"},\"thumbnailUrl\":\"https:\\\/\\\/i0.wp.com\\\/tempelherrenorden.de\\\/cms\\\/wp-content\\\/uploads\\\/2023\\\/08\\\/Himmenrod.jpeg?fit=1200%2C861&ssl=1\",\"keywords\":[\"Bernhard von Clairvaux\",\"Komturei\",\"Komturei Bernhard von Clairvaux\",\"Tempelherren\",\"Tempelritter\",\"Templer\",\"Veranstaltung\"],\"articleSection\":{\"1\":\"Komturei Bernhard von Clairvaux\"},\"inLanguage\":\"de\"},{\"@type\":\"WebPage\",\"@id\":\"https:\\\/\\\/tempelherrenorden.de\\\/cms\\\/870-todestag-bernhard-von-clairvaux\\\/\",\"url\":\"https:\\\/\\\/tempelherrenorden.de\\\/cms\\\/870-todestag-bernhard-von-clairvaux\\\/\",\"name\":\"870. Todestag Bernhard von Clairvaux &#8226; Deutscher Tempelherren-Orden\",\"isPartOf\":{\"@id\":\"https:\\\/\\\/tempelherrenorden.de\\\/cms\\\/#website\"},\"primaryImageOfPage\":{\"@id\":\"https:\\\/\\\/tempelherrenorden.de\\\/cms\\\/870-todestag-bernhard-von-clairvaux\\\/#primaryimage\"},\"image\":{\"@id\":\"https:\\\/\\\/tempelherrenorden.de\\\/cms\\\/870-todestag-bernhard-von-clairvaux\\\/#primaryimage\"},\"thumbnailUrl\":\"https:\\\/\\\/i0.wp.com\\\/tempelherrenorden.de\\\/cms\\\/wp-content\\\/uploads\\\/2023\\\/08\\\/Himmenrod.jpeg?fit=1200%2C861&ssl=1\",\"datePublished\":\"2023-08-27T17:29:06+00:00\",\"dateModified\":\"2023-08-27T17:35:55+00:00\",\"description\":\"Die Komturei Saarland begeht den 870. Todestag von Bernhard von Clairvaux. Erfahren Sie mehr \u00fcber diesen ehrw\u00fcrdigen Geistlichen und die Zisterzienserabtei.\",\"breadcrumb\":{\"@id\":\"https:\\\/\\\/tempelherrenorden.de\\\/cms\\\/870-todestag-bernhard-von-clairvaux\\\/#breadcrumb\"},\"inLanguage\":\"de\",\"potentialAction\":[{\"@type\":\"ReadAction\",\"target\":[\"https:\\\/\\\/tempelherrenorden.de\\\/cms\\\/870-todestag-bernhard-von-clairvaux\\\/\"]}]},{\"@type\":\"ImageObject\",\"inLanguage\":\"de\",\"@id\":\"https:\\\/\\\/tempelherrenorden.de\\\/cms\\\/870-todestag-bernhard-von-clairvaux\\\/#primaryimage\",\"url\":\"https:\\\/\\\/i0.wp.com\\\/tempelherrenorden.de\\\/cms\\\/wp-content\\\/uploads\\\/2023\\\/08\\\/Himmenrod.jpeg?fit=1200%2C861&ssl=1\",\"contentUrl\":\"https:\\\/\\\/i0.wp.com\\\/tempelherrenorden.de\\\/cms\\\/wp-content\\\/uploads\\\/2023\\\/08\\\/Himmenrod.jpeg?fit=1200%2C861&ssl=1\",\"width\":1200,\"height\":861},{\"@type\":\"BreadcrumbList\",\"@id\":\"https:\\\/\\\/tempelherrenorden.de\\\/cms\\\/870-todestag-bernhard-von-clairvaux\\\/#breadcrumb\",\"itemListElement\":[{\"@type\":\"ListItem\",\"position\":1,\"name\":\"Startseite\",\"item\":\"https:\\\/\\\/tempelherrenorden.de\\\/cms\\\/\"},{\"@type\":\"ListItem\",\"position\":2,\"name\":\"870. Todestag Bernhard von Clairvaux\"}]},{\"@type\":\"WebSite\",\"@id\":\"https:\\\/\\\/tempelherrenorden.de\\\/cms\\\/#website\",\"url\":\"https:\\\/\\\/tempelherrenorden.de\\\/cms\\\/\",\"name\":\"Deutscher Tempelherren-Orden\",\"description\":\"\",\"publisher\":{\"@id\":\"https:\\\/\\\/tempelherrenorden.de\\\/cms\\\/#organization\"},\"potentialAction\":[{\"@type\":\"SearchAction\",\"target\":{\"@type\":\"EntryPoint\",\"urlTemplate\":\"https:\\\/\\\/tempelherrenorden.de\\\/cms\\\/?s={search_term_string}\"},\"query-input\":{\"@type\":\"PropertyValueSpecification\",\"valueRequired\":true,\"valueName\":\"search_term_string\"}}],\"inLanguage\":\"de\"},{\"@type\":\"Organization\",\"@id\":\"https:\\\/\\\/tempelherrenorden.de\\\/cms\\\/#organization\",\"name\":\"Deutscher Tempelherren-Orden OMCT e.V.\",\"url\":\"https:\\\/\\\/tempelherrenorden.de\\\/cms\\\/\",\"logo\":{\"@type\":\"ImageObject\",\"inLanguage\":\"de\",\"@id\":\"https:\\\/\\\/tempelherrenorden.de\\\/cms\\\/#\\\/schema\\\/logo\\\/image\\\/\",\"url\":\"https:\\\/\\\/i0.wp.com\\\/tempelherrenorden.de\\\/cms\\\/wp-content\\\/uploads\\\/2018\\\/01\\\/OMCT-Wappen.jpg?fit=997%2C1198&ssl=1\",\"contentUrl\":\"https:\\\/\\\/i0.wp.com\\\/tempelherrenorden.de\\\/cms\\\/wp-content\\\/uploads\\\/2018\\\/01\\\/OMCT-Wappen.jpg?fit=997%2C1198&ssl=1\",\"width\":997,\"height\":1198,\"caption\":\"Deutscher Tempelherren-Orden OMCT e.V.\"},\"image\":{\"@id\":\"https:\\\/\\\/tempelherrenorden.de\\\/cms\\\/#\\\/schema\\\/logo\\\/image\\\/\"},\"sameAs\":[\"https:\\\/\\\/www.facebook.com\\\/Deutscher-Tempelherren-Orden-OMCT-2054469481490772\\\/\"]},{\"@type\":\"Person\",\"@id\":\"https:\\\/\\\/tempelherrenorden.de\\\/cms\\\/#\\\/schema\\\/person\\\/c4b556c7412791f0ed2d6851086be4aa\",\"name\":\"Redaktion\",\"image\":{\"@type\":\"ImageObject\",\"inLanguage\":\"de\",\"@id\":\"https:\\\/\\\/secure.gravatar.com\\\/avatar\\\/4ed839132852af2d0905f18562e70ba28d4d5c2fa1196284813995a27f534319?s=96&d=mm&r=g\",\"url\":\"https:\\\/\\\/secure.gravatar.com\\\/avatar\\\/4ed839132852af2d0905f18562e70ba28d4d5c2fa1196284813995a27f534319?s=96&d=mm&r=g\",\"contentUrl\":\"https:\\\/\\\/secure.gravatar.com\\\/avatar\\\/4ed839132852af2d0905f18562e70ba28d4d5c2fa1196284813995a27f534319?s=96&d=mm&r=g\",\"caption\":\"Redaktion\"},\"url\":\"https:\\\/\\\/tempelherrenorden.de\\\/cms\\\/author\\\/redaktion\\\/\"}]}<\/script>\n<!-- \/ Yoast SEO plugin. -->","yoast_head_json":{"title":"870. Todestag Bernhard von Clairvaux &#8226; Deutscher Tempelherren-Orden","description":"Die Komturei Saarland begeht den 870. Todestag von Bernhard von Clairvaux. Erfahren Sie mehr \u00fcber diesen ehrw\u00fcrdigen Geistlichen und die Zisterzienserabtei.","robots":{"index":"index","follow":"follow","max-snippet":"max-snippet:-1","max-image-preview":"max-image-preview:large","max-video-preview":"max-video-preview:-1"},"canonical":"https:\/\/tempelherrenorden.de\/cms\/870-todestag-bernhard-von-clairvaux\/","og_locale":"de_DE","og_type":"article","og_title":"870. Todestag Bernhard von Clairvaux &#8226; Deutscher Tempelherren-Orden","og_description":"Die Komturei Saarland begeht den 870. Todestag von Bernhard von Clairvaux. Erfahren Sie mehr \u00fcber diesen ehrw\u00fcrdigen Geistlichen und die Zisterzienserabtei.","og_url":"https:\/\/tempelherrenorden.de\/cms\/870-todestag-bernhard-von-clairvaux\/","og_site_name":"Deutscher Tempelherren-Orden","article_publisher":"https:\/\/www.facebook.com\/Deutscher-Tempelherren-Orden-OMCT-2054469481490772\/","article_published_time":"2023-08-27T17:29:06+00:00","article_modified_time":"2023-08-27T17:35:55+00:00","og_image":[{"width":1200,"height":861,"url":"https:\/\/tempelherrenorden.de\/cms\/wp-content\/uploads\/2023\/08\/Himmenrod.jpeg","type":"image\/jpeg"}],"author":"Redaktion","twitter_card":"summary_large_image","twitter_misc":{"Verfasst von":"Redaktion","Gesch\u00e4tzte Lesezeit":"4\u00a0Minuten"},"schema":{"@context":"https:\/\/schema.org","@graph":[{"@type":"Article","@id":"https:\/\/tempelherrenorden.de\/cms\/870-todestag-bernhard-von-clairvaux\/#article","isPartOf":{"@id":"https:\/\/tempelherrenorden.de\/cms\/870-todestag-bernhard-von-clairvaux\/"},"author":{"name":"Redaktion","@id":"https:\/\/tempelherrenorden.de\/cms\/#\/schema\/person\/c4b556c7412791f0ed2d6851086be4aa"},"headline":"870. Todestag Bernhard von Clairvaux","datePublished":"2023-08-27T17:29:06+00:00","dateModified":"2023-08-27T17:35:55+00:00","mainEntityOfPage":{"@id":"https:\/\/tempelherrenorden.de\/cms\/870-todestag-bernhard-von-clairvaux\/"},"wordCount":592,"publisher":{"@id":"https:\/\/tempelherrenorden.de\/cms\/#organization"},"image":{"@id":"https:\/\/tempelherrenorden.de\/cms\/870-todestag-bernhard-von-clairvaux\/#primaryimage"},"thumbnailUrl":"https:\/\/i0.wp.com\/tempelherrenorden.de\/cms\/wp-content\/uploads\/2023\/08\/Himmenrod.jpeg?fit=1200%2C861&ssl=1","keywords":["Bernhard von Clairvaux","Komturei","Komturei Bernhard von Clairvaux","Tempelherren","Tempelritter","Templer","Veranstaltung"],"articleSection":{"1":"Komturei Bernhard von Clairvaux"},"inLanguage":"de"},{"@type":"WebPage","@id":"https:\/\/tempelherrenorden.de\/cms\/870-todestag-bernhard-von-clairvaux\/","url":"https:\/\/tempelherrenorden.de\/cms\/870-todestag-bernhard-von-clairvaux\/","name":"870. Todestag Bernhard von Clairvaux &#8226; Deutscher Tempelherren-Orden","isPartOf":{"@id":"https:\/\/tempelherrenorden.de\/cms\/#website"},"primaryImageOfPage":{"@id":"https:\/\/tempelherrenorden.de\/cms\/870-todestag-bernhard-von-clairvaux\/#primaryimage"},"image":{"@id":"https:\/\/tempelherrenorden.de\/cms\/870-todestag-bernhard-von-clairvaux\/#primaryimage"},"thumbnailUrl":"https:\/\/i0.wp.com\/tempelherrenorden.de\/cms\/wp-content\/uploads\/2023\/08\/Himmenrod.jpeg?fit=1200%2C861&ssl=1","datePublished":"2023-08-27T17:29:06+00:00","dateModified":"2023-08-27T17:35:55+00:00","description":"Die Komturei Saarland begeht den 870. Todestag von Bernhard von Clairvaux. Erfahren Sie mehr \u00fcber diesen ehrw\u00fcrdigen Geistlichen und die Zisterzienserabtei.","breadcrumb":{"@id":"https:\/\/tempelherrenorden.de\/cms\/870-todestag-bernhard-von-clairvaux\/#breadcrumb"},"inLanguage":"de","potentialAction":[{"@type":"ReadAction","target":["https:\/\/tempelherrenorden.de\/cms\/870-todestag-bernhard-von-clairvaux\/"]}]},{"@type":"ImageObject","inLanguage":"de","@id":"https:\/\/tempelherrenorden.de\/cms\/870-todestag-bernhard-von-clairvaux\/#primaryimage","url":"https:\/\/i0.wp.com\/tempelherrenorden.de\/cms\/wp-content\/uploads\/2023\/08\/Himmenrod.jpeg?fit=1200%2C861&ssl=1","contentUrl":"https:\/\/i0.wp.com\/tempelherrenorden.de\/cms\/wp-content\/uploads\/2023\/08\/Himmenrod.jpeg?fit=1200%2C861&ssl=1","width":1200,"height":861},{"@type":"BreadcrumbList","@id":"https:\/\/tempelherrenorden.de\/cms\/870-todestag-bernhard-von-clairvaux\/#breadcrumb","itemListElement":[{"@type":"ListItem","position":1,"name":"Startseite","item":"https:\/\/tempelherrenorden.de\/cms\/"},{"@type":"ListItem","position":2,"name":"870. Todestag Bernhard von Clairvaux"}]},{"@type":"WebSite","@id":"https:\/\/tempelherrenorden.de\/cms\/#website","url":"https:\/\/tempelherrenorden.de\/cms\/","name":"Deutscher Tempelherren-Orden","description":"","publisher":{"@id":"https:\/\/tempelherrenorden.de\/cms\/#organization"},"potentialAction":[{"@type":"SearchAction","target":{"@type":"EntryPoint","urlTemplate":"https:\/\/tempelherrenorden.de\/cms\/?s={search_term_string}"},"query-input":{"@type":"PropertyValueSpecification","valueRequired":true,"valueName":"search_term_string"}}],"inLanguage":"de"},{"@type":"Organization","@id":"https:\/\/tempelherrenorden.de\/cms\/#organization","name":"Deutscher Tempelherren-Orden OMCT e.V.","url":"https:\/\/tempelherrenorden.de\/cms\/","logo":{"@type":"ImageObject","inLanguage":"de","@id":"https:\/\/tempelherrenorden.de\/cms\/#\/schema\/logo\/image\/","url":"https:\/\/i0.wp.com\/tempelherrenorden.de\/cms\/wp-content\/uploads\/2018\/01\/OMCT-Wappen.jpg?fit=997%2C1198&ssl=1","contentUrl":"https:\/\/i0.wp.com\/tempelherrenorden.de\/cms\/wp-content\/uploads\/2018\/01\/OMCT-Wappen.jpg?fit=997%2C1198&ssl=1","width":997,"height":1198,"caption":"Deutscher Tempelherren-Orden OMCT e.V."},"image":{"@id":"https:\/\/tempelherrenorden.de\/cms\/#\/schema\/logo\/image\/"},"sameAs":["https:\/\/www.facebook.com\/Deutscher-Tempelherren-Orden-OMCT-2054469481490772\/"]},{"@type":"Person","@id":"https:\/\/tempelherrenorden.de\/cms\/#\/schema\/person\/c4b556c7412791f0ed2d6851086be4aa","name":"Redaktion","image":{"@type":"ImageObject","inLanguage":"de","@id":"https:\/\/secure.gravatar.com\/avatar\/4ed839132852af2d0905f18562e70ba28d4d5c2fa1196284813995a27f534319?s=96&d=mm&r=g","url":"https:\/\/secure.gravatar.com\/avatar\/4ed839132852af2d0905f18562e70ba28d4d5c2fa1196284813995a27f534319?s=96&d=mm&r=g","contentUrl":"https:\/\/secure.gravatar.com\/avatar\/4ed839132852af2d0905f18562e70ba28d4d5c2fa1196284813995a27f534319?s=96&d=mm&r=g","caption":"Redaktion"},"url":"https:\/\/tempelherrenorden.de\/cms\/author\/redaktion\/"}]}},"jetpack_featured_media_url":"https:\/\/i0.wp.com\/tempelherrenorden.de\/cms\/wp-content\/uploads\/2023\/08\/Himmenrod.jpeg?fit=1200%2C861&ssl=1","jetpack_shortlink":"https:\/\/wp.me\/p5yQvL-1gv","jetpack_sharing_enabled":true,"_links":{"self":[{"href":"https:\/\/tempelherrenorden.de\/cms\/wp-json\/wp\/v2\/posts\/4867","targetHints":{"allow":["GET"]}}],"collection":[{"href":"https:\/\/tempelherrenorden.de\/cms\/wp-json\/wp\/v2\/posts"}],"about":[{"href":"https:\/\/tempelherrenorden.de\/cms\/wp-json\/wp\/v2\/types\/post"}],"author":[{"embeddable":true,"href":"https:\/\/tempelherrenorden.de\/cms\/wp-json\/wp\/v2\/users\/10"}],"replies":[{"embeddable":true,"href":"https:\/\/tempelherrenorden.de\/cms\/wp-json\/wp\/v2\/comments?post=4867"}],"version-history":[{"count":5,"href":"https:\/\/tempelherrenorden.de\/cms\/wp-json\/wp\/v2\/posts\/4867\/revisions"}],"predecessor-version":[{"id":4878,"href":"https:\/\/tempelherrenorden.de\/cms\/wp-json\/wp\/v2\/posts\/4867\/revisions\/4878"}],"wp:featuredmedia":[{"embeddable":true,"href":"https:\/\/tempelherrenorden.de\/cms\/wp-json\/wp\/v2\/media\/4870"}],"wp:attachment":[{"href":"https:\/\/tempelherrenorden.de\/cms\/wp-json\/wp\/v2\/media?parent=4867"}],"wp:term":[{"taxonomy":"category","embeddable":true,"href":"https:\/\/tempelherrenorden.de\/cms\/wp-json\/wp\/v2\/categories?post=4867"},{"taxonomy":"post_tag","embeddable":true,"href":"https:\/\/tempelherrenorden.de\/cms\/wp-json\/wp\/v2\/tags?post=4867"}],"curies":[{"name":"wp","href":"https:\/\/api.w.org\/{rel}","templated":true}]}}