{"id":4950,"date":"2024-01-13T19:16:43","date_gmt":"2024-01-13T18:16:43","guid":{"rendered":"https:\/\/tempelherrenorden.de\/cms\/?p=4950"},"modified":"2024-01-13T19:17:22","modified_gmt":"2024-01-13T18:17:22","slug":"b-j02den-ruf-des-herrn-verstehen-und-annehmen","status":"publish","type":"post","link":"https:\/\/tempelherrenorden.de\/cms\/b-j02den-ruf-des-herrn-verstehen-und-annehmen\/","title":{"rendered":"Den Ruf des Herrn verstehen und annehmen"},"content":{"rendered":"\n<p class=\"wp-block-paragraph\">(Predigtgedanken zum 2.So.im Jahreskreis\/nach Epiphanias \u2013 Joh 1:35-42, 1Sam 3:3b-10.19)<\/p>\n\n\n\n<p class=\"wp-block-paragraph\"><strong>Entscheidende Begegnungen<\/strong><\/p>\n\n\n\n<p class=\"wp-block-paragraph\">Heute haben wir in den Lesungen geh\u00f6rt, wie Menschen entscheidende Begegnungen hatten. Man kann auch von Berufungen sprechen. Einmal war die Rede von dem jungen Samuel, dann aber auch von J\u00fcngern des Johannes. Wir merken, dass die Ereignisse f\u00fcr die Beteiligten sehr wichtig waren. Manchmal k\u00f6nnen sie sich sp\u00e4ter noch genau an die Stunde erinnern.<\/p>\n\n\n\n<p class=\"wp-block-paragraph\">Wenn wir auf unser Leben zur\u00fcckschauen, fallen uns vielleicht auch Ereignisse ein, die f\u00fcr uns nachhaltige Folgen hatten. Manchmal k\u00f6nnen wir erst sp\u00e4ter sagen, ob die Begegnungen f\u00fcr uns gut waren oder sch\u00e4dlich. Es ist auch m\u00f6glich, dass wir gute Begegnungen verpassen. H\u00f6ren, hellh\u00f6rig sein &#8211; das ist in dieser Sache wichtig. Oft sind die Anf\u00e4nge ziemlich unscheinbar und man kann den Anruf entweder h\u00f6ren oder \u00fcberh\u00f6ren.<\/p>\n\n\n\n<!--more-->\n\n\n\n<p class=\"wp-block-paragraph\"><strong>Begegnung mit Gott<\/strong><\/p>\n\n\n\n<p class=\"wp-block-paragraph\">Bei Samuel war schon einiges vorgepr\u00e4gt. Seine Mutter hatte inst\u00e4ndig f\u00fcr seine Geburt gebetet und der Herr hatte ihr Gebet erh\u00f6rt. Samuel wurde dann dem Herrn geweiht. Sp\u00e4ter wurde er dem Priester Eli anvertraut, der im Heiligen Zelt Dienst tat. Damals waren die Zeiten nicht gut, eher dunkel. Im Buch Samuel hei\u00dft es: \u201cIn jenen Tagen waren die Worte des Herrn selten; Visionen waren nicht h\u00e4ufig.\u201d So war das Volk ohne Orientierung. Da h\u00f6rt Samuel nachts den Ruf seines Namens. Samuel ist weiter bereit den Ruf zu vernehmen, aber auch Eli hilft ihm weiter. Samuel wagt es, sich auf die Begegnung einzulassen. Er spricht sein Ja.<\/p>\n\n\n\n<p class=\"wp-block-paragraph\">Hier f\u00e4llt auch auf, wie vorsichtig Gott ruft. Er m\u00f6chte nicht \u00fcberrumpeln. Er wartet auf die freie Zustimmung des Menschen. Samuel muss sich in die geschenkte Begegnung hineinwagen, damit es eine wirkliche Begegnung werden kann. Es muss auch der Wille zur Ver\u00e4nderung da sein. Der Gerufene wei\u00df ja noch nicht, wohin die Begegnung f\u00fchrt.<\/p>\n\n\n\n<p class=\"wp-block-paragraph\">Bei Maria war es \u00e4hnlich. Gott wartet auf ihr Ja. Auch Maria wei\u00df noch nicht, was dieses Ja f\u00fcr Konsequenzen hat. Aus dem Evangelium wissen wir, dass die Konsequenzen ganz erheblich waren, f\u00fcr Maria selbst und f\u00fcr die ganze Menschheit.<\/p>\n\n\n\n<p class=\"wp-block-paragraph\">Wie gesagt, die Rolle des Eli sollten wir nicht \u00fcbersehen. Er hilft dem jungen Samuel den Ruf zu verstehen und anzunehmen. Samuel wird zum anerkannten Gottesmann und salbt sp\u00e4ter Saul zum K\u00f6nig in Israel. Samuel begleitet eine entscheidende Wende einen Neuanfang in Israel.<\/p>\n\n\n\n<p class=\"wp-block-paragraph\"><strong>Begegnung mit Jesus<\/strong><\/p>\n\n\n\n<p class=\"wp-block-paragraph\">Auch Johannes der T\u00e4ufer h\u00f6rte den Ruf Gottes. Er wusste, dass er dem Herrn den Weg zu bereiten hatte. Er sollte auf ihn hinweisen. Als Jesus sich von ihm taufen lie\u00df, erkannte er ihn. Er verwies seine J\u00fcnger auf den Gr\u00f6\u00dferen: Seht das Lamm Gottes. Johannes gibt seine Freunde an den gr\u00f6\u00dferen frei, der sie weiter f\u00fchrt. Eltern m\u00fcssen das auch, manchmal schweren Herzens, ihre Kinder freigeben in eine neue Partnerschaft. Es ist aber gut, wenn sie das schaffen, weil es alle Betroffenen erleichtert. Sie brauchen mit ihren alten Beziehungen nicht brechen und k\u00f6nnen sich ganz dem Neuen widmen.<\/p>\n\n\n\n<p class=\"wp-block-paragraph\">Auch die Begegnung mit Jesus beginnt f\u00fcr die J\u00fcnger sehr vorsichtig und zur\u00fcckhaltend, fast z\u00e4rtlich. Weder die J\u00fcnger noch Jesus fallen mit der T\u00fcr ins Haus der anderen. In den ersten Fragen sp\u00fcren wir eine gro\u00dfe Achtung vor den Menschen. Gott vergewaltigt nicht. Begegnungen sind nur in Freiheit m\u00f6glich. Wo einer wohnt und wie einer wohnt, zeigt etwas \u00fcber den anderen. Die beiden J\u00fcnger bleiben den ganzen Tag bei Jesus zu Hause. Und als sie gehen, k\u00f6nnen sie die Begegnung nicht f\u00fcr sich behalten. Andreas holt seinen Bruder Petrus und so setzen sich Begegnung und Berufung fort.<\/p>\n\n\n\n<p class=\"wp-block-paragraph\"><strong>Hilfen zur Begegnung<\/strong><\/p>\n\n\n\n<p class=\"wp-block-paragraph\">Andere Menschen k\u00f6nnen helfen, gute Begegnungen zu erm\u00f6glichen. Samuel w\u00e4re ohne Eli nie offen geworden f\u00fcr den Ruf Gottes. Andreas nicht ohne den T\u00e4ufer Johannes, Petrus nicht ohne seinen Bruder Andreas.<\/p>\n\n\n\n<p class=\"wp-block-paragraph\">Partnerschaft mit Menschen, Hinh\u00f6ren auf die anderen neben uns, und Partnerschaft mit Gott, Hinh\u00f6ren auf seinen Ruf geh\u00f6ren zusammen. Heute geschieht das alles sicher anders als bei Eli und Samuel und anders als bei Johannes, Andreas und Jesus. Viele haben die Erfahrung gemacht, dass der Ruf Gottes bei den Armen leichter verstanden werden kann als bei religi\u00f6sen Experten. Es gibt Bisch\u00f6fe, die gesagt haben, sie seien erst durch die Armen zu Jesus bekehrt worden.<\/p>\n\n\n\n<p class=\"wp-block-paragraph\">Wer bekehrt uns? Diese Frage wird bei uns wohl immer aktuell bleiben. Es geht nicht schnell. Wir brauchen daf\u00fcr unsere ganze Lebenszeit. Wer macht uns hellh\u00f6rig f\u00fcr den Ruf, der uns, der mich meint? Wie k\u00f6nnen wir einander helfen, Gottes Ruf zu entdecken? Wir brauchen Menschen, die uns f\u00fcr Gott \u00f6ffnen, und andere brauchen vielleicht uns, um den Ruf f\u00fcr die Arbeit in seinem Reich zu h\u00f6ren und zu befolgen.<\/p>\n\n\n\n<p class=\"wp-block-paragraph\">Gerade heute w\u00e4re das wichtig, wo mal wieder die Worte des Herrn selten sind und die Visionen nicht h\u00e4ufig und der Glaube nicht mehr so selbstverst\u00e4ndlich. So wollen wir jetzt Gott bitten, dass er uns seine Worte und Visionen gibt, weil wir sie dringend brauchen, um uns zurecht zu finden.<\/p>\n\n\n\n<p class=\"wp-block-paragraph\"><\/p>\n\n\n\n<p class=\"has-text-align-right wp-block-paragraph\">Seneschall Matthias David<\/p>\n","protected":false},"excerpt":{"rendered":"<p>(Predigtgedanken zum 2.So.im Jahreskreis\/nach Epiphanias \u2013 Joh 1:35-42, 1Sam 3:3b-10.19) Entscheidende Begegnungen Heute haben wir in den Lesungen geh\u00f6rt, wie Menschen entscheidende Begegnungen hatten. Man kann auch von Berufungen sprechen. Einmal war die Rede von dem jungen Samuel, dann aber auch von J\u00fcngern des Johannes. Wir merken, dass die Ereignisse\u2026<\/p>\n<p> <a class=\"continue-reading-link\" href=\"https:\/\/tempelherrenorden.de\/cms\/b-j02den-ruf-des-herrn-verstehen-und-annehmen\/\"><span>Artikel lesen<\/span><i class=\"crycon-right-dir\"><\/i><\/a> <\/p>\n","protected":false},"author":10,"featured_media":0,"comment_status":"closed","ping_status":"closed","sticky":false,"template":"","format":"standard","meta":{"_crdt_document":"","jetpack_post_was_ever_published":false,"_jetpack_newsletter_access":"","_jetpack_dont_email_post_to_subs":false,"_jetpack_newsletter_tier_id":0,"_jetpack_memberships_contains_paywalled_content":false,"_jetpack_memberships_contains_paid_content":false,"footnotes":""},"categories":[1],"tags":[134,92,63,45,44],"class_list":["post-4950","post","type-post","status-publish","format-standard","hentry","category-allgemein","tag-matthias-david","tag-predigt","tag-tempelherren","tag-tempelritter","tag-templer"],"yoast_head":"<!-- This site is optimized with the Yoast SEO plugin v27.4 - https:\/\/yoast.com\/product\/yoast-seo-wordpress\/ -->\n<title>Den Ruf des Herrn verstehen und annehmen &#8226; Deutscher Tempelherren-Orden<\/title>\n<meta name=\"robots\" content=\"index, follow, max-snippet:-1, max-image-preview:large, max-video-preview:-1\" \/>\n<link rel=\"canonical\" href=\"https:\/\/tempelherrenorden.de\/cms\/b-j02den-ruf-des-herrn-verstehen-und-annehmen\/\" \/>\n<meta property=\"og:locale\" content=\"de_DE\" \/>\n<meta property=\"og:type\" content=\"article\" \/>\n<meta property=\"og:title\" content=\"Den Ruf des Herrn verstehen und annehmen &#8226; Deutscher Tempelherren-Orden\" \/>\n<meta property=\"og:description\" content=\"(Predigtgedanken zum 2.So.im Jahreskreis\/nach Epiphanias \u2013 Joh 1:35-42, 1Sam 3:3b-10.19) Entscheidende Begegnungen Heute haben wir in den Lesungen geh\u00f6rt, wie Menschen entscheidende Begegnungen hatten. Man kann auch von Berufungen sprechen. Einmal war die Rede von dem jungen Samuel, dann aber auch von J\u00fcngern des Johannes. Wir merken, dass die Ereignisse\u2026 Artikel lesen\" \/>\n<meta property=\"og:url\" content=\"https:\/\/tempelherrenorden.de\/cms\/b-j02den-ruf-des-herrn-verstehen-und-annehmen\/\" \/>\n<meta property=\"og:site_name\" content=\"Deutscher Tempelherren-Orden\" \/>\n<meta property=\"article:publisher\" content=\"https:\/\/www.facebook.com\/Deutscher-Tempelherren-Orden-OMCT-2054469481490772\/\" \/>\n<meta property=\"article:published_time\" content=\"2024-01-13T18:16:43+00:00\" \/>\n<meta property=\"article:modified_time\" content=\"2024-01-13T18:17:22+00:00\" \/>\n<meta name=\"author\" content=\"Redaktion\" \/>\n<meta name=\"twitter:card\" content=\"summary_large_image\" \/>\n<meta name=\"twitter:label1\" content=\"Verfasst von\" \/>\n\t<meta name=\"twitter:data1\" content=\"Redaktion\" \/>\n\t<meta name=\"twitter:label2\" content=\"Gesch\u00e4tzte Lesezeit\" \/>\n\t<meta name=\"twitter:data2\" content=\"5\u00a0Minuten\" \/>\n<script type=\"application\/ld+json\" class=\"yoast-schema-graph\">{\"@context\":\"https:\\\/\\\/schema.org\",\"@graph\":[{\"@type\":\"Article\",\"@id\":\"https:\\\/\\\/tempelherrenorden.de\\\/cms\\\/b-j02den-ruf-des-herrn-verstehen-und-annehmen\\\/#article\",\"isPartOf\":{\"@id\":\"https:\\\/\\\/tempelherrenorden.de\\\/cms\\\/b-j02den-ruf-des-herrn-verstehen-und-annehmen\\\/\"},\"author\":{\"name\":\"Redaktion\",\"@id\":\"https:\\\/\\\/tempelherrenorden.de\\\/cms\\\/#\\\/schema\\\/person\\\/c4b556c7412791f0ed2d6851086be4aa\"},\"headline\":\"Den Ruf des Herrn verstehen und annehmen\",\"datePublished\":\"2024-01-13T18:16:43+00:00\",\"dateModified\":\"2024-01-13T18:17:22+00:00\",\"mainEntityOfPage\":{\"@id\":\"https:\\\/\\\/tempelherrenorden.de\\\/cms\\\/b-j02den-ruf-des-herrn-verstehen-und-annehmen\\\/\"},\"wordCount\":892,\"publisher\":{\"@id\":\"https:\\\/\\\/tempelherrenorden.de\\\/cms\\\/#organization\"},\"keywords\":[\"Matthias David\",\"Predigt\",\"Tempelherren\",\"Tempelritter\",\"Templer\"],\"inLanguage\":\"de\"},{\"@type\":\"WebPage\",\"@id\":\"https:\\\/\\\/tempelherrenorden.de\\\/cms\\\/b-j02den-ruf-des-herrn-verstehen-und-annehmen\\\/\",\"url\":\"https:\\\/\\\/tempelherrenorden.de\\\/cms\\\/b-j02den-ruf-des-herrn-verstehen-und-annehmen\\\/\",\"name\":\"Den Ruf des Herrn verstehen und annehmen &#8226; Deutscher Tempelherren-Orden\",\"isPartOf\":{\"@id\":\"https:\\\/\\\/tempelherrenorden.de\\\/cms\\\/#website\"},\"datePublished\":\"2024-01-13T18:16:43+00:00\",\"dateModified\":\"2024-01-13T18:17:22+00:00\",\"breadcrumb\":{\"@id\":\"https:\\\/\\\/tempelherrenorden.de\\\/cms\\\/b-j02den-ruf-des-herrn-verstehen-und-annehmen\\\/#breadcrumb\"},\"inLanguage\":\"de\",\"potentialAction\":[{\"@type\":\"ReadAction\",\"target\":[\"https:\\\/\\\/tempelherrenorden.de\\\/cms\\\/b-j02den-ruf-des-herrn-verstehen-und-annehmen\\\/\"]}]},{\"@type\":\"BreadcrumbList\",\"@id\":\"https:\\\/\\\/tempelherrenorden.de\\\/cms\\\/b-j02den-ruf-des-herrn-verstehen-und-annehmen\\\/#breadcrumb\",\"itemListElement\":[{\"@type\":\"ListItem\",\"position\":1,\"name\":\"Startseite\",\"item\":\"https:\\\/\\\/tempelherrenorden.de\\\/cms\\\/\"},{\"@type\":\"ListItem\",\"position\":2,\"name\":\"Den Ruf des Herrn verstehen und annehmen\"}]},{\"@type\":\"WebSite\",\"@id\":\"https:\\\/\\\/tempelherrenorden.de\\\/cms\\\/#website\",\"url\":\"https:\\\/\\\/tempelherrenorden.de\\\/cms\\\/\",\"name\":\"Deutscher Tempelherren-Orden\",\"description\":\"\",\"publisher\":{\"@id\":\"https:\\\/\\\/tempelherrenorden.de\\\/cms\\\/#organization\"},\"potentialAction\":[{\"@type\":\"SearchAction\",\"target\":{\"@type\":\"EntryPoint\",\"urlTemplate\":\"https:\\\/\\\/tempelherrenorden.de\\\/cms\\\/?s={search_term_string}\"},\"query-input\":{\"@type\":\"PropertyValueSpecification\",\"valueRequired\":true,\"valueName\":\"search_term_string\"}}],\"inLanguage\":\"de\"},{\"@type\":\"Organization\",\"@id\":\"https:\\\/\\\/tempelherrenorden.de\\\/cms\\\/#organization\",\"name\":\"Deutscher Tempelherren-Orden OMCT e.V.\",\"url\":\"https:\\\/\\\/tempelherrenorden.de\\\/cms\\\/\",\"logo\":{\"@type\":\"ImageObject\",\"inLanguage\":\"de\",\"@id\":\"https:\\\/\\\/tempelherrenorden.de\\\/cms\\\/#\\\/schema\\\/logo\\\/image\\\/\",\"url\":\"https:\\\/\\\/i0.wp.com\\\/tempelherrenorden.de\\\/cms\\\/wp-content\\\/uploads\\\/2018\\\/01\\\/OMCT-Wappen.jpg?fit=997%2C1198&ssl=1\",\"contentUrl\":\"https:\\\/\\\/i0.wp.com\\\/tempelherrenorden.de\\\/cms\\\/wp-content\\\/uploads\\\/2018\\\/01\\\/OMCT-Wappen.jpg?fit=997%2C1198&ssl=1\",\"width\":997,\"height\":1198,\"caption\":\"Deutscher Tempelherren-Orden OMCT e.V.\"},\"image\":{\"@id\":\"https:\\\/\\\/tempelherrenorden.de\\\/cms\\\/#\\\/schema\\\/logo\\\/image\\\/\"},\"sameAs\":[\"https:\\\/\\\/www.facebook.com\\\/Deutscher-Tempelherren-Orden-OMCT-2054469481490772\\\/\"]},{\"@type\":\"Person\",\"@id\":\"https:\\\/\\\/tempelherrenorden.de\\\/cms\\\/#\\\/schema\\\/person\\\/c4b556c7412791f0ed2d6851086be4aa\",\"name\":\"Redaktion\",\"image\":{\"@type\":\"ImageObject\",\"inLanguage\":\"de\",\"@id\":\"https:\\\/\\\/secure.gravatar.com\\\/avatar\\\/4ed839132852af2d0905f18562e70ba28d4d5c2fa1196284813995a27f534319?s=96&d=mm&r=g\",\"url\":\"https:\\\/\\\/secure.gravatar.com\\\/avatar\\\/4ed839132852af2d0905f18562e70ba28d4d5c2fa1196284813995a27f534319?s=96&d=mm&r=g\",\"contentUrl\":\"https:\\\/\\\/secure.gravatar.com\\\/avatar\\\/4ed839132852af2d0905f18562e70ba28d4d5c2fa1196284813995a27f534319?s=96&d=mm&r=g\",\"caption\":\"Redaktion\"},\"url\":\"https:\\\/\\\/tempelherrenorden.de\\\/cms\\\/author\\\/redaktion\\\/\"}]}<\/script>\n<!-- \/ Yoast SEO plugin. -->","yoast_head_json":{"title":"Den Ruf des Herrn verstehen und annehmen &#8226; Deutscher Tempelherren-Orden","robots":{"index":"index","follow":"follow","max-snippet":"max-snippet:-1","max-image-preview":"max-image-preview:large","max-video-preview":"max-video-preview:-1"},"canonical":"https:\/\/tempelherrenorden.de\/cms\/b-j02den-ruf-des-herrn-verstehen-und-annehmen\/","og_locale":"de_DE","og_type":"article","og_title":"Den Ruf des Herrn verstehen und annehmen &#8226; Deutscher Tempelherren-Orden","og_description":"(Predigtgedanken zum 2.So.im Jahreskreis\/nach Epiphanias \u2013 Joh 1:35-42, 1Sam 3:3b-10.19) Entscheidende Begegnungen Heute haben wir in den Lesungen geh\u00f6rt, wie Menschen entscheidende Begegnungen hatten. Man kann auch von Berufungen sprechen. Einmal war die Rede von dem jungen Samuel, dann aber auch von J\u00fcngern des Johannes. Wir merken, dass die Ereignisse\u2026 Artikel lesen","og_url":"https:\/\/tempelherrenorden.de\/cms\/b-j02den-ruf-des-herrn-verstehen-und-annehmen\/","og_site_name":"Deutscher Tempelherren-Orden","article_publisher":"https:\/\/www.facebook.com\/Deutscher-Tempelherren-Orden-OMCT-2054469481490772\/","article_published_time":"2024-01-13T18:16:43+00:00","article_modified_time":"2024-01-13T18:17:22+00:00","author":"Redaktion","twitter_card":"summary_large_image","twitter_misc":{"Verfasst von":"Redaktion","Gesch\u00e4tzte Lesezeit":"5\u00a0Minuten"},"schema":{"@context":"https:\/\/schema.org","@graph":[{"@type":"Article","@id":"https:\/\/tempelherrenorden.de\/cms\/b-j02den-ruf-des-herrn-verstehen-und-annehmen\/#article","isPartOf":{"@id":"https:\/\/tempelherrenorden.de\/cms\/b-j02den-ruf-des-herrn-verstehen-und-annehmen\/"},"author":{"name":"Redaktion","@id":"https:\/\/tempelherrenorden.de\/cms\/#\/schema\/person\/c4b556c7412791f0ed2d6851086be4aa"},"headline":"Den Ruf des Herrn verstehen und annehmen","datePublished":"2024-01-13T18:16:43+00:00","dateModified":"2024-01-13T18:17:22+00:00","mainEntityOfPage":{"@id":"https:\/\/tempelherrenorden.de\/cms\/b-j02den-ruf-des-herrn-verstehen-und-annehmen\/"},"wordCount":892,"publisher":{"@id":"https:\/\/tempelherrenorden.de\/cms\/#organization"},"keywords":["Matthias David","Predigt","Tempelherren","Tempelritter","Templer"],"inLanguage":"de"},{"@type":"WebPage","@id":"https:\/\/tempelherrenorden.de\/cms\/b-j02den-ruf-des-herrn-verstehen-und-annehmen\/","url":"https:\/\/tempelherrenorden.de\/cms\/b-j02den-ruf-des-herrn-verstehen-und-annehmen\/","name":"Den Ruf des Herrn verstehen und annehmen &#8226; Deutscher Tempelherren-Orden","isPartOf":{"@id":"https:\/\/tempelherrenorden.de\/cms\/#website"},"datePublished":"2024-01-13T18:16:43+00:00","dateModified":"2024-01-13T18:17:22+00:00","breadcrumb":{"@id":"https:\/\/tempelherrenorden.de\/cms\/b-j02den-ruf-des-herrn-verstehen-und-annehmen\/#breadcrumb"},"inLanguage":"de","potentialAction":[{"@type":"ReadAction","target":["https:\/\/tempelherrenorden.de\/cms\/b-j02den-ruf-des-herrn-verstehen-und-annehmen\/"]}]},{"@type":"BreadcrumbList","@id":"https:\/\/tempelherrenorden.de\/cms\/b-j02den-ruf-des-herrn-verstehen-und-annehmen\/#breadcrumb","itemListElement":[{"@type":"ListItem","position":1,"name":"Startseite","item":"https:\/\/tempelherrenorden.de\/cms\/"},{"@type":"ListItem","position":2,"name":"Den Ruf des Herrn verstehen und annehmen"}]},{"@type":"WebSite","@id":"https:\/\/tempelherrenorden.de\/cms\/#website","url":"https:\/\/tempelherrenorden.de\/cms\/","name":"Deutscher Tempelherren-Orden","description":"","publisher":{"@id":"https:\/\/tempelherrenorden.de\/cms\/#organization"},"potentialAction":[{"@type":"SearchAction","target":{"@type":"EntryPoint","urlTemplate":"https:\/\/tempelherrenorden.de\/cms\/?s={search_term_string}"},"query-input":{"@type":"PropertyValueSpecification","valueRequired":true,"valueName":"search_term_string"}}],"inLanguage":"de"},{"@type":"Organization","@id":"https:\/\/tempelherrenorden.de\/cms\/#organization","name":"Deutscher Tempelherren-Orden OMCT e.V.","url":"https:\/\/tempelherrenorden.de\/cms\/","logo":{"@type":"ImageObject","inLanguage":"de","@id":"https:\/\/tempelherrenorden.de\/cms\/#\/schema\/logo\/image\/","url":"https:\/\/i0.wp.com\/tempelherrenorden.de\/cms\/wp-content\/uploads\/2018\/01\/OMCT-Wappen.jpg?fit=997%2C1198&ssl=1","contentUrl":"https:\/\/i0.wp.com\/tempelherrenorden.de\/cms\/wp-content\/uploads\/2018\/01\/OMCT-Wappen.jpg?fit=997%2C1198&ssl=1","width":997,"height":1198,"caption":"Deutscher Tempelherren-Orden OMCT e.V."},"image":{"@id":"https:\/\/tempelherrenorden.de\/cms\/#\/schema\/logo\/image\/"},"sameAs":["https:\/\/www.facebook.com\/Deutscher-Tempelherren-Orden-OMCT-2054469481490772\/"]},{"@type":"Person","@id":"https:\/\/tempelherrenorden.de\/cms\/#\/schema\/person\/c4b556c7412791f0ed2d6851086be4aa","name":"Redaktion","image":{"@type":"ImageObject","inLanguage":"de","@id":"https:\/\/secure.gravatar.com\/avatar\/4ed839132852af2d0905f18562e70ba28d4d5c2fa1196284813995a27f534319?s=96&d=mm&r=g","url":"https:\/\/secure.gravatar.com\/avatar\/4ed839132852af2d0905f18562e70ba28d4d5c2fa1196284813995a27f534319?s=96&d=mm&r=g","contentUrl":"https:\/\/secure.gravatar.com\/avatar\/4ed839132852af2d0905f18562e70ba28d4d5c2fa1196284813995a27f534319?s=96&d=mm&r=g","caption":"Redaktion"},"url":"https:\/\/tempelherrenorden.de\/cms\/author\/redaktion\/"}]}},"jetpack_featured_media_url":"","jetpack_shortlink":"https:\/\/wp.me\/p5yQvL-1hQ","jetpack_sharing_enabled":true,"_links":{"self":[{"href":"https:\/\/tempelherrenorden.de\/cms\/wp-json\/wp\/v2\/posts\/4950","targetHints":{"allow":["GET"]}}],"collection":[{"href":"https:\/\/tempelherrenorden.de\/cms\/wp-json\/wp\/v2\/posts"}],"about":[{"href":"https:\/\/tempelherrenorden.de\/cms\/wp-json\/wp\/v2\/types\/post"}],"author":[{"embeddable":true,"href":"https:\/\/tempelherrenorden.de\/cms\/wp-json\/wp\/v2\/users\/10"}],"replies":[{"embeddable":true,"href":"https:\/\/tempelherrenorden.de\/cms\/wp-json\/wp\/v2\/comments?post=4950"}],"version-history":[{"count":2,"href":"https:\/\/tempelherrenorden.de\/cms\/wp-json\/wp\/v2\/posts\/4950\/revisions"}],"predecessor-version":[{"id":4952,"href":"https:\/\/tempelherrenorden.de\/cms\/wp-json\/wp\/v2\/posts\/4950\/revisions\/4952"}],"wp:attachment":[{"href":"https:\/\/tempelherrenorden.de\/cms\/wp-json\/wp\/v2\/media?parent=4950"}],"wp:term":[{"taxonomy":"category","embeddable":true,"href":"https:\/\/tempelherrenorden.de\/cms\/wp-json\/wp\/v2\/categories?post=4950"},{"taxonomy":"post_tag","embeddable":true,"href":"https:\/\/tempelherrenorden.de\/cms\/wp-json\/wp\/v2\/tags?post=4950"}],"curies":[{"name":"wp","href":"https:\/\/api.w.org\/{rel}","templated":true}]}}