{"id":5023,"date":"2024-03-23T21:06:37","date_gmt":"2024-03-23T20:06:37","guid":{"rendered":"https:\/\/tempelherrenorden.de\/cms\/?p=5023"},"modified":"2024-03-23T21:06:38","modified_gmt":"2024-03-23T20:06:38","slug":"gesegnet-sei-der-da-kommt-im-namen-des-herrn","status":"publish","type":"post","link":"https:\/\/tempelherrenorden.de\/cms\/gesegnet-sei-der-da-kommt-im-namen-des-herrn\/","title":{"rendered":"\u201cGesegnet sei, der da kommt im Namen des Herrn\u201d"},"content":{"rendered":"\n<p class=\"wp-block-paragraph\">(Predigtgedanken zum Palmsonntag, Joh 12:12-16)<\/p>\n\n\n\n<p class=\"wp-block-paragraph\"><em>Die Spannung des Palmsonntages<\/em><\/p>\n\n\n\n<p class=\"wp-block-paragraph\">Vielleicht ist uns das Brauchtum, sind uns die liturgischen Zeremonien des Palmsonntages schon allzu vertraut, als dass wir noch die Spannung wahrnehmen, welche diesen Sonntag pr\u00e4gt. Die Liturgie dieses Tages ist von einer gro\u00dfen Gegens\u00e4tzlichkeit bestimmt. Zum einen feiern wir den festlichen Einzug Jesu in Jerusalem. Wir selber stellen uns in die Reihe jener, die Jesus durch die Tore Jerusalems begleiten. Wir begr\u00fc\u00dfen ihn mit Zweigen in den H\u00e4nden. Wir singen \u201cHosanna\u201d. Wir sind festlich, ja vielleicht sogar fr\u00f6hlich gestimmt.<\/p>\n\n\n\n<!--more-->\n\n\n\n<p class=\"wp-block-paragraph\">Soweit, so gut. Aber der eigentliche Gottesdienst des Palmsonntages ist dominiert von der Passionsgeschichte: ein Vorausblick auf die Geschehnisse am Gr\u00fcndonnerstag und Karfreitag. Jesus ist dort nicht mehr der vielfach gefeierte und begr\u00fc\u00dfte Messias, nein, er ist der Leidensmann, der leidende Gottesknecht: ein Mensch, der nicht mehr von den warmherzigen Empfindungen einer gro\u00dfen Menge getragen wird, sondern gegen den sich eine Woge der Gewalt, der Verachtung, des blinden Hasses erhebt.<\/p>\n\n\n\n<p class=\"wp-block-paragraph\">\u201c<em>Hosanna!\u201d \u2013 \u201cKreuzige ihn!\u201d<\/em><\/p>\n\n\n\n<p class=\"wp-block-paragraph\">Diese Spannung des Palmsonntags gilt es, bewusst zu bedenken, nachzuvollziehen, zu verinnerlichen. Wenn wir dies tun, werden wir uns nicht davor entziehen k\u00f6nnen, \u00fcber Jesus nachzudenken, ihn mit den Augen unseres Herzens in den Blick zu nehmen, zu fragen: Wer war &#8211; oder besser &#8211; wer ist Jesus, dass innerhalb so kurzer Zeit so gegens\u00e4tzliche Reaktionen ihm gegen\u00fcber entstehen konnten. Auf der einen Seite das gro\u00dfe Willkommen, der sich im \u201cHosanna\u201d ausdr\u00fcckt, auf der anderen Seite die aufgepeitschte Stimmung der Volksmenge, die dem Pilatus entgegen schreit: \u201cKreuzige ihn!\u201d<\/p>\n\n\n\n<p class=\"wp-block-paragraph\">Wir wissen nicht, wer zu der einen und wer zu der anderen Menge geh\u00f6rt hat. Ob es auch Leute gab, die da und dort dabei waren? Wenn, dann muss es sich wohl eher um Mitl\u00e4ufer gehandelt haben, um solche, die wenig gefestigt waren in ihrem Charakter und sich rasch einmal da und einmal dort entflammen lie\u00dfen, solche, die mit riefen, wurde eine Stimmungslage nur von einer entsprechend gro\u00dfen Anzahl von Menschen und entsprechend emotionalisiert vertreten. Sind solche Ph\u00e4nomene in unserer Gesellschaft, in unserer Zeit v\u00f6llig unbekannt? Sind sie unserem eigenen Herzen v\u00f6llig unbekannt?<\/p>\n\n\n\n<p class=\"wp-block-paragraph\"><em>Was sch\u00e4tze ich an Jesus?<\/em><\/p>\n\n\n\n<p class=\"wp-block-paragraph\">Doch kehren wir zur\u00fcck zur Frage: Wer war Jesus, was hat er vertreten und was verk\u00f6rpert, dass er einerseits gefeiert und andererseits in den Tod gejagt wurde? Wir sollten diese Frage nicht allzu schnell beantworten. Vielleicht kann sie uns in aller Offenheit in die Karwoche hinein begleiten. Vielleicht k\u00f6nnen wir uns ganz pers\u00f6nlich fragen: Was sch\u00e4tze ich an Jesus? Was verk\u00f6rpert er f\u00fcr mich? Welche seiner Worte, welche seiner Handlungen, welche seiner Wunder sind f\u00fcr mich bedeutsam, woran erinnere ich mich ganz spontan? Was klingt immer wieder in meinem Herzen an? Was sehe ich gerne und oft vor meinem geistigen Auge? Wir sollen solches Fragen nicht als m\u00fc\u00dfig erachten. Wir d\u00fcrfen an diesen Fragen auch nicht leichtfertig vorbeigehen oder sie uns blo\u00df halbherzig stellen, um sie dann auch nur halbherzig zu beantworten. Als Christen sind wir auf das Allerengste mit Jesus verbunden, so verbunden wie mit keinem anderen Menschen sonst in dieser Welt. Seit der Taufe ist uns Jesus eine best\u00e4ndige Herausforderung. Wie jede andere Beziehung braucht auch die Beziehung zu Jesus &#8211; und gerade sie &#8211; ihre besondere Pflege und Sorge. Dazu ist jetzt in der Karwoche und dann zu Ostern eine bevorzugte Zeit angebrochen. Lassen wir sie nicht verstreichen!<\/p>\n\n\n\n<p class=\"wp-block-paragraph\"><em>Im Leiden zeigt Jesus St\u00e4rke<\/em><\/p>\n\n\n\n<p class=\"wp-block-paragraph\">Wenn uns auch unser Fragen nach Jesus und die Suche nach Antworten mitunter auf sehr pers\u00f6nliche Wege f\u00fchrt (die freilich so individuell gar nicht sind, weil wir uns in der Kirche als Glaubensgemeinschaft befinden und uns der Heilige Geist in unserem Suchen und Finden miteinander verbindet) &#8211; der heutige Palmsonntag legt uns allen zusammen eine Antwort nahe auf die Frage: Wer ist Jesus und was k\u00f6nnen wir an ihm sch\u00e4tzen. Es sind jene ber\u00fchmten Worte aus dem Philipperbrief des Apostels Paulus, die wir in der zweiten Lesung geh\u00f6rt haben.<\/p>\n\n\n\n<p class=\"wp-block-paragraph\">\u201cChristus Jesus war Gott gleich.\u201d Er war und ist der Sohn Gottes, das fleischgewordene Wort, das uns der Vater zuspricht. Als solchem gilt ihm alle Huldigung und Ehre: \u201cGesegnet sei er, der kommt im Namen des Herrn!\u201d Aber der Gottessohn \u201chielt nicht daran fest, wie Gott zu sein, sondern ent\u00e4u\u00dferte sich und wurde wie ein Sklave \u2026 er erniedrigte sich und war gehorsam bis zum Tod, bis zum Tod am Kreuz\u201d. In Liebe den Weg des Leidens bis hin zum gewaltsamen Tod zu gehen &#8211; das ist nicht schwach, das ist stark! Ja, die G\u00f6ttlichkeit Jesu offenbart sich geradezu im freiwillig auf sich genommenen Leiden und Sterben. Noch einmal: das ist nicht schwach, das ist stark, das ist g\u00f6ttlich! Deswegen gilt Jesus gerade auch in den Stunden seines bitteren Leidens der Ruf: \u201cGesegnet sei er, der kommt im Namen des Herrn!\u201d M\u00f6gen wir gerade in den kommenden Tagen durch ihn Segen f\u00fcr unser Leben, f\u00fcr unsere Welt erfahren! Amen.<\/p>\n\n\n\n<p class=\"wp-block-paragraph\">Seneschall Matthias David<\/p>\n","protected":false},"excerpt":{"rendered":"<p>(Predigtgedanken zum Palmsonntag, Joh 12:12-16) Die Spannung des Palmsonntages Vielleicht ist uns das Brauchtum, sind uns die liturgischen Zeremonien des Palmsonntages schon allzu vertraut, als dass wir noch die Spannung wahrnehmen, welche diesen Sonntag pr\u00e4gt. Die Liturgie dieses Tages ist von einer gro\u00dfen Gegens\u00e4tzlichkeit bestimmt. Zum einen feiern wir den\u2026<\/p>\n<p> <a class=\"continue-reading-link\" href=\"https:\/\/tempelherrenorden.de\/cms\/gesegnet-sei-der-da-kommt-im-namen-des-herrn\/\"><span>Artikel lesen<\/span><i class=\"crycon-right-dir\"><\/i><\/a> <\/p>\n","protected":false},"author":10,"featured_media":0,"comment_status":"closed","ping_status":"closed","sticky":false,"template":"","format":"standard","meta":{"_crdt_document":"","jetpack_post_was_ever_published":false,"_jetpack_newsletter_access":"","_jetpack_dont_email_post_to_subs":false,"_jetpack_newsletter_tier_id":0,"_jetpack_memberships_contains_paywalled_content":false,"_jetpack_memberships_contains_paid_content":false,"footnotes":""},"categories":[1],"tags":[134,92,63,45,44],"class_list":["post-5023","post","type-post","status-publish","format-standard","hentry","category-allgemein","tag-matthias-david","tag-predigt","tag-tempelherren","tag-tempelritter","tag-templer"],"yoast_head":"<!-- This site is optimized with the Yoast SEO plugin v27.4 - https:\/\/yoast.com\/product\/yoast-seo-wordpress\/ -->\n<title>\u201cGesegnet sei, der da kommt im Namen des Herrn\u201d &#8226; Deutscher Tempelherren-Orden<\/title>\n<meta name=\"robots\" content=\"index, follow, max-snippet:-1, max-image-preview:large, max-video-preview:-1\" \/>\n<link rel=\"canonical\" href=\"https:\/\/tempelherrenorden.de\/cms\/gesegnet-sei-der-da-kommt-im-namen-des-herrn\/\" \/>\n<meta property=\"og:locale\" content=\"de_DE\" \/>\n<meta property=\"og:type\" content=\"article\" \/>\n<meta property=\"og:title\" content=\"\u201cGesegnet sei, der da kommt im Namen des Herrn\u201d &#8226; Deutscher Tempelherren-Orden\" \/>\n<meta property=\"og:description\" content=\"(Predigtgedanken zum Palmsonntag, Joh 12:12-16) Die Spannung des Palmsonntages Vielleicht ist uns das Brauchtum, sind uns die liturgischen Zeremonien des Palmsonntages schon allzu vertraut, als dass wir noch die Spannung wahrnehmen, welche diesen Sonntag pr\u00e4gt. Die Liturgie dieses Tages ist von einer gro\u00dfen Gegens\u00e4tzlichkeit bestimmt. Zum einen feiern wir den\u2026 Artikel lesen\" \/>\n<meta property=\"og:url\" content=\"https:\/\/tempelherrenorden.de\/cms\/gesegnet-sei-der-da-kommt-im-namen-des-herrn\/\" \/>\n<meta property=\"og:site_name\" content=\"Deutscher Tempelherren-Orden\" \/>\n<meta property=\"article:publisher\" content=\"https:\/\/www.facebook.com\/Deutscher-Tempelherren-Orden-OMCT-2054469481490772\/\" \/>\n<meta property=\"article:published_time\" content=\"2024-03-23T20:06:37+00:00\" \/>\n<meta property=\"article:modified_time\" content=\"2024-03-23T20:06:38+00:00\" \/>\n<meta name=\"author\" content=\"Redaktion\" \/>\n<meta name=\"twitter:card\" content=\"summary_large_image\" \/>\n<meta name=\"twitter:label1\" content=\"Verfasst von\" \/>\n\t<meta name=\"twitter:data1\" content=\"Redaktion\" \/>\n\t<meta name=\"twitter:label2\" content=\"Gesch\u00e4tzte Lesezeit\" \/>\n\t<meta name=\"twitter:data2\" content=\"5\u00a0Minuten\" \/>\n<script type=\"application\/ld+json\" class=\"yoast-schema-graph\">{\"@context\":\"https:\\\/\\\/schema.org\",\"@graph\":[{\"@type\":\"Article\",\"@id\":\"https:\\\/\\\/tempelherrenorden.de\\\/cms\\\/gesegnet-sei-der-da-kommt-im-namen-des-herrn\\\/#article\",\"isPartOf\":{\"@id\":\"https:\\\/\\\/tempelherrenorden.de\\\/cms\\\/gesegnet-sei-der-da-kommt-im-namen-des-herrn\\\/\"},\"author\":{\"name\":\"Redaktion\",\"@id\":\"https:\\\/\\\/tempelherrenorden.de\\\/cms\\\/#\\\/schema\\\/person\\\/c4b556c7412791f0ed2d6851086be4aa\"},\"headline\":\"\u201cGesegnet sei, der da kommt im Namen des Herrn\u201d\",\"datePublished\":\"2024-03-23T20:06:37+00:00\",\"dateModified\":\"2024-03-23T20:06:38+00:00\",\"mainEntityOfPage\":{\"@id\":\"https:\\\/\\\/tempelherrenorden.de\\\/cms\\\/gesegnet-sei-der-da-kommt-im-namen-des-herrn\\\/\"},\"wordCount\":860,\"publisher\":{\"@id\":\"https:\\\/\\\/tempelherrenorden.de\\\/cms\\\/#organization\"},\"keywords\":[\"Matthias David\",\"Predigt\",\"Tempelherren\",\"Tempelritter\",\"Templer\"],\"inLanguage\":\"de\"},{\"@type\":\"WebPage\",\"@id\":\"https:\\\/\\\/tempelherrenorden.de\\\/cms\\\/gesegnet-sei-der-da-kommt-im-namen-des-herrn\\\/\",\"url\":\"https:\\\/\\\/tempelherrenorden.de\\\/cms\\\/gesegnet-sei-der-da-kommt-im-namen-des-herrn\\\/\",\"name\":\"\u201cGesegnet sei, der da kommt im Namen des Herrn\u201d &#8226; Deutscher Tempelherren-Orden\",\"isPartOf\":{\"@id\":\"https:\\\/\\\/tempelherrenorden.de\\\/cms\\\/#website\"},\"datePublished\":\"2024-03-23T20:06:37+00:00\",\"dateModified\":\"2024-03-23T20:06:38+00:00\",\"breadcrumb\":{\"@id\":\"https:\\\/\\\/tempelherrenorden.de\\\/cms\\\/gesegnet-sei-der-da-kommt-im-namen-des-herrn\\\/#breadcrumb\"},\"inLanguage\":\"de\",\"potentialAction\":[{\"@type\":\"ReadAction\",\"target\":[\"https:\\\/\\\/tempelherrenorden.de\\\/cms\\\/gesegnet-sei-der-da-kommt-im-namen-des-herrn\\\/\"]}]},{\"@type\":\"BreadcrumbList\",\"@id\":\"https:\\\/\\\/tempelherrenorden.de\\\/cms\\\/gesegnet-sei-der-da-kommt-im-namen-des-herrn\\\/#breadcrumb\",\"itemListElement\":[{\"@type\":\"ListItem\",\"position\":1,\"name\":\"Startseite\",\"item\":\"https:\\\/\\\/tempelherrenorden.de\\\/cms\\\/\"},{\"@type\":\"ListItem\",\"position\":2,\"name\":\"\u201cGesegnet sei, der da kommt im Namen des Herrn\u201d\"}]},{\"@type\":\"WebSite\",\"@id\":\"https:\\\/\\\/tempelherrenorden.de\\\/cms\\\/#website\",\"url\":\"https:\\\/\\\/tempelherrenorden.de\\\/cms\\\/\",\"name\":\"Deutscher Tempelherren-Orden\",\"description\":\"\",\"publisher\":{\"@id\":\"https:\\\/\\\/tempelherrenorden.de\\\/cms\\\/#organization\"},\"potentialAction\":[{\"@type\":\"SearchAction\",\"target\":{\"@type\":\"EntryPoint\",\"urlTemplate\":\"https:\\\/\\\/tempelherrenorden.de\\\/cms\\\/?s={search_term_string}\"},\"query-input\":{\"@type\":\"PropertyValueSpecification\",\"valueRequired\":true,\"valueName\":\"search_term_string\"}}],\"inLanguage\":\"de\"},{\"@type\":\"Organization\",\"@id\":\"https:\\\/\\\/tempelherrenorden.de\\\/cms\\\/#organization\",\"name\":\"Deutscher Tempelherren-Orden OMCT e.V.\",\"url\":\"https:\\\/\\\/tempelherrenorden.de\\\/cms\\\/\",\"logo\":{\"@type\":\"ImageObject\",\"inLanguage\":\"de\",\"@id\":\"https:\\\/\\\/tempelherrenorden.de\\\/cms\\\/#\\\/schema\\\/logo\\\/image\\\/\",\"url\":\"https:\\\/\\\/i0.wp.com\\\/tempelherrenorden.de\\\/cms\\\/wp-content\\\/uploads\\\/2018\\\/01\\\/OMCT-Wappen.jpg?fit=997%2C1198&ssl=1\",\"contentUrl\":\"https:\\\/\\\/i0.wp.com\\\/tempelherrenorden.de\\\/cms\\\/wp-content\\\/uploads\\\/2018\\\/01\\\/OMCT-Wappen.jpg?fit=997%2C1198&ssl=1\",\"width\":997,\"height\":1198,\"caption\":\"Deutscher Tempelherren-Orden OMCT e.V.\"},\"image\":{\"@id\":\"https:\\\/\\\/tempelherrenorden.de\\\/cms\\\/#\\\/schema\\\/logo\\\/image\\\/\"},\"sameAs\":[\"https:\\\/\\\/www.facebook.com\\\/Deutscher-Tempelherren-Orden-OMCT-2054469481490772\\\/\"]},{\"@type\":\"Person\",\"@id\":\"https:\\\/\\\/tempelherrenorden.de\\\/cms\\\/#\\\/schema\\\/person\\\/c4b556c7412791f0ed2d6851086be4aa\",\"name\":\"Redaktion\",\"image\":{\"@type\":\"ImageObject\",\"inLanguage\":\"de\",\"@id\":\"https:\\\/\\\/secure.gravatar.com\\\/avatar\\\/4ed839132852af2d0905f18562e70ba28d4d5c2fa1196284813995a27f534319?s=96&d=mm&r=g\",\"url\":\"https:\\\/\\\/secure.gravatar.com\\\/avatar\\\/4ed839132852af2d0905f18562e70ba28d4d5c2fa1196284813995a27f534319?s=96&d=mm&r=g\",\"contentUrl\":\"https:\\\/\\\/secure.gravatar.com\\\/avatar\\\/4ed839132852af2d0905f18562e70ba28d4d5c2fa1196284813995a27f534319?s=96&d=mm&r=g\",\"caption\":\"Redaktion\"},\"url\":\"https:\\\/\\\/tempelherrenorden.de\\\/cms\\\/author\\\/redaktion\\\/\"}]}<\/script>\n<!-- \/ Yoast SEO plugin. -->","yoast_head_json":{"title":"\u201cGesegnet sei, der da kommt im Namen des Herrn\u201d &#8226; Deutscher Tempelherren-Orden","robots":{"index":"index","follow":"follow","max-snippet":"max-snippet:-1","max-image-preview":"max-image-preview:large","max-video-preview":"max-video-preview:-1"},"canonical":"https:\/\/tempelherrenorden.de\/cms\/gesegnet-sei-der-da-kommt-im-namen-des-herrn\/","og_locale":"de_DE","og_type":"article","og_title":"\u201cGesegnet sei, der da kommt im Namen des Herrn\u201d &#8226; Deutscher Tempelherren-Orden","og_description":"(Predigtgedanken zum Palmsonntag, Joh 12:12-16) Die Spannung des Palmsonntages Vielleicht ist uns das Brauchtum, sind uns die liturgischen Zeremonien des Palmsonntages schon allzu vertraut, als dass wir noch die Spannung wahrnehmen, welche diesen Sonntag pr\u00e4gt. Die Liturgie dieses Tages ist von einer gro\u00dfen Gegens\u00e4tzlichkeit bestimmt. Zum einen feiern wir den\u2026 Artikel lesen","og_url":"https:\/\/tempelherrenorden.de\/cms\/gesegnet-sei-der-da-kommt-im-namen-des-herrn\/","og_site_name":"Deutscher Tempelherren-Orden","article_publisher":"https:\/\/www.facebook.com\/Deutscher-Tempelherren-Orden-OMCT-2054469481490772\/","article_published_time":"2024-03-23T20:06:37+00:00","article_modified_time":"2024-03-23T20:06:38+00:00","author":"Redaktion","twitter_card":"summary_large_image","twitter_misc":{"Verfasst von":"Redaktion","Gesch\u00e4tzte Lesezeit":"5\u00a0Minuten"},"schema":{"@context":"https:\/\/schema.org","@graph":[{"@type":"Article","@id":"https:\/\/tempelherrenorden.de\/cms\/gesegnet-sei-der-da-kommt-im-namen-des-herrn\/#article","isPartOf":{"@id":"https:\/\/tempelherrenorden.de\/cms\/gesegnet-sei-der-da-kommt-im-namen-des-herrn\/"},"author":{"name":"Redaktion","@id":"https:\/\/tempelherrenorden.de\/cms\/#\/schema\/person\/c4b556c7412791f0ed2d6851086be4aa"},"headline":"\u201cGesegnet sei, der da kommt im Namen des Herrn\u201d","datePublished":"2024-03-23T20:06:37+00:00","dateModified":"2024-03-23T20:06:38+00:00","mainEntityOfPage":{"@id":"https:\/\/tempelherrenorden.de\/cms\/gesegnet-sei-der-da-kommt-im-namen-des-herrn\/"},"wordCount":860,"publisher":{"@id":"https:\/\/tempelherrenorden.de\/cms\/#organization"},"keywords":["Matthias David","Predigt","Tempelherren","Tempelritter","Templer"],"inLanguage":"de"},{"@type":"WebPage","@id":"https:\/\/tempelherrenorden.de\/cms\/gesegnet-sei-der-da-kommt-im-namen-des-herrn\/","url":"https:\/\/tempelherrenorden.de\/cms\/gesegnet-sei-der-da-kommt-im-namen-des-herrn\/","name":"\u201cGesegnet sei, der da kommt im Namen des Herrn\u201d &#8226; Deutscher Tempelherren-Orden","isPartOf":{"@id":"https:\/\/tempelherrenorden.de\/cms\/#website"},"datePublished":"2024-03-23T20:06:37+00:00","dateModified":"2024-03-23T20:06:38+00:00","breadcrumb":{"@id":"https:\/\/tempelherrenorden.de\/cms\/gesegnet-sei-der-da-kommt-im-namen-des-herrn\/#breadcrumb"},"inLanguage":"de","potentialAction":[{"@type":"ReadAction","target":["https:\/\/tempelherrenorden.de\/cms\/gesegnet-sei-der-da-kommt-im-namen-des-herrn\/"]}]},{"@type":"BreadcrumbList","@id":"https:\/\/tempelherrenorden.de\/cms\/gesegnet-sei-der-da-kommt-im-namen-des-herrn\/#breadcrumb","itemListElement":[{"@type":"ListItem","position":1,"name":"Startseite","item":"https:\/\/tempelherrenorden.de\/cms\/"},{"@type":"ListItem","position":2,"name":"\u201cGesegnet sei, der da kommt im Namen des Herrn\u201d"}]},{"@type":"WebSite","@id":"https:\/\/tempelherrenorden.de\/cms\/#website","url":"https:\/\/tempelherrenorden.de\/cms\/","name":"Deutscher Tempelherren-Orden","description":"","publisher":{"@id":"https:\/\/tempelherrenorden.de\/cms\/#organization"},"potentialAction":[{"@type":"SearchAction","target":{"@type":"EntryPoint","urlTemplate":"https:\/\/tempelherrenorden.de\/cms\/?s={search_term_string}"},"query-input":{"@type":"PropertyValueSpecification","valueRequired":true,"valueName":"search_term_string"}}],"inLanguage":"de"},{"@type":"Organization","@id":"https:\/\/tempelherrenorden.de\/cms\/#organization","name":"Deutscher Tempelherren-Orden OMCT e.V.","url":"https:\/\/tempelherrenorden.de\/cms\/","logo":{"@type":"ImageObject","inLanguage":"de","@id":"https:\/\/tempelherrenorden.de\/cms\/#\/schema\/logo\/image\/","url":"https:\/\/i0.wp.com\/tempelherrenorden.de\/cms\/wp-content\/uploads\/2018\/01\/OMCT-Wappen.jpg?fit=997%2C1198&ssl=1","contentUrl":"https:\/\/i0.wp.com\/tempelherrenorden.de\/cms\/wp-content\/uploads\/2018\/01\/OMCT-Wappen.jpg?fit=997%2C1198&ssl=1","width":997,"height":1198,"caption":"Deutscher Tempelherren-Orden OMCT e.V."},"image":{"@id":"https:\/\/tempelherrenorden.de\/cms\/#\/schema\/logo\/image\/"},"sameAs":["https:\/\/www.facebook.com\/Deutscher-Tempelherren-Orden-OMCT-2054469481490772\/"]},{"@type":"Person","@id":"https:\/\/tempelherrenorden.de\/cms\/#\/schema\/person\/c4b556c7412791f0ed2d6851086be4aa","name":"Redaktion","image":{"@type":"ImageObject","inLanguage":"de","@id":"https:\/\/secure.gravatar.com\/avatar\/4ed839132852af2d0905f18562e70ba28d4d5c2fa1196284813995a27f534319?s=96&d=mm&r=g","url":"https:\/\/secure.gravatar.com\/avatar\/4ed839132852af2d0905f18562e70ba28d4d5c2fa1196284813995a27f534319?s=96&d=mm&r=g","contentUrl":"https:\/\/secure.gravatar.com\/avatar\/4ed839132852af2d0905f18562e70ba28d4d5c2fa1196284813995a27f534319?s=96&d=mm&r=g","caption":"Redaktion"},"url":"https:\/\/tempelherrenorden.de\/cms\/author\/redaktion\/"}]}},"jetpack_featured_media_url":"","jetpack_shortlink":"https:\/\/wp.me\/p5yQvL-1j1","jetpack_sharing_enabled":true,"_links":{"self":[{"href":"https:\/\/tempelherrenorden.de\/cms\/wp-json\/wp\/v2\/posts\/5023","targetHints":{"allow":["GET"]}}],"collection":[{"href":"https:\/\/tempelherrenorden.de\/cms\/wp-json\/wp\/v2\/posts"}],"about":[{"href":"https:\/\/tempelherrenorden.de\/cms\/wp-json\/wp\/v2\/types\/post"}],"author":[{"embeddable":true,"href":"https:\/\/tempelherrenorden.de\/cms\/wp-json\/wp\/v2\/users\/10"}],"replies":[{"embeddable":true,"href":"https:\/\/tempelherrenorden.de\/cms\/wp-json\/wp\/v2\/comments?post=5023"}],"version-history":[{"count":1,"href":"https:\/\/tempelherrenorden.de\/cms\/wp-json\/wp\/v2\/posts\/5023\/revisions"}],"predecessor-version":[{"id":5024,"href":"https:\/\/tempelherrenorden.de\/cms\/wp-json\/wp\/v2\/posts\/5023\/revisions\/5024"}],"wp:attachment":[{"href":"https:\/\/tempelherrenorden.de\/cms\/wp-json\/wp\/v2\/media?parent=5023"}],"wp:term":[{"taxonomy":"category","embeddable":true,"href":"https:\/\/tempelherrenorden.de\/cms\/wp-json\/wp\/v2\/categories?post=5023"},{"taxonomy":"post_tag","embeddable":true,"href":"https:\/\/tempelherrenorden.de\/cms\/wp-json\/wp\/v2\/tags?post=5023"}],"curies":[{"name":"wp","href":"https:\/\/api.w.org\/{rel}","templated":true}]}}