{"id":5037,"date":"2024-02-14T21:03:55","date_gmt":"2024-02-14T20:03:55","guid":{"rendered":"https:\/\/tempelherrenorden.de\/cms\/?p=5037"},"modified":"2024-04-14T21:06:04","modified_gmt":"2024-04-14T19:06:04","slug":"fastenzeit-2024-zeit-des-nachdenkens-und-der-besinnung-osterfest-2024-ostergruesse","status":"publish","type":"post","link":"https:\/\/tempelherrenorden.de\/cms\/fastenzeit-2024-zeit-des-nachdenkens-und-der-besinnung-osterfest-2024-ostergruesse\/","title":{"rendered":"Fastenzeit 2024, Zeit des Nachdenkens und der Besinnung; Osterfest 2024, Ostergr\u00fc\u00dfe"},"content":{"rendered":"\n<!--more-->\n\n\n\n<p class=\"wp-block-paragraph\"><strong>Nachdenkliches (nicht nur) zur Fastenzeit:<\/strong><\/p>\n\n\n\n<p class=\"wp-block-paragraph\">Und der Mensch hei\u00dft Mensch, weil er irrt und weil er k\u00e4mpft, und weil er hofft und liebt, weil er mitf\u00fchlt und vergibt. Und weil er lacht, und weil er lebt&#8230;. &nbsp; (Herbert Gr\u00f6nemeyer, &#8222;Mensch&#8220;)<\/p>\n\n\n\n<p class=\"wp-block-paragraph\">Es gibt viel Ungeheuerliches, doch nichts ist ungeheuerlicher als der Mensch. (Sophokles, &#8222;Antigone&#8220;)<\/p>\n\n\n\n<p class=\"wp-block-paragraph\">Ich bin ein Mensch, nichts Menschliches ist mir fremd &nbsp; (Terenz, &#8222;Heauton Timorumenos &#8211; Der Selbstqu\u00e4ler&#8220;)<\/p>\n\n\n\n<p class=\"wp-block-paragraph\">Der Mensch ist das Ma\u00df aller Dinge, der seienden, da\u00df sie sind, der nichtseienden, da\u00df sie nicht sind. (Protagoras)<\/p>\n\n\n\n<p class=\"wp-block-paragraph\">Edel sei der Mensch, hilfreich und gut! Denn das allein unterscheidet ihn von allen Wesen, die wir kennen. (Johann Wolfgang von Goethe)<\/p>\n\n\n\n<p class=\"wp-block-paragraph\">Der Mensch is guad, de Leit&#8216; san schlecht! &nbsp;(Karl Valentin)<\/p>\n\n\n\n<p class=\"wp-block-paragraph\">Ich kehre habgieriger zur\u00fcck, ehrs\u00fcchtiger, sinnlicher, ja grausamer sogar und unmenschlicher, weil ich unter Menschen war. &nbsp;(Seneca, &#8222;Epistules molares ad Lucilium&#8220;)<\/p>\n\n\n\n<p class=\"wp-block-paragraph\">Ich suche einen Menschen. (Diogenes von Sinope)<\/p>\n\n\n\n<p class=\"wp-block-paragraph\">Mach&#8217;s wie Gott, werde Mensch. (Bischof Franz Kamphaus).<\/p>\n\n\n\n<p class=\"wp-block-paragraph\">Ein Freund ist jemand, der deinen kaputten Zaun \u00fcbersieht, aber die Blumen deines Gartens bewundert. (Wilhelm Raabe, dt. Schriftsteller und Zeichner; 1831 &#8211; 1910)<\/p>\n\n\n\n<p class=\"wp-block-paragraph\">Ein guter Mensch ist der, der sein Kinderherz nicht verloren hat. (Meng-Tse; chin. Philosoph; 372 &#8211; 289 v. Chr.)<\/p>\n\n\n\n<p class=\"wp-block-paragraph\">Alle denken nur dar\u00fcber nach, wie man die Menschheit \u00e4ndern k\u00f6nnte, doch niemand denkt daran, sich selbst zu \u00e4ndern. (Leo N. Tolstoi, russ. Schriftsteller, 1828 &#8211; 1910).<\/p>\n\n\n\n<p class=\"wp-block-paragraph\">Alles, was wir f\u00fcr uns selbst tun, tun wir auch f\u00fcr andere, und alles, was wir f\u00fcr andere tun, tun wir auch f\u00fcr uns selbst (Thich Nhat Hanh, vietn. M\u00f6nch und Lyriker, 1926 &#8211; 2022).<\/p>\n\n\n\n<p class=\"wp-block-paragraph\">Die Freundschaft mit sich selbst ist ganz wichtig, weil man ohne sie mit keinem anderen Menschen auf der Welt befreundet sein kann (Eleanor Roosevelt, ehem. amerik. First Lady, 1884 &#8211; 1962)<\/p>\n\n\n\n<p class=\"wp-block-paragraph\">Ich habe mich f\u00fcr die Liebe entschieden. Ha\u00df ist mir eine zu schwere B\u00fcrde. (Martin Luther &nbsp;King, amerik. Pastor und B\u00fcrgerrechtler, 1929 &#8211; 1968)<\/p>\n\n\n\n<p class=\"wp-block-paragraph\">Wir haben gelernt, wie die V\u00f6gel zu fliegen, wie die Fische zu schwimmen; doch wir haben die einfache Kunst verlernt, wie Br\u00fcder zu leben. (Martin Luther &nbsp;King, amerik. Pastor und B\u00fcrgerrechtler, 1929 &#8211; 1968)<\/p>\n\n\n\n<p class=\"wp-block-paragraph\">Die dr\u00e4ngendste und wichtigste Frage des Lebens ist, &#8222;Was k\u00f6nnen wir f\u00fcr andere tun?&#8220; Martin Luther &nbsp;King, amerik. Pastor und B\u00fcrgerrechtler, 1929 &#8211; 1968).<\/p>\n\n\n\n<p class=\"wp-block-paragraph\">Ich bin Pessimist f\u00fcr die Gegenwart, aber Optimist f\u00fcr die Zukunft. (Wilhelm Busch; 1832 &#8211; 1908).<\/p>\n\n\n\n<p class=\"wp-block-paragraph\"><\/p>\n\n\n\n<p class=\"wp-block-paragraph\"><strong>Bitte wenden!&nbsp;<\/strong><\/p>\n\n\n\n<p class=\"wp-block-paragraph\">Bitte wenden! Wir kennen diese freundlichen Worte vom Navigationsger\u00e4t, das uns zum Umkehren auffordert. Aber umkehren kann man ja eigentlich nur, wenn man sich schon auf den Weg gemacht hat und dann erkennen mu\u00df, da\u00df man sich verfahren hat. Das hei\u00dft aber auch, da\u00df eigentlich nur derjenige umkehren kann, der schon einmal aufgebrochen ist, das Risiko des Weges auf sich genommen hat, etwas probiert hat. Selbst auf die Gefahr hin, da\u00df man manchmal auch den falschen Weg w\u00e4hlt. Und das ist f\u00fcr mich das, was Fastenzeit meint: Aufstehen aus Resignation und Hoffnungslosigkeit, Vorurteilen und \u00c4ngsten und vielem anderen, was Leben beschwert und belastet. Trotz immer noch Abstand halten das Gemeinsame f\u00f6rdern. Und auch, dass die Kirche sich zu l\u00e4ngst \u00fcberf\u00e4lligen Reformen durchringt. Das w\u00e4re etwas Mutmachendes. Wenn Ostern der Sieg des Lebens \u00fcber den Tod ist, dann sind diese Wochen die Zeit, genau dies einzu\u00fcben. Dann ist dies die Zeit, uns bewu\u00dft zu machen, wo und wie wir uns \u201eeingerichtet\u201c haben, um erfolgreich den Aufbruch zu verhindern. Dann sind diese Wochen die Einladung, im Vertrauen auf den Gott, der das Leben will, aufzubrechen und das Leben zu suchen.&nbsp;<\/p>\n\n\n\n<p class=\"wp-block-paragraph\">Also, wer bisher noch den \u201ealten\u201c Weg geht &#8211; bitte wenden! &nbsp; &nbsp; &nbsp;(Hermann Becker)<\/p>\n\n\n\n<p class=\"wp-block-paragraph\"><\/p>\n\n\n\n<p class=\"wp-block-paragraph\">Liebe Ordensschwestern, liebe Ordensbr\u00fcder, liebe Postulantinnen, liebe Postulanten,&nbsp;<\/p>\n\n\n\n<p class=\"wp-block-paragraph\">liebe Freunde und F\u00f6rderer unseres Ordens, \u00a0liebe Ordensgeschwister,<\/p>\n\n\n\n<p class=\"wp-block-paragraph\"><\/p>\n\n\n\n<p class=\"wp-block-paragraph\">es gibt zu viele Scharfmacher.&nbsp;<\/p>\n\n\n\n<p class=\"wp-block-paragraph\">Wir sind umgeben von scharfen Worten. Da p\u00f6belt der Mob auf der Stra\u00dfe (abzugrenzen von friedlichen Demos!). Da h\u00f6ren wir ersch\u00fctternde Nachrichten von Entf\u00fchrten, von Verletzten, von Toten. Nachrichten, die Stimmung erzeugen und dann stellt sich heraus: Stimmt gar nicht oder nicht in dem Umfang! Aber die Worte bleiben in der Welt, auf dem Server, im Ged\u00e4chtnis und erzeugen Gef\u00fchle. Und die wirklichen Opfer von Gewalt, hilft es ihnen, wenn zuk\u00fcnftig noch mehr der Wahrheitsgehalt ihrer Geschichte hinterfragt wird? Und die vermeintlichen T\u00e4ter, die dann doch keine waren?<\/p>\n\n\n\n<p class=\"wp-block-paragraph\">Und wenn wir uns ungerecht oder falsch behandelt f\u00fchlen, dann ist das doch auch ein N\u00e4hrboden f\u00fcr die Verurteilung, Verachtung des Anderen, sogar teils f\u00fcr Ha\u00df.<\/p>\n\n\n\n<p class=\"wp-block-paragraph\">Ha\u00df aber ist das Gegenteil von Gott. Es hilft uns nicht, uns auf Recht und unser Gerechtigkeitsgef\u00fchl zu verlassen. Ha\u00df ist nicht konstruktiv, er ist stets destruktiv. Er l\u00f6st keine Probleme, er ist zerst\u00f6rerisch!&nbsp;<\/p>\n\n\n\n<p class=\"wp-block-paragraph\">Politisch aufgebauter Ha\u00df hat dazu gef\u00fchrt, da\u00df Gewalt zum legitimen politischen Mittel werden konnte. Haben wir nicht daraus gelernt, wozu Ha\u00df f\u00fchren kann? Ha\u00df ist, sogar wenn er gerechtfertigt erscheint, niemals hilfreich. Und unsere Geschichte, und unsere christliche Religion nehmen jeden von uns in die Verantwortung.<\/p>\n\n\n\n<p class=\"wp-block-paragraph\">Das Wort Gottes aber ist das Wort des Lebens.&nbsp;<\/p>\n\n\n\n<p class=\"wp-block-paragraph\">Es ist das Wort der Liebe. Das Wort der Wunder. Das Wort der Weisheit. Das Wort vom Kreuz.<\/p>\n\n\n\n<p class=\"wp-block-paragraph\">Als getaufte und gefirmte Christen, als Menschen, die sich auf Jesus Christus eingelassen haben und bereit sind, ihn durch unser Dasein zu bezeugen, ist es unsere Aufgabe, Botschafter der Hoffnung zu sein, die uns Tod und Auferstehung Jesu Christi schenken, in einer Welt voller bedrohlicher Entwicklungen.<\/p>\n\n\n\n<p class=\"wp-block-paragraph\">Ich w\u00fcnsche Ihnen \/ Euch eine Zeit der Vorbereitung auf Ostern, die Sie \/ Euch ermutigt, der Botschaft der Auferstehung zu trauen und ein Osterfest, das Sie \/ Euch darin best\u00e4rkt, aus dieser Hoffnung zu leben und zu handeln.&nbsp;<\/p>\n\n\n\n<p class=\"wp-block-paragraph\"><\/p>\n\n\n\n<p class=\"wp-block-paragraph\"><strong>&#8222;\u00dcberla\u00df es der Zeit&#8220; &nbsp;von Theodor Fontane<\/strong><\/p>\n\n\n\n<p class=\"wp-block-paragraph\">Erscheint dir etwas unerh\u00f6rt,<br \/>Bist du tiefsten Herzens emp\u00f6rt,<br \/>B\u00e4ume nicht auf, versuch\u2032 s nicht mit Streit,<br \/>Ber\u00fchr es nicht, \u00fcberla\u00df es der Zeit.<br \/>Am ersten Tag wirst du feige dich schelten,<br \/>Am zweiten l\u00e4\u00dft du dein Schweigen schon gelten,<br \/>Am dritten hast du\u2032 s \u00fcberwunden,<br \/>Alles ist wichtig nur auf Stunden,<br \/>\u00c4rger ist Zehrer und Lebensvergifter,<br \/>Zeit ist Balsam und Friedensstifter.&nbsp;<\/p>\n\n\n\n<p class=\"wp-block-paragraph\"><\/p>\n\n\n\n<p class=\"wp-block-paragraph\">Euch liebe Ordensgeschwister und Euren Familien w\u00fcnsche ich ein frohes Osterfest und Gottes reichen Segen.<\/p>\n\n\n\n<p class=\"wp-block-paragraph\">Dir lieber Ordensbruder Wolfgang und Deinen Ordensgeschwistern und Euren Familien ein frohes Osterfest und Gottes reichen Segen.<\/p>\n\n\n\n<p class=\"wp-block-paragraph\">Dir lieber Ordensbruder G\u00fcnther ein frohes Osterfest und Gottes reichen Segen<\/p>\n\n\n\n<p class=\"wp-block-paragraph\"><\/p>\n\n\n\n<p class=\"wp-block-paragraph\">NND<\/p>\n\n\n\n<p class=\"wp-block-paragraph\">Mit templerischen \/ ordensb\u00fcrderlichen Gr\u00fc\u00dfen<\/p>\n\n\n\n<p class=\"wp-block-paragraph\">Euer&nbsp;s\u00fcdlichster Ordensbruder&nbsp;Klaus &#8211; Komtur &#8211;&nbsp;Komturei Johanna-von-Orl\u00e9ans,<\/p>\n\n\n\n<p class=\"wp-block-paragraph\">Deutscher Tempelherren-Orden, ORDO MILITIAE CRUCIS TEMPLI (OMCT) &nbsp;&nbsp;<\/p>\n\n\n\n<p class=\"wp-block-paragraph\"><\/p>\n\n\n\n<p class=\"wp-block-paragraph\">Ordensdevise &nbsp; Psalm 115, Vers 1<\/p>\n\n\n\n<p class=\"wp-block-paragraph\">&#8222;NON NOBIS; DOMINE; NON NOBIS; SED NOMINI TUO DA GLORIAM&#8220;<\/p>\n\n\n\n<p class=\"wp-block-paragraph\">&#8222;NICHT UNS; HERR; NICHT UNS; SONDERN DEINEM NAMEN GIB EHRE&#8220;<\/p>\n\n\n\n<p class=\"wp-block-paragraph\"><\/p>\n\n\n\n<p class=\"wp-block-paragraph\">Klaus Kunerl<\/p>\n","protected":false},"excerpt":{"rendered":"<p> <a class=\"continue-reading-link\" href=\"https:\/\/tempelherrenorden.de\/cms\/fastenzeit-2024-zeit-des-nachdenkens-und-der-besinnung-osterfest-2024-ostergruesse\/\"><span>Artikel lesen<\/span><i class=\"crycon-right-dir\"><\/i><\/a> <\/p>\n","protected":false},"author":10,"featured_media":0,"comment_status":"closed","ping_status":"closed","sticky":false,"template":"","format":"standard","meta":{"_crdt_document":"","jetpack_post_was_ever_published":false,"_jetpack_newsletter_access":"","_jetpack_dont_email_post_to_subs":false,"_jetpack_newsletter_tier_id":0,"_jetpack_memberships_contains_paywalled_content":false,"_jetpack_memberships_contains_paid_content":false,"footnotes":""},"categories":[1,38],"tags":[63,45,44],"class_list":["post-5037","post","type-post","status-publish","format-standard","hentry","category-allgemein","category-johanna","tag-tempelherren","tag-tempelritter","tag-templer"],"yoast_head":"<!-- This site is optimized with the Yoast SEO plugin v27.4 - https:\/\/yoast.com\/product\/yoast-seo-wordpress\/ -->\n<title>Fastenzeit 2024, Zeit des Nachdenkens und der Besinnung; Osterfest 2024, Ostergr\u00fc\u00dfe &#8226; Deutscher Tempelherren-Orden<\/title>\n<meta name=\"robots\" content=\"index, follow, max-snippet:-1, max-image-preview:large, max-video-preview:-1\" \/>\n<link rel=\"canonical\" href=\"https:\/\/tempelherrenorden.de\/cms\/fastenzeit-2024-zeit-des-nachdenkens-und-der-besinnung-osterfest-2024-ostergruesse\/\" \/>\n<meta property=\"og:locale\" content=\"de_DE\" \/>\n<meta property=\"og:type\" content=\"article\" \/>\n<meta property=\"og:title\" content=\"Fastenzeit 2024, Zeit des Nachdenkens und der Besinnung; Osterfest 2024, Ostergr\u00fc\u00dfe &#8226; Deutscher Tempelherren-Orden\" \/>\n<meta property=\"og:description\" content=\"Artikel lesen\" \/>\n<meta property=\"og:url\" content=\"https:\/\/tempelherrenorden.de\/cms\/fastenzeit-2024-zeit-des-nachdenkens-und-der-besinnung-osterfest-2024-ostergruesse\/\" \/>\n<meta property=\"og:site_name\" content=\"Deutscher Tempelherren-Orden\" \/>\n<meta property=\"article:publisher\" content=\"https:\/\/www.facebook.com\/Deutscher-Tempelherren-Orden-OMCT-2054469481490772\/\" \/>\n<meta property=\"article:published_time\" content=\"2024-02-14T20:03:55+00:00\" \/>\n<meta property=\"article:modified_time\" content=\"2024-04-14T19:06:04+00:00\" \/>\n<meta name=\"author\" content=\"Redaktion\" \/>\n<meta name=\"twitter:card\" content=\"summary_large_image\" \/>\n<meta name=\"twitter:label1\" content=\"Verfasst von\" \/>\n\t<meta name=\"twitter:data1\" content=\"Redaktion\" \/>\n\t<meta name=\"twitter:label2\" content=\"Gesch\u00e4tzte Lesezeit\" \/>\n\t<meta name=\"twitter:data2\" content=\"6\u00a0Minuten\" \/>\n<script type=\"application\/ld+json\" class=\"yoast-schema-graph\">{\"@context\":\"https:\\\/\\\/schema.org\",\"@graph\":[{\"@type\":\"Article\",\"@id\":\"https:\\\/\\\/tempelherrenorden.de\\\/cms\\\/fastenzeit-2024-zeit-des-nachdenkens-und-der-besinnung-osterfest-2024-ostergruesse\\\/#article\",\"isPartOf\":{\"@id\":\"https:\\\/\\\/tempelherrenorden.de\\\/cms\\\/fastenzeit-2024-zeit-des-nachdenkens-und-der-besinnung-osterfest-2024-ostergruesse\\\/\"},\"author\":{\"name\":\"Redaktion\",\"@id\":\"https:\\\/\\\/tempelherrenorden.de\\\/cms\\\/#\\\/schema\\\/person\\\/c4b556c7412791f0ed2d6851086be4aa\"},\"headline\":\"Fastenzeit 2024, Zeit des Nachdenkens und der Besinnung; Osterfest 2024, Ostergr\u00fc\u00dfe\",\"datePublished\":\"2024-02-14T20:03:55+00:00\",\"dateModified\":\"2024-04-14T19:06:04+00:00\",\"mainEntityOfPage\":{\"@id\":\"https:\\\/\\\/tempelherrenorden.de\\\/cms\\\/fastenzeit-2024-zeit-des-nachdenkens-und-der-besinnung-osterfest-2024-ostergruesse\\\/\"},\"wordCount\":1159,\"publisher\":{\"@id\":\"https:\\\/\\\/tempelherrenorden.de\\\/cms\\\/#organization\"},\"keywords\":[\"Tempelherren\",\"Tempelritter\",\"Templer\"],\"articleSection\":{\"1\":\"Komturei Johanna von Orl\u00e9ans\"},\"inLanguage\":\"de\"},{\"@type\":\"WebPage\",\"@id\":\"https:\\\/\\\/tempelherrenorden.de\\\/cms\\\/fastenzeit-2024-zeit-des-nachdenkens-und-der-besinnung-osterfest-2024-ostergruesse\\\/\",\"url\":\"https:\\\/\\\/tempelherrenorden.de\\\/cms\\\/fastenzeit-2024-zeit-des-nachdenkens-und-der-besinnung-osterfest-2024-ostergruesse\\\/\",\"name\":\"Fastenzeit 2024, Zeit des Nachdenkens und der Besinnung; Osterfest 2024, Ostergr\u00fc\u00dfe &#8226; Deutscher Tempelherren-Orden\",\"isPartOf\":{\"@id\":\"https:\\\/\\\/tempelherrenorden.de\\\/cms\\\/#website\"},\"datePublished\":\"2024-02-14T20:03:55+00:00\",\"dateModified\":\"2024-04-14T19:06:04+00:00\",\"breadcrumb\":{\"@id\":\"https:\\\/\\\/tempelherrenorden.de\\\/cms\\\/fastenzeit-2024-zeit-des-nachdenkens-und-der-besinnung-osterfest-2024-ostergruesse\\\/#breadcrumb\"},\"inLanguage\":\"de\",\"potentialAction\":[{\"@type\":\"ReadAction\",\"target\":[\"https:\\\/\\\/tempelherrenorden.de\\\/cms\\\/fastenzeit-2024-zeit-des-nachdenkens-und-der-besinnung-osterfest-2024-ostergruesse\\\/\"]}]},{\"@type\":\"BreadcrumbList\",\"@id\":\"https:\\\/\\\/tempelherrenorden.de\\\/cms\\\/fastenzeit-2024-zeit-des-nachdenkens-und-der-besinnung-osterfest-2024-ostergruesse\\\/#breadcrumb\",\"itemListElement\":[{\"@type\":\"ListItem\",\"position\":1,\"name\":\"Startseite\",\"item\":\"https:\\\/\\\/tempelherrenorden.de\\\/cms\\\/\"},{\"@type\":\"ListItem\",\"position\":2,\"name\":\"Fastenzeit 2024, Zeit des Nachdenkens und der Besinnung; Osterfest 2024, Ostergr\u00fc\u00dfe\"}]},{\"@type\":\"WebSite\",\"@id\":\"https:\\\/\\\/tempelherrenorden.de\\\/cms\\\/#website\",\"url\":\"https:\\\/\\\/tempelherrenorden.de\\\/cms\\\/\",\"name\":\"Deutscher Tempelherren-Orden\",\"description\":\"\",\"publisher\":{\"@id\":\"https:\\\/\\\/tempelherrenorden.de\\\/cms\\\/#organization\"},\"potentialAction\":[{\"@type\":\"SearchAction\",\"target\":{\"@type\":\"EntryPoint\",\"urlTemplate\":\"https:\\\/\\\/tempelherrenorden.de\\\/cms\\\/?s={search_term_string}\"},\"query-input\":{\"@type\":\"PropertyValueSpecification\",\"valueRequired\":true,\"valueName\":\"search_term_string\"}}],\"inLanguage\":\"de\"},{\"@type\":\"Organization\",\"@id\":\"https:\\\/\\\/tempelherrenorden.de\\\/cms\\\/#organization\",\"name\":\"Deutscher Tempelherren-Orden OMCT e.V.\",\"url\":\"https:\\\/\\\/tempelherrenorden.de\\\/cms\\\/\",\"logo\":{\"@type\":\"ImageObject\",\"inLanguage\":\"de\",\"@id\":\"https:\\\/\\\/tempelherrenorden.de\\\/cms\\\/#\\\/schema\\\/logo\\\/image\\\/\",\"url\":\"https:\\\/\\\/i0.wp.com\\\/tempelherrenorden.de\\\/cms\\\/wp-content\\\/uploads\\\/2018\\\/01\\\/OMCT-Wappen.jpg?fit=997%2C1198&ssl=1\",\"contentUrl\":\"https:\\\/\\\/i0.wp.com\\\/tempelherrenorden.de\\\/cms\\\/wp-content\\\/uploads\\\/2018\\\/01\\\/OMCT-Wappen.jpg?fit=997%2C1198&ssl=1\",\"width\":997,\"height\":1198,\"caption\":\"Deutscher Tempelherren-Orden OMCT e.V.\"},\"image\":{\"@id\":\"https:\\\/\\\/tempelherrenorden.de\\\/cms\\\/#\\\/schema\\\/logo\\\/image\\\/\"},\"sameAs\":[\"https:\\\/\\\/www.facebook.com\\\/Deutscher-Tempelherren-Orden-OMCT-2054469481490772\\\/\"]},{\"@type\":\"Person\",\"@id\":\"https:\\\/\\\/tempelherrenorden.de\\\/cms\\\/#\\\/schema\\\/person\\\/c4b556c7412791f0ed2d6851086be4aa\",\"name\":\"Redaktion\",\"image\":{\"@type\":\"ImageObject\",\"inLanguage\":\"de\",\"@id\":\"https:\\\/\\\/secure.gravatar.com\\\/avatar\\\/4ed839132852af2d0905f18562e70ba28d4d5c2fa1196284813995a27f534319?s=96&d=mm&r=g\",\"url\":\"https:\\\/\\\/secure.gravatar.com\\\/avatar\\\/4ed839132852af2d0905f18562e70ba28d4d5c2fa1196284813995a27f534319?s=96&d=mm&r=g\",\"contentUrl\":\"https:\\\/\\\/secure.gravatar.com\\\/avatar\\\/4ed839132852af2d0905f18562e70ba28d4d5c2fa1196284813995a27f534319?s=96&d=mm&r=g\",\"caption\":\"Redaktion\"},\"url\":\"https:\\\/\\\/tempelherrenorden.de\\\/cms\\\/author\\\/redaktion\\\/\"}]}<\/script>\n<!-- \/ Yoast SEO plugin. -->","yoast_head_json":{"title":"Fastenzeit 2024, Zeit des Nachdenkens und der Besinnung; Osterfest 2024, Ostergr\u00fc\u00dfe &#8226; Deutscher Tempelherren-Orden","robots":{"index":"index","follow":"follow","max-snippet":"max-snippet:-1","max-image-preview":"max-image-preview:large","max-video-preview":"max-video-preview:-1"},"canonical":"https:\/\/tempelherrenorden.de\/cms\/fastenzeit-2024-zeit-des-nachdenkens-und-der-besinnung-osterfest-2024-ostergruesse\/","og_locale":"de_DE","og_type":"article","og_title":"Fastenzeit 2024, Zeit des Nachdenkens und der Besinnung; Osterfest 2024, Ostergr\u00fc\u00dfe &#8226; Deutscher Tempelherren-Orden","og_description":"Artikel lesen","og_url":"https:\/\/tempelherrenorden.de\/cms\/fastenzeit-2024-zeit-des-nachdenkens-und-der-besinnung-osterfest-2024-ostergruesse\/","og_site_name":"Deutscher Tempelherren-Orden","article_publisher":"https:\/\/www.facebook.com\/Deutscher-Tempelherren-Orden-OMCT-2054469481490772\/","article_published_time":"2024-02-14T20:03:55+00:00","article_modified_time":"2024-04-14T19:06:04+00:00","author":"Redaktion","twitter_card":"summary_large_image","twitter_misc":{"Verfasst von":"Redaktion","Gesch\u00e4tzte Lesezeit":"6\u00a0Minuten"},"schema":{"@context":"https:\/\/schema.org","@graph":[{"@type":"Article","@id":"https:\/\/tempelherrenorden.de\/cms\/fastenzeit-2024-zeit-des-nachdenkens-und-der-besinnung-osterfest-2024-ostergruesse\/#article","isPartOf":{"@id":"https:\/\/tempelherrenorden.de\/cms\/fastenzeit-2024-zeit-des-nachdenkens-und-der-besinnung-osterfest-2024-ostergruesse\/"},"author":{"name":"Redaktion","@id":"https:\/\/tempelherrenorden.de\/cms\/#\/schema\/person\/c4b556c7412791f0ed2d6851086be4aa"},"headline":"Fastenzeit 2024, Zeit des Nachdenkens und der Besinnung; Osterfest 2024, Ostergr\u00fc\u00dfe","datePublished":"2024-02-14T20:03:55+00:00","dateModified":"2024-04-14T19:06:04+00:00","mainEntityOfPage":{"@id":"https:\/\/tempelherrenorden.de\/cms\/fastenzeit-2024-zeit-des-nachdenkens-und-der-besinnung-osterfest-2024-ostergruesse\/"},"wordCount":1159,"publisher":{"@id":"https:\/\/tempelherrenorden.de\/cms\/#organization"},"keywords":["Tempelherren","Tempelritter","Templer"],"articleSection":{"1":"Komturei Johanna von Orl\u00e9ans"},"inLanguage":"de"},{"@type":"WebPage","@id":"https:\/\/tempelherrenorden.de\/cms\/fastenzeit-2024-zeit-des-nachdenkens-und-der-besinnung-osterfest-2024-ostergruesse\/","url":"https:\/\/tempelherrenorden.de\/cms\/fastenzeit-2024-zeit-des-nachdenkens-und-der-besinnung-osterfest-2024-ostergruesse\/","name":"Fastenzeit 2024, Zeit des Nachdenkens und der Besinnung; Osterfest 2024, Ostergr\u00fc\u00dfe &#8226; Deutscher Tempelherren-Orden","isPartOf":{"@id":"https:\/\/tempelherrenorden.de\/cms\/#website"},"datePublished":"2024-02-14T20:03:55+00:00","dateModified":"2024-04-14T19:06:04+00:00","breadcrumb":{"@id":"https:\/\/tempelherrenorden.de\/cms\/fastenzeit-2024-zeit-des-nachdenkens-und-der-besinnung-osterfest-2024-ostergruesse\/#breadcrumb"},"inLanguage":"de","potentialAction":[{"@type":"ReadAction","target":["https:\/\/tempelherrenorden.de\/cms\/fastenzeit-2024-zeit-des-nachdenkens-und-der-besinnung-osterfest-2024-ostergruesse\/"]}]},{"@type":"BreadcrumbList","@id":"https:\/\/tempelherrenorden.de\/cms\/fastenzeit-2024-zeit-des-nachdenkens-und-der-besinnung-osterfest-2024-ostergruesse\/#breadcrumb","itemListElement":[{"@type":"ListItem","position":1,"name":"Startseite","item":"https:\/\/tempelherrenorden.de\/cms\/"},{"@type":"ListItem","position":2,"name":"Fastenzeit 2024, Zeit des Nachdenkens und der Besinnung; Osterfest 2024, Ostergr\u00fc\u00dfe"}]},{"@type":"WebSite","@id":"https:\/\/tempelherrenorden.de\/cms\/#website","url":"https:\/\/tempelherrenorden.de\/cms\/","name":"Deutscher Tempelherren-Orden","description":"","publisher":{"@id":"https:\/\/tempelherrenorden.de\/cms\/#organization"},"potentialAction":[{"@type":"SearchAction","target":{"@type":"EntryPoint","urlTemplate":"https:\/\/tempelherrenorden.de\/cms\/?s={search_term_string}"},"query-input":{"@type":"PropertyValueSpecification","valueRequired":true,"valueName":"search_term_string"}}],"inLanguage":"de"},{"@type":"Organization","@id":"https:\/\/tempelherrenorden.de\/cms\/#organization","name":"Deutscher Tempelherren-Orden OMCT e.V.","url":"https:\/\/tempelherrenorden.de\/cms\/","logo":{"@type":"ImageObject","inLanguage":"de","@id":"https:\/\/tempelherrenorden.de\/cms\/#\/schema\/logo\/image\/","url":"https:\/\/i0.wp.com\/tempelherrenorden.de\/cms\/wp-content\/uploads\/2018\/01\/OMCT-Wappen.jpg?fit=997%2C1198&ssl=1","contentUrl":"https:\/\/i0.wp.com\/tempelherrenorden.de\/cms\/wp-content\/uploads\/2018\/01\/OMCT-Wappen.jpg?fit=997%2C1198&ssl=1","width":997,"height":1198,"caption":"Deutscher Tempelherren-Orden OMCT e.V."},"image":{"@id":"https:\/\/tempelherrenorden.de\/cms\/#\/schema\/logo\/image\/"},"sameAs":["https:\/\/www.facebook.com\/Deutscher-Tempelherren-Orden-OMCT-2054469481490772\/"]},{"@type":"Person","@id":"https:\/\/tempelherrenorden.de\/cms\/#\/schema\/person\/c4b556c7412791f0ed2d6851086be4aa","name":"Redaktion","image":{"@type":"ImageObject","inLanguage":"de","@id":"https:\/\/secure.gravatar.com\/avatar\/4ed839132852af2d0905f18562e70ba28d4d5c2fa1196284813995a27f534319?s=96&d=mm&r=g","url":"https:\/\/secure.gravatar.com\/avatar\/4ed839132852af2d0905f18562e70ba28d4d5c2fa1196284813995a27f534319?s=96&d=mm&r=g","contentUrl":"https:\/\/secure.gravatar.com\/avatar\/4ed839132852af2d0905f18562e70ba28d4d5c2fa1196284813995a27f534319?s=96&d=mm&r=g","caption":"Redaktion"},"url":"https:\/\/tempelherrenorden.de\/cms\/author\/redaktion\/"}]}},"jetpack_featured_media_url":"","jetpack_shortlink":"https:\/\/wp.me\/p5yQvL-1jf","jetpack_sharing_enabled":true,"_links":{"self":[{"href":"https:\/\/tempelherrenorden.de\/cms\/wp-json\/wp\/v2\/posts\/5037","targetHints":{"allow":["GET"]}}],"collection":[{"href":"https:\/\/tempelherrenorden.de\/cms\/wp-json\/wp\/v2\/posts"}],"about":[{"href":"https:\/\/tempelherrenorden.de\/cms\/wp-json\/wp\/v2\/types\/post"}],"author":[{"embeddable":true,"href":"https:\/\/tempelherrenorden.de\/cms\/wp-json\/wp\/v2\/users\/10"}],"replies":[{"embeddable":true,"href":"https:\/\/tempelherrenorden.de\/cms\/wp-json\/wp\/v2\/comments?post=5037"}],"version-history":[{"count":1,"href":"https:\/\/tempelherrenorden.de\/cms\/wp-json\/wp\/v2\/posts\/5037\/revisions"}],"predecessor-version":[{"id":5038,"href":"https:\/\/tempelherrenorden.de\/cms\/wp-json\/wp\/v2\/posts\/5037\/revisions\/5038"}],"wp:attachment":[{"href":"https:\/\/tempelherrenorden.de\/cms\/wp-json\/wp\/v2\/media?parent=5037"}],"wp:term":[{"taxonomy":"category","embeddable":true,"href":"https:\/\/tempelherrenorden.de\/cms\/wp-json\/wp\/v2\/categories?post=5037"},{"taxonomy":"post_tag","embeddable":true,"href":"https:\/\/tempelherrenorden.de\/cms\/wp-json\/wp\/v2\/tags?post=5037"}],"curies":[{"name":"wp","href":"https:\/\/api.w.org\/{rel}","templated":true}]}}