{"id":5088,"date":"2024-08-20T15:51:42","date_gmt":"2024-08-20T13:51:42","guid":{"rendered":"https:\/\/tempelherrenorden.de\/cms\/?p=5088"},"modified":"2024-08-20T15:51:44","modified_gmt":"2024-08-20T13:51:44","slug":"sommer-und-urlaubgruesse-2024","status":"publish","type":"post","link":"https:\/\/tempelherrenorden.de\/cms\/sommer-und-urlaubgruesse-2024\/","title":{"rendered":"Sommer- und Urlaubgr\u00fc\u00dfe\u00a02024"},"content":{"rendered":"\n<p class=\"wp-block-paragraph\">Die Natur ist ein Brief Gottes an die Menschheit. Platon<br \/>Tief in ihren Wurzeln halten alle Blumen das Licht. Theodore Roethke<br \/>Tiere und kleine Kinder sind der Spiegel der Natur. Epikur von Samos.\u00a0<br \/>In den kleinsten Dingen zeigt die Natur ihre allergr\u00f6\u00dften Wunder. Carl von Linne<br \/>Der Schmetterling z\u00e4hlt nicht Monate, sondern Momente und hat Zeit genug. Rabindranath Tagore<br \/>Farben sind das L\u00e4cheln der Natur und Blumen sind ihr Lachen. Leigh Hunt\u00a0<\/p>\n\n\n\n<!--more-->\n\n\n\n<p class=\"wp-block-paragraph\"><strong>Girgl auf Reisen\u00a0<\/strong>\u00a0 \u00a0 von Karl Schuhbeck<\/p>\n\n\n\n<p class=\"wp-block-paragraph\">Da Girgl kommt nia raus aus seinem Bayernland,\u00a0<br \/>de gro\u00dfe weite Welt is eam v\u00f6llig unbekannt.<br \/>Da sagt der Karre, sei bester Freind, geh weida,<br \/>fahrn ma in Urlaub es is an der Zeit.<br \/>Wo wuist denn hi, nach Italien oder Griechenland,<br \/>nach Thailand, da gibt&#8217;s Madln, des is ja bekannt. \u00a0 \/\/\/\/<br \/><\/p>\n\n\n\n<p class=\"wp-block-paragraph\">Da Girgl kennt se im Atlas net recht aus,<br \/>des Land is ja so weit weg, oh mein Graus.<br \/>Ja Karre, wia kemma mir denn da hi,<br \/>mit dem Auto geht das doch nie.<br \/>Na, da mia\u00dft ma scho an Flieger nehme,<br \/>so in 9 &#8211; 10 Stunden kannt ma dann dort okema. \u00a0 \u00a0\/\/\/\/<\/p>\n\n\n\n<p class=\"wp-block-paragraph\">De zwoa machen se auf ins Reiseb\u00fcro,<br \/>da segns vo Thailand scheene Plakate scho.<br \/>Tempelt\u00e4nzerinnen, liab, kloa, ganz zarte Madl,<br \/>mit gl\u00e4nzende Gwanda bis \u00fcber de Wadl.<br \/>Scho wird da Geldbeutel zuckt<br \/>und an Haufen Euro rausgeruckt. \u00a0 \/\/\/\/<\/p>\n\n\n\n<p class=\"wp-block-paragraph\">A Wocha drauf geht&#8217;s dann los,<br \/>Mama packt eam an Koffer tadellos.<br \/>Bua, dua mir ja fei aufpassn<br \/>und di net mit fremde Weiber eilassn.<br \/>Pa\u00df auf und schau da genau hin,<br \/>bei dene Madl steckt da Deife drin. \u00a0 \/\/\/\/<\/p>\n\n\n\n<p class=\"wp-block-paragraph\">Von M\u00fcnchen gehts dann auf de Roas,<br \/>in Bangkok is dann erstmal bluatig hoa\u00df.<br \/>Da denga se de Zwoa oh mei,<br \/>schwitzen dan ma wia de S\u00e4u.<br \/>Im Hotel is alles klimatisiert,<br \/>bald drauf sie scho wieda friert. \u00a0 \/\/\/\/<\/p>\n\n\n\n<p class=\"wp-block-paragraph\">Des Bangkok werd dann genau ogschaut,<br \/>mei stinkts da und es is furchtbar laut.<br \/>A gro\u00dfe Stadtrundfahrt f\u00fcr de Kultur,<br \/>da geh\u00f6rt da K\u00f6nigspalast und etla Buddha dazua.<br \/>Tempel hi, Buddha her, eam graust schon a weng,<br \/>er dat jetzt vui liaba de deiflischen Weiba segn. \u00a0 \/\/\/\/<\/p>\n\n\n\n<p class=\"wp-block-paragraph\">Glei naban Hotel is de Bar &#8222;Honemoon&#8220;,<br \/>dort werns se de Zwoa glei was guats antun.<br \/>Scho auf da Stra\u00df stehn de s\u00fc\u00dfen Tailandfraun,<br \/>oane wia de ander doan scho super ausschaugn.<br \/>Da is da Girgl leicht bis stark verwirrt,<br \/>wos eam do woi heilt no alles bl\u00fcaht? \u00a0 \u00a0\/\/\/\/<\/p>\n\n\n\n<p class=\"wp-block-paragraph\">Nach drei, vier oder f\u00fcnf Tigerbier,<br \/>kriagt er scho a g&#8217;wisses Gsp\u00fcr,<br \/>f\u00fcr de Madln rings um eam herum,<br \/>da Karre schaut a ganz schee dumm.<br \/>Bis schaun, h\u00e4ngen sich glei,<br \/>zwoa hoa\u00dfe K\u00e4fer bei eana ei<br \/>und zarrn de arma Landlerbuam,<br \/>zur Bar hi, sie kriang a ganz a rote Ruam. \u00a0 \u00a0\/\/\/\/\/<\/p>\n\n\n\n<p class=\"wp-block-paragraph\">Gschamig und koa Wort versteh,<br \/>da kannt dir des Weibern schnell vergeh.<br \/>Doch de Madl kennan guat de deutsche Sprach,<br \/>des is wenigstens a gute Sach.<br \/>Bald drauf verlangen de Weiber a Geld,<br \/>f\u00fcrs Ratschn, na wia schlecht is do de Welt. \u00a0 \u00a0 \/\/\/\/\/<\/p>\n\n\n\n<p class=\"wp-block-paragraph\">Des is also des teuflische, wia de Mama hat gesagt,<br \/>aber solche Fraun san bei de Zwoa net recht gfragt.<br \/>Schaun se o, des lassn mia liaba bleim,<br \/>denn sonst konnts doch auf amoi sein,<br \/>da\u00df uns de in an Hinterhof lockan<br \/>und uns ausziagn bis auf de Sockan. \u00a0 \u00a0 \/\/\/\/<\/p>\n\n\n\n<p class=\"wp-block-paragraph\">Sie schleichen \u00fcbers Kloo naus aus der Bar<br \/>und entkommen so der teuflischen Gefahr.<br \/>Am Swimmingpool schauns ganz ogspannt.<br \/>Ja schau, da laffan a scheene Madln umeinand.<br \/>An der Poolbar dortn geh do schau,<br \/>sitzen zwoa de passen f\u00fcr uns ganz genau. \u00a0 \u00a0\/\/\/\/<\/p>\n\n\n\n<p class=\"wp-block-paragraph\">De zwoa rei\u00dfn sich zam und redn de Madl o,<br \/>de red ja boarisch, mei bin i froh.<br \/>De Evi und die Lies aus Rosenheim,<br \/>bei denen zwoa da wern ma bleim.<br \/>Mag sei, da\u00df Fraun aus an andern Land,<br \/>an bsondern Reiz ham, is ois bekannt. \u00a0 \u00a0\/\/\/\/<\/p>\n\n\n\n<p class=\"wp-block-paragraph\">Doch de scheensten Dirndl auf der Welt,<br \/>gibt&#8217;s doch bei uns dahoam \u00a0und nur des z\u00e4hlt.<br \/>Ob da Girgl des teuflische an den Fraun,<br \/>hat doch no derfa gsp\u00fcrn und oschaun?<br \/>Des kon i eich leider net sang,<br \/>da mua\u00dft an Girgl scho selber frong.<\/p>\n\n\n\n<p class=\"wp-block-paragraph\"><\/p>\n\n\n\n<p class=\"wp-block-paragraph\">Liebe Ordensschwestern, liebe Ordensbr\u00fcder, liebe Postulantinnen, liebe Postulanten,\u00a0<br \/>liebe Freunde und F\u00f6rderer unseres Ordens,\u00a0<br \/>liebe Ordensgeschwister, <\/p>\n\n\n\n<p class=\"wp-block-paragraph\"><strong>Ferien und Ruhe<\/strong><\/p>\n\n\n\n<p class=\"wp-block-paragraph\">gehen nicht immer Hand in Hand. Im Gegenteil.<\/p>\n\n\n\n<p class=\"wp-block-paragraph\">Manche Menschen scheinen gerade in der arbeitsfreien Zeit noch &#8222;einen Zahn zulegen zu wollen&#8220;. Etwas zu erleben oder Neues zu entdecken, sind verst\u00e4ndliche W\u00fcnsche &#8211; doch sei allen ein Ratschlag des chinesischen Philosophen Laotse an Herz gelegt:&nbsp;<\/p>\n\n\n\n<p class=\"wp-block-paragraph\">&#8222;G\u00f6nne dir einen Augenblick der Ruhe und du begreifst, wie n\u00e4rrisch du umhergehastet bist&#8220;:<\/p>\n\n\n\n<p class=\"wp-block-paragraph\"><\/p>\n\n\n\n<p class=\"wp-block-paragraph\"><strong>Lob der Faulheit<\/strong>&nbsp; &nbsp; von Helmut Z\u00f6pfl<\/p>\n\n\n\n<p class=\"wp-block-paragraph\">Um die Zeit lieg ich gern im Gras<\/p>\n\n\n\n<p class=\"wp-block-paragraph\">und gr\u00fcbel vor mich hin,<\/p>\n\n\n\n<p class=\"wp-block-paragraph\">tr\u00e4um dann von irgendwas<\/p>\n\n\n\n<p class=\"wp-block-paragraph\">und frei mich, da\u00df ich bin.<\/p>\n\n\n\n<p class=\"wp-block-paragraph\">Ich freu mich, da\u00df so sch\u00f6n und warm<\/p>\n\n\n\n<p class=\"wp-block-paragraph\">die &nbsp;Sonne herscheint heut,<\/p>\n\n\n\n<p class=\"wp-block-paragraph\">bin richtig faul und r\u00fchr mich kaum,<\/p>\n\n\n\n<p class=\"wp-block-paragraph\">tu nichts, vertu nur Zeit.<\/p>\n\n\n\n<p class=\"wp-block-paragraph\">Heut la\u00df ich alle Viere Grad,<\/p>\n\n\n\n<p class=\"wp-block-paragraph\">heut reg ich mich nicht auf.<\/p>\n\n\n\n<p class=\"wp-block-paragraph\">Ich la\u00df mich treiben, halt mich staad<\/p>\n\n\n\n<p class=\"wp-block-paragraph\">und la\u00df der Zeit ihrn Lauf.<\/p>\n\n\n\n<p class=\"wp-block-paragraph\"><\/p>\n\n\n\n<p class=\"wp-block-paragraph\">Wie wichtig ist es im Leben, auch einmal Zeit daf\u00fcr zu haben, da\u00df man sich Zeit l\u00e4\u00dft, nicht jede Minute und damit sich selber verplant, sondern dem Terminkalender Ruhe g\u00f6nnt. Der Sommer ist irgendwie die Zeit der Ruhe, des Urlaubes, des Sich-Entspannens, ja des Faulseind\u00fcrfens.&nbsp;<\/p>\n\n\n\n<p class=\"wp-block-paragraph\">Der erste deutsche Bundespr\u00e4sident, der schw\u00e4bisch philosophierende Theodor Heuss, wollte sogar im Grundgesetz neben dem verbrieften Recht auf Arbeit ein Recht auf Faulseind\u00fcrfen verankert wissen.<\/p>\n\n\n\n<p class=\"wp-block-paragraph\">Der Begriff Faulheit hat nat\u00fcrlich f\u00fcr manche einen etwas negativen Beigeschmack.<\/p>\n\n\n\n<p class=\"wp-block-paragraph\">Bei genauerer Betrachtung aber ist er ganz in der N\u00e4he der gerade von den R\u00f6mern so gesch\u00e4tzten Muse, dem &#8222;oppidum&#8220;, einem Innehalte, um zu sich selber nach innen zu kommen. Muse ist etwas erf\u00fclltes. Ganz ehrlich gesagt, st\u00f6rt mich immer schon an dem Gebet f\u00fcr einen Verstorbenen: &#8222;Herr, gib ihm die ewige Ruhe.&#8220;<\/p>\n\n\n\n<p class=\"wp-block-paragraph\">Das h\u00f6rt sich irgendwie an wie eine Art traumloser Schlaf. Gemeint ist aber wohl ein etwas anderes, erf\u00fclltes, entspanntes Dasein ohne st\u00f6rende Einfl\u00fcssevon Gefahren, Furcht und Angst.<\/p>\n\n\n\n<p class=\"wp-block-paragraph\">Und vor allem auch ohne den Zwang, sich zum Sklaven der Uhr, nicht sich in die Hetze einer immer dr\u00e4ngenderen Zeit zu machen, die im Wort Stre\u00df ihren Ausdruck findet. Bekannt sind die gescheiten Worte wie: &#8222;Gott hat uns die Zeit geschenkt, von Eile hat er nichts gesagt.&#8220;&nbsp;<\/p>\n\n\n\n<p class=\"wp-block-paragraph\">Orwell erkl\u00e4rte schon vor Jahren denen, die klagen, die Zeit vergehe immer schneller: &#8222;Die Zeit vergeht nicht schneller als fr\u00fcher. Wir laufen nur eiliger an ihr vorbei.&#8220;<\/p>\n\n\n\n<p class=\"wp-block-paragraph\">Genau das ist gemeint: Nicht davon-, aber auch nicht vorbeilaufen, sondern sich Zeit nehmen im Sinne des bekannten &#8222;Carpe diem&#8220;. Vielleicht von einem Liegestuhl, einer H\u00e4ngematte oder einfach von dem mit kleinem Leben umgebenen Liegeplatz im weichen Gras aus. Etwas sein lassen verlangt vielleicht die h\u00f6chste Aktivit\u00e4t, sich selber nicht so wichtig zu nehmen, sich nicht als Nabel der Welt zu f\u00fchlen.<\/p>\n\n\n\n<p class=\"wp-block-paragraph\">Ein f\u00fcr mich immer wieder meine Grenzen einzugestehender Gedanke ist, da\u00df alle Friedh\u00f6fe dieser Welt voll sind von Menschen, die geglaubt haben, unentbehrlich zu sein.<\/p>\n\n\n\n<p class=\"wp-block-paragraph\">Noch immer klingt mir im Ohr, was damals bei seinem M\u00fcnchen-Besuch Papst Johannes Paul sagte: &#8222;Nimm dich doch nicht so wichtig.&#8220;<\/p>\n\n\n\n<p class=\"wp-block-paragraph\">Voraussetzung Nr. 1 f\u00fcr Gelassenheit ist, nicht st\u00e4ndig auf das Handy zu blicken und auf jede SMS sofort antworten zu m\u00fcssen, sein Selfie zu verschickenund sei&#8217;s auch nur das, sich als faulen Menschen zu outen.<\/p>\n\n\n\n<p class=\"wp-block-paragraph\">Hier also noch ein paar sch\u00f6ne Spr\u00fcche zum Lob der Faulheitund zum sch\u00f6pferischen Nichtstunm\u00fcssen:<\/p>\n\n\n\n<p class=\"wp-block-paragraph\">Auch Faulsein will gelernte sein. &nbsp; \/\/\/\/<\/p>\n\n\n\n<p class=\"wp-block-paragraph\">Lieber in der Fr\u00fch nichts tun, wie am Nachmittag arbeiten. &nbsp;\/\/\/\/<\/p>\n\n\n\n<p class=\"wp-block-paragraph\">Hoch die Arbeit. Damit ich nicht so leicht hinkomm. &nbsp; \/\/\/<\/p>\n\n\n\n<p class=\"wp-block-paragraph\">Das Sch\u00f6nste im Leben ist die Arbeit. Deswegen kann ich stundenlang zuschauen, wie andere Leute arbeiten. &nbsp; &nbsp;\/\/\/\/<\/p>\n\n\n\n<p class=\"wp-block-paragraph\">Auch ein paar gescheite Leute haben etwas sch\u00f6nes zum Faulseind\u00fcrfen gesagt wie, Gunter Philipp: &#8222;Faulheit ist die Kunst, so lange nichts zu tun, bis die Gefahr vor\u00fcber ist, da\u00df man etwas tun m\u00fc\u00dfte.&#8220;<\/p>\n\n\n\n<p class=\"wp-block-paragraph\">Von Laub stammt der Spruch, da\u00df Faulheit der heimliche Vater des Fortschritts sei.<\/p>\n\n\n\n<p class=\"wp-block-paragraph\">Und Ernst J\u00fcnger nennt die Faulheit sogar &#8222;eine paradiesische Tugend&#8220;.&nbsp;<\/p>\n\n\n\n<p class=\"wp-block-paragraph\">Und ich habe mir \u00fcberlegt, wenn die Welt voller Menschen ist, die nur noch rennen und hetzen: Damit aber die Welt nicht in eine totale Unruhe versetzt wird und wom\u00f6glich noch durch das Getriebe aus dem Gleichgewicht kommt, haben wir geradezu die Pflicht, durch gelegentliches Faulenzen dazu beizutragen, da\u00df das rechte Gleichgewicht wieder hergestellt wird.<\/p>\n\n\n\n<p class=\"wp-block-paragraph\"><\/p>\n\n\n\n<p class=\"wp-block-paragraph\">Liebe Ordensschwestern, liebe Ordensbr\u00fcder, liebe Postulantinnen, liebe Postulanten,\u00a0<br \/>liebe Freunde und F\u00f6rderer unseres Ordens,\u00a0<br \/>liebe Ordensgeschwister, <\/p>\n\n\n\n<p class=\"wp-block-paragraph\">von Herzen w\u00fcnsche ich Euch eine gute und erholsame Sommer- und Ferienzeit. &nbsp;Allen Reisenden neue tiefe Eindr\u00fccke und friedliche Erlebnisse, den Daheimgebliebenen Gottes Segen, den Kranken Kraft und Trost und uns allen ein gl\u00fcckliches Wiedersehen!<\/p>\n\n\n\n<p class=\"wp-block-paragraph\">Beh\u00fct\u2018 Euch Gott! &nbsp;Euch liebe Ordensgeschwister und Euren Familien Gottes reichen Segen.<\/p>\n\n\n\n<p class=\"wp-block-paragraph\">NND<\/p>\n\n\n\n<p class=\"wp-block-paragraph\">Mit templerischen \/ ordensb\u00fcrderlichen Gr\u00fc\u00dfen<\/p>\n\n\n\n<p class=\"wp-block-paragraph\">Euer&nbsp;s\u00fcdlichster Ordensbruder&nbsp;Klaus &#8211; Komtur &#8211;&nbsp;Komturei Johanna-von-Orl\u00e9ans,<\/p>\n\n\n\n<p class=\"wp-block-paragraph\">Deutscher Tempelherren-Orden, ORDO MILITIAE CRUCIS TEMPLI (OMCT) &nbsp;&nbsp;<\/p>\n","protected":false},"excerpt":{"rendered":"<p>Die Natur ist ein Brief Gottes an die Menschheit. PlatonTief in ihren Wurzeln halten alle Blumen das Licht. Theodore RoethkeTiere und kleine Kinder sind der Spiegel der Natur. Epikur von Samos.\u00a0In den kleinsten Dingen zeigt die Natur ihre allergr\u00f6\u00dften Wunder. Carl von LinneDer Schmetterling z\u00e4hlt nicht Monate, sondern Momente und\u2026<\/p>\n<p> <a class=\"continue-reading-link\" href=\"https:\/\/tempelherrenorden.de\/cms\/sommer-und-urlaubgruesse-2024\/\"><span>Artikel lesen<\/span><i class=\"crycon-right-dir\"><\/i><\/a> <\/p>\n","protected":false},"author":10,"featured_media":0,"comment_status":"closed","ping_status":"closed","sticky":false,"template":"","format":"standard","meta":{"_crdt_document":"","jetpack_post_was_ever_published":false,"_jetpack_newsletter_access":"","_jetpack_dont_email_post_to_subs":false,"_jetpack_newsletter_tier_id":0,"_jetpack_memberships_contains_paywalled_content":false,"_jetpack_memberships_contains_paid_content":false,"footnotes":""},"categories":[1,38],"tags":[110,180,63,45,44,179],"class_list":["post-5088","post","type-post","status-publish","format-standard","hentry","category-allgemein","category-johanna","tag-bayern","tag-sommer","tag-tempelherren","tag-tempelritter","tag-templer","tag-urlaub"],"yoast_head":"<!-- This site is optimized with the Yoast SEO plugin v27.4 - https:\/\/yoast.com\/product\/yoast-seo-wordpress\/ -->\n<title>Sommer- und Urlaubgr\u00fc\u00dfe\u00a02024 &#8226; Deutscher Tempelherren-Orden<\/title>\n<meta name=\"robots\" content=\"index, follow, max-snippet:-1, max-image-preview:large, max-video-preview:-1\" \/>\n<link rel=\"canonical\" href=\"https:\/\/tempelherrenorden.de\/cms\/sommer-und-urlaubgruesse-2024\/\" \/>\n<meta property=\"og:locale\" content=\"de_DE\" \/>\n<meta property=\"og:type\" content=\"article\" \/>\n<meta property=\"og:title\" content=\"Sommer- und Urlaubgr\u00fc\u00dfe\u00a02024 &#8226; Deutscher Tempelherren-Orden\" \/>\n<meta property=\"og:description\" content=\"Die Natur ist ein Brief Gottes an die Menschheit. PlatonTief in ihren Wurzeln halten alle Blumen das Licht. Theodore RoethkeTiere und kleine Kinder sind der Spiegel der Natur. Epikur von Samos.\u00a0In den kleinsten Dingen zeigt die Natur ihre allergr\u00f6\u00dften Wunder. Carl von LinneDer Schmetterling z\u00e4hlt nicht Monate, sondern Momente und\u2026 Artikel lesen\" \/>\n<meta property=\"og:url\" content=\"https:\/\/tempelherrenorden.de\/cms\/sommer-und-urlaubgruesse-2024\/\" \/>\n<meta property=\"og:site_name\" content=\"Deutscher Tempelherren-Orden\" \/>\n<meta property=\"article:publisher\" content=\"https:\/\/www.facebook.com\/Deutscher-Tempelherren-Orden-OMCT-2054469481490772\/\" \/>\n<meta property=\"article:published_time\" content=\"2024-08-20T13:51:42+00:00\" \/>\n<meta property=\"article:modified_time\" content=\"2024-08-20T13:51:44+00:00\" \/>\n<meta name=\"author\" content=\"Redaktion\" \/>\n<meta name=\"twitter:card\" content=\"summary_large_image\" \/>\n<meta name=\"twitter:label1\" content=\"Verfasst von\" \/>\n\t<meta name=\"twitter:data1\" content=\"Redaktion\" \/>\n\t<meta name=\"twitter:label2\" content=\"Gesch\u00e4tzte Lesezeit\" \/>\n\t<meta name=\"twitter:data2\" content=\"9\u00a0Minuten\" \/>\n<script type=\"application\/ld+json\" class=\"yoast-schema-graph\">{\"@context\":\"https:\\\/\\\/schema.org\",\"@graph\":[{\"@type\":\"Article\",\"@id\":\"https:\\\/\\\/tempelherrenorden.de\\\/cms\\\/sommer-und-urlaubgruesse-2024\\\/#article\",\"isPartOf\":{\"@id\":\"https:\\\/\\\/tempelherrenorden.de\\\/cms\\\/sommer-und-urlaubgruesse-2024\\\/\"},\"author\":{\"name\":\"Redaktion\",\"@id\":\"https:\\\/\\\/tempelherrenorden.de\\\/cms\\\/#\\\/schema\\\/person\\\/c4b556c7412791f0ed2d6851086be4aa\"},\"headline\":\"Sommer- und Urlaubgr\u00fc\u00dfe\u00a02024\",\"datePublished\":\"2024-08-20T13:51:42+00:00\",\"dateModified\":\"2024-08-20T13:51:44+00:00\",\"mainEntityOfPage\":{\"@id\":\"https:\\\/\\\/tempelherrenorden.de\\\/cms\\\/sommer-und-urlaubgruesse-2024\\\/\"},\"wordCount\":1556,\"publisher\":{\"@id\":\"https:\\\/\\\/tempelherrenorden.de\\\/cms\\\/#organization\"},\"keywords\":[\"Bayern\",\"Sommer\",\"Tempelherren\",\"Tempelritter\",\"Templer\",\"Urlaub\"],\"articleSection\":{\"1\":\"Komturei Johanna von Orl\u00e9ans\"},\"inLanguage\":\"de\"},{\"@type\":\"WebPage\",\"@id\":\"https:\\\/\\\/tempelherrenorden.de\\\/cms\\\/sommer-und-urlaubgruesse-2024\\\/\",\"url\":\"https:\\\/\\\/tempelherrenorden.de\\\/cms\\\/sommer-und-urlaubgruesse-2024\\\/\",\"name\":\"Sommer- und Urlaubgr\u00fc\u00dfe\u00a02024 &#8226; Deutscher Tempelherren-Orden\",\"isPartOf\":{\"@id\":\"https:\\\/\\\/tempelherrenorden.de\\\/cms\\\/#website\"},\"datePublished\":\"2024-08-20T13:51:42+00:00\",\"dateModified\":\"2024-08-20T13:51:44+00:00\",\"breadcrumb\":{\"@id\":\"https:\\\/\\\/tempelherrenorden.de\\\/cms\\\/sommer-und-urlaubgruesse-2024\\\/#breadcrumb\"},\"inLanguage\":\"de\",\"potentialAction\":[{\"@type\":\"ReadAction\",\"target\":[\"https:\\\/\\\/tempelherrenorden.de\\\/cms\\\/sommer-und-urlaubgruesse-2024\\\/\"]}]},{\"@type\":\"BreadcrumbList\",\"@id\":\"https:\\\/\\\/tempelherrenorden.de\\\/cms\\\/sommer-und-urlaubgruesse-2024\\\/#breadcrumb\",\"itemListElement\":[{\"@type\":\"ListItem\",\"position\":1,\"name\":\"Startseite\",\"item\":\"https:\\\/\\\/tempelherrenorden.de\\\/cms\\\/\"},{\"@type\":\"ListItem\",\"position\":2,\"name\":\"Sommer- und Urlaubgr\u00fc\u00dfe\u00a02024\"}]},{\"@type\":\"WebSite\",\"@id\":\"https:\\\/\\\/tempelherrenorden.de\\\/cms\\\/#website\",\"url\":\"https:\\\/\\\/tempelherrenorden.de\\\/cms\\\/\",\"name\":\"Deutscher Tempelherren-Orden\",\"description\":\"\",\"publisher\":{\"@id\":\"https:\\\/\\\/tempelherrenorden.de\\\/cms\\\/#organization\"},\"potentialAction\":[{\"@type\":\"SearchAction\",\"target\":{\"@type\":\"EntryPoint\",\"urlTemplate\":\"https:\\\/\\\/tempelherrenorden.de\\\/cms\\\/?s={search_term_string}\"},\"query-input\":{\"@type\":\"PropertyValueSpecification\",\"valueRequired\":true,\"valueName\":\"search_term_string\"}}],\"inLanguage\":\"de\"},{\"@type\":\"Organization\",\"@id\":\"https:\\\/\\\/tempelherrenorden.de\\\/cms\\\/#organization\",\"name\":\"Deutscher Tempelherren-Orden OMCT e.V.\",\"url\":\"https:\\\/\\\/tempelherrenorden.de\\\/cms\\\/\",\"logo\":{\"@type\":\"ImageObject\",\"inLanguage\":\"de\",\"@id\":\"https:\\\/\\\/tempelherrenorden.de\\\/cms\\\/#\\\/schema\\\/logo\\\/image\\\/\",\"url\":\"https:\\\/\\\/i0.wp.com\\\/tempelherrenorden.de\\\/cms\\\/wp-content\\\/uploads\\\/2018\\\/01\\\/OMCT-Wappen.jpg?fit=997%2C1198&ssl=1\",\"contentUrl\":\"https:\\\/\\\/i0.wp.com\\\/tempelherrenorden.de\\\/cms\\\/wp-content\\\/uploads\\\/2018\\\/01\\\/OMCT-Wappen.jpg?fit=997%2C1198&ssl=1\",\"width\":997,\"height\":1198,\"caption\":\"Deutscher Tempelherren-Orden OMCT e.V.\"},\"image\":{\"@id\":\"https:\\\/\\\/tempelherrenorden.de\\\/cms\\\/#\\\/schema\\\/logo\\\/image\\\/\"},\"sameAs\":[\"https:\\\/\\\/www.facebook.com\\\/Deutscher-Tempelherren-Orden-OMCT-2054469481490772\\\/\"]},{\"@type\":\"Person\",\"@id\":\"https:\\\/\\\/tempelherrenorden.de\\\/cms\\\/#\\\/schema\\\/person\\\/c4b556c7412791f0ed2d6851086be4aa\",\"name\":\"Redaktion\",\"image\":{\"@type\":\"ImageObject\",\"inLanguage\":\"de\",\"@id\":\"https:\\\/\\\/secure.gravatar.com\\\/avatar\\\/4ed839132852af2d0905f18562e70ba28d4d5c2fa1196284813995a27f534319?s=96&d=mm&r=g\",\"url\":\"https:\\\/\\\/secure.gravatar.com\\\/avatar\\\/4ed839132852af2d0905f18562e70ba28d4d5c2fa1196284813995a27f534319?s=96&d=mm&r=g\",\"contentUrl\":\"https:\\\/\\\/secure.gravatar.com\\\/avatar\\\/4ed839132852af2d0905f18562e70ba28d4d5c2fa1196284813995a27f534319?s=96&d=mm&r=g\",\"caption\":\"Redaktion\"},\"url\":\"https:\\\/\\\/tempelherrenorden.de\\\/cms\\\/author\\\/redaktion\\\/\"}]}<\/script>\n<!-- \/ Yoast SEO plugin. -->","yoast_head_json":{"title":"Sommer- und Urlaubgr\u00fc\u00dfe\u00a02024 &#8226; Deutscher Tempelherren-Orden","robots":{"index":"index","follow":"follow","max-snippet":"max-snippet:-1","max-image-preview":"max-image-preview:large","max-video-preview":"max-video-preview:-1"},"canonical":"https:\/\/tempelherrenorden.de\/cms\/sommer-und-urlaubgruesse-2024\/","og_locale":"de_DE","og_type":"article","og_title":"Sommer- und Urlaubgr\u00fc\u00dfe\u00a02024 &#8226; Deutscher Tempelherren-Orden","og_description":"Die Natur ist ein Brief Gottes an die Menschheit. PlatonTief in ihren Wurzeln halten alle Blumen das Licht. Theodore RoethkeTiere und kleine Kinder sind der Spiegel der Natur. Epikur von Samos.\u00a0In den kleinsten Dingen zeigt die Natur ihre allergr\u00f6\u00dften Wunder. Carl von LinneDer Schmetterling z\u00e4hlt nicht Monate, sondern Momente und\u2026 Artikel lesen","og_url":"https:\/\/tempelherrenorden.de\/cms\/sommer-und-urlaubgruesse-2024\/","og_site_name":"Deutscher Tempelherren-Orden","article_publisher":"https:\/\/www.facebook.com\/Deutscher-Tempelherren-Orden-OMCT-2054469481490772\/","article_published_time":"2024-08-20T13:51:42+00:00","article_modified_time":"2024-08-20T13:51:44+00:00","author":"Redaktion","twitter_card":"summary_large_image","twitter_misc":{"Verfasst von":"Redaktion","Gesch\u00e4tzte Lesezeit":"9\u00a0Minuten"},"schema":{"@context":"https:\/\/schema.org","@graph":[{"@type":"Article","@id":"https:\/\/tempelherrenorden.de\/cms\/sommer-und-urlaubgruesse-2024\/#article","isPartOf":{"@id":"https:\/\/tempelherrenorden.de\/cms\/sommer-und-urlaubgruesse-2024\/"},"author":{"name":"Redaktion","@id":"https:\/\/tempelherrenorden.de\/cms\/#\/schema\/person\/c4b556c7412791f0ed2d6851086be4aa"},"headline":"Sommer- und Urlaubgr\u00fc\u00dfe\u00a02024","datePublished":"2024-08-20T13:51:42+00:00","dateModified":"2024-08-20T13:51:44+00:00","mainEntityOfPage":{"@id":"https:\/\/tempelherrenorden.de\/cms\/sommer-und-urlaubgruesse-2024\/"},"wordCount":1556,"publisher":{"@id":"https:\/\/tempelherrenorden.de\/cms\/#organization"},"keywords":["Bayern","Sommer","Tempelherren","Tempelritter","Templer","Urlaub"],"articleSection":{"1":"Komturei Johanna von Orl\u00e9ans"},"inLanguage":"de"},{"@type":"WebPage","@id":"https:\/\/tempelherrenorden.de\/cms\/sommer-und-urlaubgruesse-2024\/","url":"https:\/\/tempelherrenorden.de\/cms\/sommer-und-urlaubgruesse-2024\/","name":"Sommer- und Urlaubgr\u00fc\u00dfe\u00a02024 &#8226; Deutscher Tempelherren-Orden","isPartOf":{"@id":"https:\/\/tempelherrenorden.de\/cms\/#website"},"datePublished":"2024-08-20T13:51:42+00:00","dateModified":"2024-08-20T13:51:44+00:00","breadcrumb":{"@id":"https:\/\/tempelherrenorden.de\/cms\/sommer-und-urlaubgruesse-2024\/#breadcrumb"},"inLanguage":"de","potentialAction":[{"@type":"ReadAction","target":["https:\/\/tempelherrenorden.de\/cms\/sommer-und-urlaubgruesse-2024\/"]}]},{"@type":"BreadcrumbList","@id":"https:\/\/tempelherrenorden.de\/cms\/sommer-und-urlaubgruesse-2024\/#breadcrumb","itemListElement":[{"@type":"ListItem","position":1,"name":"Startseite","item":"https:\/\/tempelherrenorden.de\/cms\/"},{"@type":"ListItem","position":2,"name":"Sommer- und Urlaubgr\u00fc\u00dfe\u00a02024"}]},{"@type":"WebSite","@id":"https:\/\/tempelherrenorden.de\/cms\/#website","url":"https:\/\/tempelherrenorden.de\/cms\/","name":"Deutscher Tempelherren-Orden","description":"","publisher":{"@id":"https:\/\/tempelherrenorden.de\/cms\/#organization"},"potentialAction":[{"@type":"SearchAction","target":{"@type":"EntryPoint","urlTemplate":"https:\/\/tempelherrenorden.de\/cms\/?s={search_term_string}"},"query-input":{"@type":"PropertyValueSpecification","valueRequired":true,"valueName":"search_term_string"}}],"inLanguage":"de"},{"@type":"Organization","@id":"https:\/\/tempelherrenorden.de\/cms\/#organization","name":"Deutscher Tempelherren-Orden OMCT e.V.","url":"https:\/\/tempelherrenorden.de\/cms\/","logo":{"@type":"ImageObject","inLanguage":"de","@id":"https:\/\/tempelherrenorden.de\/cms\/#\/schema\/logo\/image\/","url":"https:\/\/i0.wp.com\/tempelherrenorden.de\/cms\/wp-content\/uploads\/2018\/01\/OMCT-Wappen.jpg?fit=997%2C1198&ssl=1","contentUrl":"https:\/\/i0.wp.com\/tempelherrenorden.de\/cms\/wp-content\/uploads\/2018\/01\/OMCT-Wappen.jpg?fit=997%2C1198&ssl=1","width":997,"height":1198,"caption":"Deutscher Tempelherren-Orden OMCT e.V."},"image":{"@id":"https:\/\/tempelherrenorden.de\/cms\/#\/schema\/logo\/image\/"},"sameAs":["https:\/\/www.facebook.com\/Deutscher-Tempelherren-Orden-OMCT-2054469481490772\/"]},{"@type":"Person","@id":"https:\/\/tempelherrenorden.de\/cms\/#\/schema\/person\/c4b556c7412791f0ed2d6851086be4aa","name":"Redaktion","image":{"@type":"ImageObject","inLanguage":"de","@id":"https:\/\/secure.gravatar.com\/avatar\/4ed839132852af2d0905f18562e70ba28d4d5c2fa1196284813995a27f534319?s=96&d=mm&r=g","url":"https:\/\/secure.gravatar.com\/avatar\/4ed839132852af2d0905f18562e70ba28d4d5c2fa1196284813995a27f534319?s=96&d=mm&r=g","contentUrl":"https:\/\/secure.gravatar.com\/avatar\/4ed839132852af2d0905f18562e70ba28d4d5c2fa1196284813995a27f534319?s=96&d=mm&r=g","caption":"Redaktion"},"url":"https:\/\/tempelherrenorden.de\/cms\/author\/redaktion\/"}]}},"jetpack_featured_media_url":"","jetpack_shortlink":"https:\/\/wp.me\/p5yQvL-1k4","jetpack_sharing_enabled":true,"_links":{"self":[{"href":"https:\/\/tempelherrenorden.de\/cms\/wp-json\/wp\/v2\/posts\/5088","targetHints":{"allow":["GET"]}}],"collection":[{"href":"https:\/\/tempelherrenorden.de\/cms\/wp-json\/wp\/v2\/posts"}],"about":[{"href":"https:\/\/tempelherrenorden.de\/cms\/wp-json\/wp\/v2\/types\/post"}],"author":[{"embeddable":true,"href":"https:\/\/tempelherrenorden.de\/cms\/wp-json\/wp\/v2\/users\/10"}],"replies":[{"embeddable":true,"href":"https:\/\/tempelherrenorden.de\/cms\/wp-json\/wp\/v2\/comments?post=5088"}],"version-history":[{"count":1,"href":"https:\/\/tempelherrenorden.de\/cms\/wp-json\/wp\/v2\/posts\/5088\/revisions"}],"predecessor-version":[{"id":5089,"href":"https:\/\/tempelherrenorden.de\/cms\/wp-json\/wp\/v2\/posts\/5088\/revisions\/5089"}],"wp:attachment":[{"href":"https:\/\/tempelherrenorden.de\/cms\/wp-json\/wp\/v2\/media?parent=5088"}],"wp:term":[{"taxonomy":"category","embeddable":true,"href":"https:\/\/tempelherrenorden.de\/cms\/wp-json\/wp\/v2\/categories?post=5088"},{"taxonomy":"post_tag","embeddable":true,"href":"https:\/\/tempelherrenorden.de\/cms\/wp-json\/wp\/v2\/tags?post=5088"}],"curies":[{"name":"wp","href":"https:\/\/api.w.org\/{rel}","templated":true}]}}