{"id":5093,"date":"2024-09-07T19:24:19","date_gmt":"2024-09-07T17:24:19","guid":{"rendered":"https:\/\/tempelherrenorden.de\/cms\/?p=5093"},"modified":"2024-09-07T19:24:20","modified_gmt":"2024-09-07T17:24:20","slug":"zwischen-lautstarken-minderheiten-und-schweigender-mehrheit","status":"publish","type":"post","link":"https:\/\/tempelherrenorden.de\/cms\/zwischen-lautstarken-minderheiten-und-schweigender-mehrheit\/","title":{"rendered":"ZWISCHEN LAUTSTARKEN MINDERHEITEN UND SCHWEIGENDER MEHRHEIT"},"content":{"rendered":"\n<p class=\"wp-block-paragraph\">(Predigtgedanken zum 23. So. i. Jahreskreis \/ 15. So. n. Trinitatis \u2013 Mk 7:31-37, Jes 35:4-7a, Jak 2:1-5) &nbsp;&nbsp;&nbsp;&nbsp;&nbsp;&nbsp;&nbsp;&nbsp;&nbsp;&nbsp;&nbsp;&nbsp;&nbsp;&nbsp;&nbsp;&nbsp;&nbsp;&nbsp;&nbsp;&nbsp;&nbsp;&nbsp;&nbsp;&nbsp;&nbsp;&nbsp;&nbsp;&nbsp;&nbsp;&nbsp;&nbsp;&nbsp;&nbsp;&nbsp;&nbsp;&nbsp;&nbsp;&nbsp;&nbsp;&nbsp;&nbsp;&nbsp;&nbsp;&nbsp;&nbsp;&nbsp;&nbsp;&nbsp;&nbsp;&nbsp;&nbsp;&nbsp;&nbsp;&nbsp;&nbsp;&nbsp;&nbsp;&nbsp;&nbsp;&nbsp;&nbsp;&nbsp;&nbsp;&nbsp;&nbsp;&nbsp;&nbsp;&nbsp;&nbsp;&nbsp;&nbsp;&nbsp;&nbsp;&nbsp;&nbsp;&nbsp;&nbsp;&nbsp;&nbsp;&nbsp;&nbsp;&nbsp;&nbsp;&nbsp;&nbsp;&nbsp;&nbsp;&nbsp;&nbsp;&nbsp;&nbsp;&nbsp;&nbsp;&nbsp;&nbsp;&nbsp;&nbsp;&nbsp;&nbsp;&nbsp;&nbsp;&nbsp;&nbsp;&nbsp;&nbsp;&nbsp;&nbsp;<\/p>\n\n\n\n<p class=\"wp-block-paragraph\">Die Heilung eines Taubstummen hat im Taufritual Spuren hinterlassen. Dies zeigt, wie fundamental wichtig es ist, dass Menschen ihre sinnliche Wahrnehmung gebrauchen und sich ausdr\u00fccken k\u00f6nnen. Es fordert uns auf, dass wir unsere Stimme in der Kirche und in der Gesellschaft erheben.<\/p>\n\n\n\n<!--more-->\n\n\n\n<h3 class=\"wp-block-heading\"><em>LAUTSTARKE MINDERHEITEN, SCHWEIGENDE MEHRHEITEN<\/em><\/h3>\n\n\n\n<p class=\"wp-block-paragraph\">Wer sich in der \u00d6ffentlichkeit Geh\u00f6r verschaffen m\u00f6chte, muss zusehen, dass er mit seinem Anliegen durchdringt und wahrgenommen wird. Wenn jemand eine breitere \u00d6ffentlichkeit erreichen will, muss er daf\u00fcr sorgen, dass Medien auf ihn aufmerksam werden. Oft geschieht dies durch aufsehenerregende Aktionen; Tabubr\u00fcche sind ein beliebtes Mittel \u2013 aber was ist heute noch tabu? Und dann muss man daf\u00fcr sorgen, dass die Geschichte noch einige Male zwischen den verschiedenen Medien hin und her gespielt wird&#8230; Vor allem Minderheiten haben es schwer, mit ihren Anliegen wahrgenommen zu werden. Aber einige haben es schon gut drauf, sich in der modernen Welt der Medien erfolgreich zu bewegen.<br \/><br \/>Gleichzeitig f\u00fchlt sich die oft &#8222;schweigende Mehrheit&#8220;, wie sie sich gerne selbst bezeichnet, nicht ernst genug genommen in ihrer Meinung. Sie f\u00fchlt sich von den lautstarken Minderheiten ausgebootet. Aber auch sie haben in den Medien selbsternannte &#8222;Anw\u00e4lte&#8220;, die f\u00fcr sich beanspruchen, die schweigende Mehrheit zu vertreten.<\/p>\n\n\n\n<h3 class=\"wp-block-heading\"><em>DAS GESCHENK DES SPRECHENK\u00d6NNENS<\/em><\/h3>\n\n\n\n<p class=\"wp-block-paragraph\">Das Evangelium erz\u00e4hlt heute von der Heilung eines Taubstummen; eines Menschen, dem die F\u00e4higkeit des H\u00f6rens fehlt und der deshalb nie sprechen lernen konnte. Auf diese Weise war er g\u00e4nzlich darauf angewiesen, dass andere seine Bed\u00fcrfnisse wahrnehmen, richtig interpretieren und sich f\u00fcr ihn einsetzen. Dieser Mensch war infolge seiner Geh\u00f6rlosigkeit v\u00f6llig an den Rand gedr\u00e4ngt. Ohne Geh\u00f6r hatte er auch keine M\u00f6glichkeit, die selbstverst\u00e4ndlichsten Dinge zu erlernen, die jedes andere Kind spielend nebenbei mitbekam.<br \/><br \/>Die Erz\u00e4hlung beschreibt, was Jesus mit ihm machte: Er nahm ihn beiseite. Abseits von der Menge kommt es zu einer feinf\u00fchligen Begegnung. Jesus ber\u00fchrt seine Ohren mit den Fingern und seine Zunge mit Speichel. Die Aufforderung &#8222;Effata! \u2013 \u00d6ffne dich!&#8220;, \u00f6ffnete seine Ohren und l\u00f6ste seine Zunge. Die Intimit\u00e4t dieser Begegnung deutet darauf hin, dass es bei dieser Heilung um mehr ging, als um die medizinische Beseitigung eines Defizits. In der Begegnung legte Jesus die Vertrauensbasis, die dem Taubstummen erm\u00f6glichte, sich auch seelisch zu \u00f6ffnen.<\/p>\n\n\n\n<h3 class=\"wp-block-heading\"><em>DER EFFATA-RITUS DER TAUFE<\/em><\/h3>\n\n\n\n<p class=\"wp-block-paragraph\">Sonderbarer Weise hat das Ber\u00fchren der Ohren sowie des Mundes und die Aufforderung &#8222;Effata! \u2013 \u00d6ffne dich!&#8220; Eingang in den Taufritus gefunden. Das rituelle \u00d6ffnen der Ohren und des Mundes des T\u00e4uflings symbolisiert die Erm\u00e4chtigung zur vollen Teilnahme am gemeinschaftlichen Leben. Dem neu getauften Kind Gottes steht nun die Kommunikation mit dem Vater im Himmel und mit den neu gewonnenen Schwestern und Br\u00fcdern offen.<br \/><br \/>Ein feines Geh\u00f6r l\u00e4sst uns auch die Zwischent\u00f6ne wahrnehmen und durch eine differenzierte Sprache k\u00f6nnen wir uns selbst ausdr\u00fccken. Beides sind Grundbedingungen von Kommunikation, Intimit\u00e4t und Communio, Gemeinschaft. Beides hat auch im kirchlichen Leben eine eminente Bedeutung. Manchmal kommt es vor, dass ein Kind bei der Taufe laut schreit. Gerne nehme ich das zum Anlass zu sagen: Ja, schrei nur und bringe zum Ausdruck, was dir nicht passt! Normalerweise sind wir Erwachsenen bem\u00fcht, Kinder zu beschwichtigen und zu beruhigen. Das hat zwar seine guten Seiten, kann aber auch dazu f\u00fchren, dass ein Mensch verlernt laut zu sagen, was einem nicht passt.<\/p>\n\n\n\n<h3 class=\"wp-block-heading\"><em>EIN GESELLSCHAFTLICHER AUFTRAG<\/em><\/h3>\n\n\n\n<p class=\"wp-block-paragraph\">Wir brauchen gute Ohren, gute Augen, einen guten Geruchs-, Geschmacks- und Tastsinn, um die Welt um uns wahrnehmen zu k\u00f6nnen. Wir brauchen die Sprache, um uns verst\u00e4ndlich machen und unsere Bed\u00fcrfnisse und unsere Meinung ausdr\u00fccken zu k\u00f6nnen. Unsere Stimme ist gefragt. Nicht nur im Kirchenchor, auch im Gemeinderat und in der Zivilgesellschaft. Wenn wir sie nicht gebrauchen, wird das, was gesagt werden muss, im Gewirr der vielstimmigen Gesellschaft untergehen.<br \/><br \/>Unsere Stimme ist gefragt, wenn jemandem Unrecht geschieht und dieser sich nicht artikulieren kann.<br \/>Unsere Stimme ist gefragt, wenn Politiker &amp; Medien versuchen auf Kosten Ge\u00e4chteter parteipolitisches Kleingeld zu machen.<br \/>Unsere Stimme ist gefragt, wenn Kirchenf\u00fchrer ihnen unliebsame Themen herunterspielen und kleinreden.<br \/><br \/>Sich Medienkompetenz anzueignen, ist meines Erachtens nicht nur ein Freifach f\u00fcr Menschen mit ausgefallenen Interessen. Ich sehe darin ein wichtiges kirchliches Bildungsziel, eine Konkretisierung des Effata-Ritus, den Ihr T\u00e4ufer hoffentlich nicht unterschlagen hat.<\/p>\n\n\n\n<p class=\"wp-block-paragraph\">Seneschall Matthias David<\/p>\n","protected":false},"excerpt":{"rendered":"<p>(Predigtgedanken zum 23. So. i. Jahreskreis \/ 15. So. n. Trinitatis \u2013 Mk 7:31-37, Jes 35:4-7a, Jak 2:1-5) &nbsp;&nbsp;&nbsp;&nbsp;&nbsp;&nbsp;&nbsp;&nbsp;&nbsp;&nbsp;&nbsp;&nbsp;&nbsp;&nbsp;&nbsp;&nbsp;&nbsp;&nbsp;&nbsp;&nbsp;&nbsp;&nbsp;&nbsp;&nbsp;&nbsp;&nbsp;&nbsp;&nbsp;&nbsp;&nbsp;&nbsp;&nbsp;&nbsp;&nbsp;&nbsp;&nbsp;&nbsp;&nbsp;&nbsp;&nbsp;&nbsp;&nbsp;&nbsp;&nbsp;&nbsp;&nbsp;&nbsp;&nbsp;&nbsp;&nbsp;&nbsp;&nbsp;&nbsp;&nbsp;&nbsp;&nbsp;&nbsp;&nbsp;&nbsp;&nbsp;&nbsp;&nbsp;&nbsp;&nbsp;&nbsp;&nbsp;&nbsp;&nbsp;&nbsp;&nbsp;&nbsp;&nbsp;&nbsp;&nbsp;&nbsp;&nbsp;&nbsp;&nbsp;&nbsp;&nbsp;&nbsp;&nbsp;&nbsp;&nbsp;&nbsp;&nbsp;&nbsp;&nbsp;&nbsp;&nbsp;&nbsp;&nbsp;&nbsp;&nbsp;&nbsp;&nbsp;&nbsp;&nbsp;&nbsp;&nbsp;&nbsp;&nbsp;&nbsp;&nbsp;&nbsp;&nbsp;&nbsp; Die Heilung eines Taubstummen hat im Taufritual Spuren hinterlassen. Dies zeigt, wie fundamental wichtig es ist, dass Menschen ihre sinnliche Wahrnehmung gebrauchen und sich ausdr\u00fccken k\u00f6nnen. Es fordert uns auf, dass\u2026<\/p>\n<p> <a class=\"continue-reading-link\" href=\"https:\/\/tempelherrenorden.de\/cms\/zwischen-lautstarken-minderheiten-und-schweigender-mehrheit\/\"><span>Artikel lesen<\/span><i class=\"crycon-right-dir\"><\/i><\/a> <\/p>\n","protected":false},"author":10,"featured_media":0,"comment_status":"closed","ping_status":"closed","sticky":false,"template":"","format":"standard","meta":{"_crdt_document":"","jetpack_post_was_ever_published":false,"_jetpack_newsletter_access":"","_jetpack_dont_email_post_to_subs":false,"_jetpack_newsletter_tier_id":0,"_jetpack_memberships_contains_paywalled_content":false,"_jetpack_memberships_contains_paid_content":false,"footnotes":""},"categories":[1],"tags":[134,92,63,45,44],"class_list":["post-5093","post","type-post","status-publish","format-standard","hentry","category-allgemein","tag-matthias-david","tag-predigt","tag-tempelherren","tag-tempelritter","tag-templer"],"yoast_head":"<!-- This site is optimized with the Yoast SEO plugin v27.4 - https:\/\/yoast.com\/product\/yoast-seo-wordpress\/ -->\n<title>ZWISCHEN LAUTSTARKEN MINDERHEITEN UND SCHWEIGENDER MEHRHEIT &#8226; Deutscher Tempelherren-Orden<\/title>\n<meta name=\"robots\" content=\"index, follow, max-snippet:-1, max-image-preview:large, max-video-preview:-1\" \/>\n<link rel=\"canonical\" href=\"https:\/\/tempelherrenorden.de\/cms\/zwischen-lautstarken-minderheiten-und-schweigender-mehrheit\/\" \/>\n<meta property=\"og:locale\" content=\"de_DE\" \/>\n<meta property=\"og:type\" content=\"article\" \/>\n<meta property=\"og:title\" content=\"ZWISCHEN LAUTSTARKEN MINDERHEITEN UND SCHWEIGENDER MEHRHEIT &#8226; Deutscher Tempelherren-Orden\" \/>\n<meta property=\"og:description\" content=\"(Predigtgedanken zum 23. So. i. Jahreskreis \/ 15. So. n. Trinitatis \u2013 Mk 7:31-37, Jes 35:4-7a, Jak 2:1-5) &nbsp;&nbsp;&nbsp;&nbsp;&nbsp;&nbsp;&nbsp;&nbsp;&nbsp;&nbsp;&nbsp;&nbsp;&nbsp;&nbsp;&nbsp;&nbsp;&nbsp;&nbsp;&nbsp;&nbsp;&nbsp;&nbsp;&nbsp;&nbsp;&nbsp;&nbsp;&nbsp;&nbsp;&nbsp;&nbsp;&nbsp;&nbsp;&nbsp;&nbsp;&nbsp;&nbsp;&nbsp;&nbsp;&nbsp;&nbsp;&nbsp;&nbsp;&nbsp;&nbsp;&nbsp;&nbsp;&nbsp;&nbsp;&nbsp;&nbsp;&nbsp;&nbsp;&nbsp;&nbsp;&nbsp;&nbsp;&nbsp;&nbsp;&nbsp;&nbsp;&nbsp;&nbsp;&nbsp;&nbsp;&nbsp;&nbsp;&nbsp;&nbsp;&nbsp;&nbsp;&nbsp;&nbsp;&nbsp;&nbsp;&nbsp;&nbsp;&nbsp;&nbsp;&nbsp;&nbsp;&nbsp;&nbsp;&nbsp;&nbsp;&nbsp;&nbsp;&nbsp;&nbsp;&nbsp;&nbsp;&nbsp;&nbsp;&nbsp;&nbsp;&nbsp;&nbsp;&nbsp;&nbsp;&nbsp;&nbsp;&nbsp;&nbsp;&nbsp;&nbsp;&nbsp;&nbsp;&nbsp; Die Heilung eines Taubstummen hat im Taufritual Spuren hinterlassen. Dies zeigt, wie fundamental wichtig es ist, dass Menschen ihre sinnliche Wahrnehmung gebrauchen und sich ausdr\u00fccken k\u00f6nnen. Es fordert uns auf, dass\u2026 Artikel lesen\" \/>\n<meta property=\"og:url\" content=\"https:\/\/tempelherrenorden.de\/cms\/zwischen-lautstarken-minderheiten-und-schweigender-mehrheit\/\" \/>\n<meta property=\"og:site_name\" content=\"Deutscher Tempelherren-Orden\" \/>\n<meta property=\"article:publisher\" content=\"https:\/\/www.facebook.com\/Deutscher-Tempelherren-Orden-OMCT-2054469481490772\/\" \/>\n<meta property=\"article:published_time\" content=\"2024-09-07T17:24:19+00:00\" \/>\n<meta property=\"article:modified_time\" content=\"2024-09-07T17:24:20+00:00\" \/>\n<meta name=\"author\" content=\"Redaktion\" \/>\n<meta name=\"twitter:card\" content=\"summary_large_image\" \/>\n<meta name=\"twitter:label1\" content=\"Verfasst von\" \/>\n\t<meta name=\"twitter:data1\" content=\"Redaktion\" \/>\n\t<meta name=\"twitter:label2\" content=\"Gesch\u00e4tzte Lesezeit\" \/>\n\t<meta name=\"twitter:data2\" content=\"4\u00a0Minuten\" \/>\n<script type=\"application\/ld+json\" class=\"yoast-schema-graph\">{\"@context\":\"https:\\\/\\\/schema.org\",\"@graph\":[{\"@type\":\"Article\",\"@id\":\"https:\\\/\\\/tempelherrenorden.de\\\/cms\\\/zwischen-lautstarken-minderheiten-und-schweigender-mehrheit\\\/#article\",\"isPartOf\":{\"@id\":\"https:\\\/\\\/tempelherrenorden.de\\\/cms\\\/zwischen-lautstarken-minderheiten-und-schweigender-mehrheit\\\/\"},\"author\":{\"name\":\"Redaktion\",\"@id\":\"https:\\\/\\\/tempelherrenorden.de\\\/cms\\\/#\\\/schema\\\/person\\\/c4b556c7412791f0ed2d6851086be4aa\"},\"headline\":\"ZWISCHEN LAUTSTARKEN MINDERHEITEN UND SCHWEIGENDER MEHRHEIT\",\"datePublished\":\"2024-09-07T17:24:19+00:00\",\"dateModified\":\"2024-09-07T17:24:20+00:00\",\"mainEntityOfPage\":{\"@id\":\"https:\\\/\\\/tempelherrenorden.de\\\/cms\\\/zwischen-lautstarken-minderheiten-und-schweigender-mehrheit\\\/\"},\"wordCount\":854,\"publisher\":{\"@id\":\"https:\\\/\\\/tempelherrenorden.de\\\/cms\\\/#organization\"},\"keywords\":[\"Matthias David\",\"Predigt\",\"Tempelherren\",\"Tempelritter\",\"Templer\"],\"inLanguage\":\"de\"},{\"@type\":\"WebPage\",\"@id\":\"https:\\\/\\\/tempelherrenorden.de\\\/cms\\\/zwischen-lautstarken-minderheiten-und-schweigender-mehrheit\\\/\",\"url\":\"https:\\\/\\\/tempelherrenorden.de\\\/cms\\\/zwischen-lautstarken-minderheiten-und-schweigender-mehrheit\\\/\",\"name\":\"ZWISCHEN LAUTSTARKEN MINDERHEITEN UND SCHWEIGENDER MEHRHEIT &#8226; Deutscher Tempelherren-Orden\",\"isPartOf\":{\"@id\":\"https:\\\/\\\/tempelherrenorden.de\\\/cms\\\/#website\"},\"datePublished\":\"2024-09-07T17:24:19+00:00\",\"dateModified\":\"2024-09-07T17:24:20+00:00\",\"breadcrumb\":{\"@id\":\"https:\\\/\\\/tempelherrenorden.de\\\/cms\\\/zwischen-lautstarken-minderheiten-und-schweigender-mehrheit\\\/#breadcrumb\"},\"inLanguage\":\"de\",\"potentialAction\":[{\"@type\":\"ReadAction\",\"target\":[\"https:\\\/\\\/tempelherrenorden.de\\\/cms\\\/zwischen-lautstarken-minderheiten-und-schweigender-mehrheit\\\/\"]}]},{\"@type\":\"BreadcrumbList\",\"@id\":\"https:\\\/\\\/tempelherrenorden.de\\\/cms\\\/zwischen-lautstarken-minderheiten-und-schweigender-mehrheit\\\/#breadcrumb\",\"itemListElement\":[{\"@type\":\"ListItem\",\"position\":1,\"name\":\"Startseite\",\"item\":\"https:\\\/\\\/tempelherrenorden.de\\\/cms\\\/\"},{\"@type\":\"ListItem\",\"position\":2,\"name\":\"ZWISCHEN LAUTSTARKEN MINDERHEITEN UND SCHWEIGENDER MEHRHEIT\"}]},{\"@type\":\"WebSite\",\"@id\":\"https:\\\/\\\/tempelherrenorden.de\\\/cms\\\/#website\",\"url\":\"https:\\\/\\\/tempelherrenorden.de\\\/cms\\\/\",\"name\":\"Deutscher Tempelherren-Orden\",\"description\":\"\",\"publisher\":{\"@id\":\"https:\\\/\\\/tempelherrenorden.de\\\/cms\\\/#organization\"},\"potentialAction\":[{\"@type\":\"SearchAction\",\"target\":{\"@type\":\"EntryPoint\",\"urlTemplate\":\"https:\\\/\\\/tempelherrenorden.de\\\/cms\\\/?s={search_term_string}\"},\"query-input\":{\"@type\":\"PropertyValueSpecification\",\"valueRequired\":true,\"valueName\":\"search_term_string\"}}],\"inLanguage\":\"de\"},{\"@type\":\"Organization\",\"@id\":\"https:\\\/\\\/tempelherrenorden.de\\\/cms\\\/#organization\",\"name\":\"Deutscher Tempelherren-Orden OMCT e.V.\",\"url\":\"https:\\\/\\\/tempelherrenorden.de\\\/cms\\\/\",\"logo\":{\"@type\":\"ImageObject\",\"inLanguage\":\"de\",\"@id\":\"https:\\\/\\\/tempelherrenorden.de\\\/cms\\\/#\\\/schema\\\/logo\\\/image\\\/\",\"url\":\"https:\\\/\\\/i0.wp.com\\\/tempelherrenorden.de\\\/cms\\\/wp-content\\\/uploads\\\/2018\\\/01\\\/OMCT-Wappen.jpg?fit=997%2C1198&ssl=1\",\"contentUrl\":\"https:\\\/\\\/i0.wp.com\\\/tempelherrenorden.de\\\/cms\\\/wp-content\\\/uploads\\\/2018\\\/01\\\/OMCT-Wappen.jpg?fit=997%2C1198&ssl=1\",\"width\":997,\"height\":1198,\"caption\":\"Deutscher Tempelherren-Orden OMCT e.V.\"},\"image\":{\"@id\":\"https:\\\/\\\/tempelherrenorden.de\\\/cms\\\/#\\\/schema\\\/logo\\\/image\\\/\"},\"sameAs\":[\"https:\\\/\\\/www.facebook.com\\\/Deutscher-Tempelherren-Orden-OMCT-2054469481490772\\\/\"]},{\"@type\":\"Person\",\"@id\":\"https:\\\/\\\/tempelherrenorden.de\\\/cms\\\/#\\\/schema\\\/person\\\/c4b556c7412791f0ed2d6851086be4aa\",\"name\":\"Redaktion\",\"image\":{\"@type\":\"ImageObject\",\"inLanguage\":\"de\",\"@id\":\"https:\\\/\\\/secure.gravatar.com\\\/avatar\\\/4ed839132852af2d0905f18562e70ba28d4d5c2fa1196284813995a27f534319?s=96&d=mm&r=g\",\"url\":\"https:\\\/\\\/secure.gravatar.com\\\/avatar\\\/4ed839132852af2d0905f18562e70ba28d4d5c2fa1196284813995a27f534319?s=96&d=mm&r=g\",\"contentUrl\":\"https:\\\/\\\/secure.gravatar.com\\\/avatar\\\/4ed839132852af2d0905f18562e70ba28d4d5c2fa1196284813995a27f534319?s=96&d=mm&r=g\",\"caption\":\"Redaktion\"},\"url\":\"https:\\\/\\\/tempelherrenorden.de\\\/cms\\\/author\\\/redaktion\\\/\"}]}<\/script>\n<!-- \/ Yoast SEO plugin. -->","yoast_head_json":{"title":"ZWISCHEN LAUTSTARKEN MINDERHEITEN UND SCHWEIGENDER MEHRHEIT &#8226; Deutscher Tempelherren-Orden","robots":{"index":"index","follow":"follow","max-snippet":"max-snippet:-1","max-image-preview":"max-image-preview:large","max-video-preview":"max-video-preview:-1"},"canonical":"https:\/\/tempelherrenorden.de\/cms\/zwischen-lautstarken-minderheiten-und-schweigender-mehrheit\/","og_locale":"de_DE","og_type":"article","og_title":"ZWISCHEN LAUTSTARKEN MINDERHEITEN UND SCHWEIGENDER MEHRHEIT &#8226; Deutscher Tempelherren-Orden","og_description":"(Predigtgedanken zum 23. So. i. Jahreskreis \/ 15. So. n. Trinitatis \u2013 Mk 7:31-37, Jes 35:4-7a, Jak 2:1-5) &nbsp;&nbsp;&nbsp;&nbsp;&nbsp;&nbsp;&nbsp;&nbsp;&nbsp;&nbsp;&nbsp;&nbsp;&nbsp;&nbsp;&nbsp;&nbsp;&nbsp;&nbsp;&nbsp;&nbsp;&nbsp;&nbsp;&nbsp;&nbsp;&nbsp;&nbsp;&nbsp;&nbsp;&nbsp;&nbsp;&nbsp;&nbsp;&nbsp;&nbsp;&nbsp;&nbsp;&nbsp;&nbsp;&nbsp;&nbsp;&nbsp;&nbsp;&nbsp;&nbsp;&nbsp;&nbsp;&nbsp;&nbsp;&nbsp;&nbsp;&nbsp;&nbsp;&nbsp;&nbsp;&nbsp;&nbsp;&nbsp;&nbsp;&nbsp;&nbsp;&nbsp;&nbsp;&nbsp;&nbsp;&nbsp;&nbsp;&nbsp;&nbsp;&nbsp;&nbsp;&nbsp;&nbsp;&nbsp;&nbsp;&nbsp;&nbsp;&nbsp;&nbsp;&nbsp;&nbsp;&nbsp;&nbsp;&nbsp;&nbsp;&nbsp;&nbsp;&nbsp;&nbsp;&nbsp;&nbsp;&nbsp;&nbsp;&nbsp;&nbsp;&nbsp;&nbsp;&nbsp;&nbsp;&nbsp;&nbsp;&nbsp;&nbsp;&nbsp;&nbsp;&nbsp;&nbsp;&nbsp; Die Heilung eines Taubstummen hat im Taufritual Spuren hinterlassen. Dies zeigt, wie fundamental wichtig es ist, dass Menschen ihre sinnliche Wahrnehmung gebrauchen und sich ausdr\u00fccken k\u00f6nnen. Es fordert uns auf, dass\u2026 Artikel lesen","og_url":"https:\/\/tempelherrenorden.de\/cms\/zwischen-lautstarken-minderheiten-und-schweigender-mehrheit\/","og_site_name":"Deutscher Tempelherren-Orden","article_publisher":"https:\/\/www.facebook.com\/Deutscher-Tempelherren-Orden-OMCT-2054469481490772\/","article_published_time":"2024-09-07T17:24:19+00:00","article_modified_time":"2024-09-07T17:24:20+00:00","author":"Redaktion","twitter_card":"summary_large_image","twitter_misc":{"Verfasst von":"Redaktion","Gesch\u00e4tzte Lesezeit":"4\u00a0Minuten"},"schema":{"@context":"https:\/\/schema.org","@graph":[{"@type":"Article","@id":"https:\/\/tempelherrenorden.de\/cms\/zwischen-lautstarken-minderheiten-und-schweigender-mehrheit\/#article","isPartOf":{"@id":"https:\/\/tempelherrenorden.de\/cms\/zwischen-lautstarken-minderheiten-und-schweigender-mehrheit\/"},"author":{"name":"Redaktion","@id":"https:\/\/tempelherrenorden.de\/cms\/#\/schema\/person\/c4b556c7412791f0ed2d6851086be4aa"},"headline":"ZWISCHEN LAUTSTARKEN MINDERHEITEN UND SCHWEIGENDER MEHRHEIT","datePublished":"2024-09-07T17:24:19+00:00","dateModified":"2024-09-07T17:24:20+00:00","mainEntityOfPage":{"@id":"https:\/\/tempelherrenorden.de\/cms\/zwischen-lautstarken-minderheiten-und-schweigender-mehrheit\/"},"wordCount":854,"publisher":{"@id":"https:\/\/tempelherrenorden.de\/cms\/#organization"},"keywords":["Matthias David","Predigt","Tempelherren","Tempelritter","Templer"],"inLanguage":"de"},{"@type":"WebPage","@id":"https:\/\/tempelherrenorden.de\/cms\/zwischen-lautstarken-minderheiten-und-schweigender-mehrheit\/","url":"https:\/\/tempelherrenorden.de\/cms\/zwischen-lautstarken-minderheiten-und-schweigender-mehrheit\/","name":"ZWISCHEN LAUTSTARKEN MINDERHEITEN UND SCHWEIGENDER MEHRHEIT &#8226; Deutscher Tempelherren-Orden","isPartOf":{"@id":"https:\/\/tempelherrenorden.de\/cms\/#website"},"datePublished":"2024-09-07T17:24:19+00:00","dateModified":"2024-09-07T17:24:20+00:00","breadcrumb":{"@id":"https:\/\/tempelherrenorden.de\/cms\/zwischen-lautstarken-minderheiten-und-schweigender-mehrheit\/#breadcrumb"},"inLanguage":"de","potentialAction":[{"@type":"ReadAction","target":["https:\/\/tempelherrenorden.de\/cms\/zwischen-lautstarken-minderheiten-und-schweigender-mehrheit\/"]}]},{"@type":"BreadcrumbList","@id":"https:\/\/tempelherrenorden.de\/cms\/zwischen-lautstarken-minderheiten-und-schweigender-mehrheit\/#breadcrumb","itemListElement":[{"@type":"ListItem","position":1,"name":"Startseite","item":"https:\/\/tempelherrenorden.de\/cms\/"},{"@type":"ListItem","position":2,"name":"ZWISCHEN LAUTSTARKEN MINDERHEITEN UND SCHWEIGENDER MEHRHEIT"}]},{"@type":"WebSite","@id":"https:\/\/tempelherrenorden.de\/cms\/#website","url":"https:\/\/tempelherrenorden.de\/cms\/","name":"Deutscher Tempelherren-Orden","description":"","publisher":{"@id":"https:\/\/tempelherrenorden.de\/cms\/#organization"},"potentialAction":[{"@type":"SearchAction","target":{"@type":"EntryPoint","urlTemplate":"https:\/\/tempelherrenorden.de\/cms\/?s={search_term_string}"},"query-input":{"@type":"PropertyValueSpecification","valueRequired":true,"valueName":"search_term_string"}}],"inLanguage":"de"},{"@type":"Organization","@id":"https:\/\/tempelherrenorden.de\/cms\/#organization","name":"Deutscher Tempelherren-Orden OMCT e.V.","url":"https:\/\/tempelherrenorden.de\/cms\/","logo":{"@type":"ImageObject","inLanguage":"de","@id":"https:\/\/tempelherrenorden.de\/cms\/#\/schema\/logo\/image\/","url":"https:\/\/i0.wp.com\/tempelherrenorden.de\/cms\/wp-content\/uploads\/2018\/01\/OMCT-Wappen.jpg?fit=997%2C1198&ssl=1","contentUrl":"https:\/\/i0.wp.com\/tempelherrenorden.de\/cms\/wp-content\/uploads\/2018\/01\/OMCT-Wappen.jpg?fit=997%2C1198&ssl=1","width":997,"height":1198,"caption":"Deutscher Tempelherren-Orden OMCT e.V."},"image":{"@id":"https:\/\/tempelherrenorden.de\/cms\/#\/schema\/logo\/image\/"},"sameAs":["https:\/\/www.facebook.com\/Deutscher-Tempelherren-Orden-OMCT-2054469481490772\/"]},{"@type":"Person","@id":"https:\/\/tempelherrenorden.de\/cms\/#\/schema\/person\/c4b556c7412791f0ed2d6851086be4aa","name":"Redaktion","image":{"@type":"ImageObject","inLanguage":"de","@id":"https:\/\/secure.gravatar.com\/avatar\/4ed839132852af2d0905f18562e70ba28d4d5c2fa1196284813995a27f534319?s=96&d=mm&r=g","url":"https:\/\/secure.gravatar.com\/avatar\/4ed839132852af2d0905f18562e70ba28d4d5c2fa1196284813995a27f534319?s=96&d=mm&r=g","contentUrl":"https:\/\/secure.gravatar.com\/avatar\/4ed839132852af2d0905f18562e70ba28d4d5c2fa1196284813995a27f534319?s=96&d=mm&r=g","caption":"Redaktion"},"url":"https:\/\/tempelherrenorden.de\/cms\/author\/redaktion\/"}]}},"jetpack_featured_media_url":"","jetpack_shortlink":"https:\/\/wp.me\/p5yQvL-1k9","jetpack_sharing_enabled":true,"_links":{"self":[{"href":"https:\/\/tempelherrenorden.de\/cms\/wp-json\/wp\/v2\/posts\/5093","targetHints":{"allow":["GET"]}}],"collection":[{"href":"https:\/\/tempelherrenorden.de\/cms\/wp-json\/wp\/v2\/posts"}],"about":[{"href":"https:\/\/tempelherrenorden.de\/cms\/wp-json\/wp\/v2\/types\/post"}],"author":[{"embeddable":true,"href":"https:\/\/tempelherrenorden.de\/cms\/wp-json\/wp\/v2\/users\/10"}],"replies":[{"embeddable":true,"href":"https:\/\/tempelherrenorden.de\/cms\/wp-json\/wp\/v2\/comments?post=5093"}],"version-history":[{"count":1,"href":"https:\/\/tempelherrenorden.de\/cms\/wp-json\/wp\/v2\/posts\/5093\/revisions"}],"predecessor-version":[{"id":5094,"href":"https:\/\/tempelherrenorden.de\/cms\/wp-json\/wp\/v2\/posts\/5093\/revisions\/5094"}],"wp:attachment":[{"href":"https:\/\/tempelherrenorden.de\/cms\/wp-json\/wp\/v2\/media?parent=5093"}],"wp:term":[{"taxonomy":"category","embeddable":true,"href":"https:\/\/tempelherrenorden.de\/cms\/wp-json\/wp\/v2\/categories?post=5093"},{"taxonomy":"post_tag","embeddable":true,"href":"https:\/\/tempelherrenorden.de\/cms\/wp-json\/wp\/v2\/tags?post=5093"}],"curies":[{"name":"wp","href":"https:\/\/api.w.org\/{rel}","templated":true}]}}