{"id":5137,"date":"2024-12-14T18:46:21","date_gmt":"2024-12-14T17:46:21","guid":{"rendered":"https:\/\/tempelherrenorden.de\/cms\/?p=5137"},"modified":"2024-12-14T18:46:23","modified_gmt":"2024-12-14T17:46:23","slug":"mich-wundert-dass-ich-froehlich-bin-predigtgedanken-zum-3-advent-lk-310-18-zef-314-17-phil-44-7","status":"publish","type":"post","link":"https:\/\/tempelherrenorden.de\/cms\/mich-wundert-dass-ich-froehlich-bin-predigtgedanken-zum-3-advent-lk-310-18-zef-314-17-phil-44-7\/","title":{"rendered":"MICH WUNDERT, DASS ICH FR\u00d6HLICH BIN Predigtgedanken zum 3, Advent Lk 3:10-18, Zef 3:14-17, Phil 4:4-7\u00a0\u00a0\u00a0\u00a0\u00a0\u00a0\u00a0\u00a0\u00a0\u00a0\u00a0\u00a0\u00a0\u00a0\u00a0\u00a0\u00a0\u00a0\u00a0\u00a0\u00a0\u00a0\u00a0\u00a0\u00a0\u00a0\u00a0"},"content":{"rendered":"\n<h2 class=\"wp-block-heading\">Die Liturgie des 3. Adventssonntages beginnt mit der Aufforderung &#8222;Freut euch im Herrn zu jeder Zeit&#8220; und tr\u00e4gt den lateinischen Titel Gaudete. Was ist der Grund dieser Freude? Es geht dabei mehr als um eine Vorfreude auf Weihnachten. Wer Gott nahe wei\u00df, kann froh und gelassen sein.<\/h2>\n\n\n\n<!--more-->\n\n\n\n<h3 class=\"wp-block-heading\"><em>UNRUHIGES GETRIEBENSEIN<\/em><\/h3>\n\n\n\n<p class=\"wp-block-paragraph\">Der Advent ist eine au\u00dfergew\u00f6hnliche Zeit. In vielen Berufen steigt der Stress der t\u00e4glichen Arbeit, da es auf das Jahresende zugeht. Die Kaufleute m\u00f6chten die Ums\u00e4tze des Vorjahres noch \u00fcbertreffen, denn nur wirtschaftliches Wachstum kann ihr Gesch\u00e4ft stabil halten. Die Buchhalter und Gesch\u00e4ftsf\u00fchrer m\u00fcssen noch vor dem Jahresende Dinge richtigstellen, damit die Bilanz kein schiefes Bild abgibt, und im privaten Bereich gilt es auch, W\u00fcnsche der Liebsten zu erkennen und auf Weihnachten hin zu befriedigen.<br \/>Wer kann da noch ruhig schlafen oder gar noch fr\u00f6hlich sein, wie es der Apostel im Brief an die Philipper von uns fordert?<br \/><br \/>In den Advent eingestiegen sind wir mit Gedanken an das Ende; einerseits das sichere Ende, das jeder von uns pers\u00f6nlich vor sich hat, aber auch an das jederzeit m\u00f6gliche Ende, etwa durch Katastrophen, Unf\u00e4lle usw., gegen die wir uns nicht restlos absichern k\u00f6nnen oder gar das Ende der Welt. Wer kann da noch fr\u00f6hlich sein?<\/p>\n\n\n\n<h3 class=\"wp-block-heading\"><em>DER HERR IST NAHE<\/em><\/h3>\n\n\n\n<p class=\"wp-block-paragraph\">Aus alter Zeit werden uns Verse \u00fcberliefert &#8211; man wei\u00df nicht mehr, wann genau sie entstanden sind -, die uns an die vom Apostel ausgerufene Freude n\u00e4her heranf\u00fchren k\u00f6nnen:<br \/>&nbsp;&nbsp;&nbsp;&nbsp;&nbsp;&nbsp;&nbsp;&nbsp;&nbsp;&nbsp;&nbsp;&nbsp;&nbsp;&nbsp;&nbsp;&nbsp;&nbsp;&nbsp;&nbsp;&nbsp;&nbsp;&nbsp;&nbsp;&nbsp;&nbsp;&nbsp;&nbsp;&nbsp;&nbsp;&nbsp;&nbsp;&nbsp;&nbsp;&nbsp;&nbsp;&nbsp;&nbsp;&nbsp;&nbsp;&nbsp;&nbsp;&nbsp;&nbsp;&nbsp;&nbsp;&nbsp;&nbsp;&nbsp;&nbsp;&nbsp;&nbsp;&nbsp;&nbsp;&nbsp;&nbsp;&nbsp;&nbsp;&nbsp;&nbsp;&nbsp;&nbsp;&nbsp;&nbsp;&nbsp;&nbsp;&nbsp;&nbsp;&nbsp;&nbsp;&nbsp;&nbsp;&nbsp;&nbsp;&nbsp;&nbsp;&nbsp;&nbsp;&nbsp;&nbsp;&nbsp;&nbsp;&nbsp;&nbsp;&nbsp;&nbsp;&nbsp;&nbsp;&nbsp;&nbsp;&nbsp;&nbsp;&nbsp;&nbsp;&nbsp;&nbsp;&nbsp; <em>Ich bin und wei\u00df nicht wer.<br \/>Ich komm&#8216; und wei\u00df nicht woher.<br \/>Ich geh&#8216;, ich wei\u00df nicht wohin.<br \/>Mich wundert, dass ich so fr\u00f6hlich bin!<br \/>&nbsp;&nbsp;&nbsp;&nbsp;&nbsp;&nbsp;&nbsp;&nbsp;&nbsp;&nbsp;&nbsp;&nbsp;&nbsp;&nbsp;&nbsp;&nbsp;&nbsp;&nbsp;&nbsp;&nbsp;&nbsp;&nbsp;&nbsp;&nbsp;&nbsp;&nbsp;&nbsp;&nbsp;&nbsp;&nbsp;&nbsp;&nbsp;&nbsp;&nbsp;&nbsp;&nbsp;&nbsp;&nbsp;&nbsp;&nbsp;&nbsp;&nbsp;&nbsp;&nbsp;&nbsp;&nbsp;&nbsp;&nbsp;&nbsp;&nbsp;&nbsp;&nbsp;&nbsp;&nbsp;&nbsp;&nbsp;&nbsp;&nbsp;&nbsp;&nbsp;&nbsp;&nbsp;&nbsp;&nbsp;&nbsp;&nbsp;&nbsp;&nbsp;&nbsp;&nbsp;&nbsp;&nbsp;&nbsp;&nbsp;&nbsp;&nbsp;&nbsp;&nbsp;&nbsp;&nbsp;&nbsp;&nbsp;&nbsp;&nbsp;&nbsp;&nbsp; <\/em>Wie kann man fr\u00f6hlich sein, wenn so vieles unsicher ist? &#8211; Wer sich in Gottes Hand wei\u00df, kann auch angesichts ernster Verh\u00e4ltnisse fr\u00f6hlich bleiben und muss nicht in Galgenhumor ausweichen.<br \/><br \/>Der Apostel Paulus sieht den Grund seiner frohen Gelassenheit in der Gewissheit, dass der Herr nahe ist. Diese kann in zwei Richtungen verstanden werden. Er selbst war wie viele Menschen damals fest \u00fcberzeugt, dass der Messias bald wiederkommen und die Welt vollenden werde. Wer ein reines Herz und ein gutes Gewissen hat, kann diesen Zeitpunkt sogar herbeisehnen. Man kann die N\u00e4he des Herrn aber auch in dem Sinne verstehen, dass wir in seiner Gegenwart leben, ihn nahe wissen. So kann ich mich nicht von ihm verlassen f\u00fchlen, auch wenn ich vielleicht rundum Sorgen habe.<\/p>\n\n\n\n<h3 class=\"wp-block-heading\"><em>UMDENKEN, SICH BEKEHREN<\/em><\/h3>\n\n\n\n<p class=\"wp-block-paragraph\">Auch Johannes der T\u00e4ufer war vom Gedanken, dass Gott im Kommen ist, ganz eingenommen. Am Jordan predigte er Umkehr. Das urspr\u00fcnglich griechisch abgefasste Evangelium verwendet daf\u00fcr das Wort &#8222;Metanoia&#8220;, w\u00f6rtlich \u00fcbersetzt hei\u00dft das &#8222;Umdenken&#8220;. Viele unserer problematischen Verhaltensweisen haben ihre Wurzeln in unserem Kopf bzw. in unserem Herzen. Wir sind gierig, raffen zusammen, was wir uns aneignen k\u00f6nnen, mehr als wir brauchen, weil wir von einer panischen Sorge getrieben sind. Was Johannes von seinen Zuh\u00f6rern konkret als Zeichen des Umdenkens fordert, sind genau genommen Selbstverst\u00e4ndlichkeiten: die Z\u00f6llner sollen nicht mehr verlangen, als festgesetzt ist, die Soldaten sollen niemand misshandeln oder gar erpressen. Nur die Aufforderung, mit den \u00c4rmeren zu teilen, geht dar\u00fcber hinaus, verlangt aber auch nicht Unm\u00f6gliches. Was er verlangt, ist selbstverst\u00e4ndliche Moralit\u00e4t, wie man sie von jedem Menschen erwarten kann. Es ist gleichsam das Wasser, mit dem alle kochen, unabh\u00e4ngig von jeder Religion und Weltanschauung.<\/p>\n\n\n\n<h3 class=\"wp-block-heading\"><em>WASSER, FEUER UND HEILIGER GEIST<\/em><\/h3>\n\n\n\n<p class=\"wp-block-paragraph\">Seiner Taufe mit Wasser, mit dem symbolischen Abwaschen all dessen, mit dem wir uns schmutzig gemacht haben, stellt er die Taufe mit Heiligem Geist und Feuer gegen\u00fcber, die Jesus bringen werde. Jesus l\u00e4sst uns eintauchen in einen neuen Geist, damit dieser uns l\u00e4utert wie Feuer das Metall im Schmelzofen.<br \/><br \/>Worin besteht dieser neue Geist, dieses neue Denken? Der neue Geist ist die Gewissheit der N\u00e4he Gottes. Sie l\u00e4sst uns froh und gelassen sein, denn wir k\u00f6nnen nicht tiefer fallen als in die H\u00e4nde Gottes. Vor diesem Gott brauchen wir uns nicht zu f\u00fcrchten. Wir k\u00f6nnen alle Hintergedanken beiseite lassen, aufeinander zugehen und miteinander teilen. Dieser Geist macht aber auch wertlos, was nicht wirklich Substanz hat. Alle k\u00fcnstlich aufgebauschten Werte werden in seinem Feuer verbrennen wie der M\u00fcll, den die Stadtverwaltung sammelt und in ihren Verbrennungsanlagen verheizt.<br \/><br \/>Der dritte Adventssonntag l\u00e4dt uns ein innezuhalten und uns dem Geist Jesu zu \u00f6ffnen. Durch ihn werden wir jene Freude erleben, die aus der Tiefe unseres Glaubens kommt. Sie kann die Atmosph\u00e4re in unserer Umgebung und die Beziehung zu den Menschen, die uns umgeben, ver\u00e4ndern und uns von innen her erneuern.<\/p>\n\n\n\n<p class=\"wp-block-paragraph\">Seneschall Matthias David<\/p>\n","protected":false},"excerpt":{"rendered":"<p>Die Liturgie des 3. Adventssonntages beginnt mit der Aufforderung &#8222;Freut euch im Herrn zu jeder Zeit&#8220; und tr\u00e4gt den lateinischen Titel Gaudete. Was ist der Grund dieser Freude? Es geht dabei mehr als um eine Vorfreude auf Weihnachten. Wer Gott nahe wei\u00df, kann froh und gelassen sein.<\/p>\n<p> <a class=\"continue-reading-link\" href=\"https:\/\/tempelherrenorden.de\/cms\/mich-wundert-dass-ich-froehlich-bin-predigtgedanken-zum-3-advent-lk-310-18-zef-314-17-phil-44-7\/\"><span>Artikel lesen<\/span><i class=\"crycon-right-dir\"><\/i><\/a> <\/p>\n","protected":false},"author":10,"featured_media":0,"comment_status":"closed","ping_status":"closed","sticky":false,"template":"","format":"standard","meta":{"_crdt_document":"","jetpack_post_was_ever_published":false,"_jetpack_newsletter_access":"","_jetpack_dont_email_post_to_subs":false,"_jetpack_newsletter_tier_id":0,"_jetpack_memberships_contains_paywalled_content":false,"_jetpack_memberships_contains_paid_content":false,"footnotes":""},"categories":[1],"tags":[134,92,63,45,44],"class_list":["post-5137","post","type-post","status-publish","format-standard","hentry","category-allgemein","tag-matthias-david","tag-predigt","tag-tempelherren","tag-tempelritter","tag-templer"],"yoast_head":"<!-- This site is optimized with the Yoast SEO plugin v27.4 - https:\/\/yoast.com\/product\/yoast-seo-wordpress\/ -->\n<title>MICH WUNDERT, DASS ICH FR\u00d6HLICH BIN Predigtgedanken zum 3, Advent Lk 3:10-18, Zef 3:14-17, Phil 4:4-7\u00a0\u00a0\u00a0\u00a0\u00a0\u00a0\u00a0\u00a0\u00a0\u00a0\u00a0\u00a0\u00a0\u00a0\u00a0\u00a0\u00a0\u00a0\u00a0\u00a0\u00a0\u00a0\u00a0\u00a0\u00a0\u00a0\u00a0 &#8226; Deutscher Tempelherren-Orden<\/title>\n<meta name=\"robots\" content=\"index, follow, max-snippet:-1, max-image-preview:large, max-video-preview:-1\" \/>\n<link rel=\"canonical\" href=\"https:\/\/tempelherrenorden.de\/cms\/mich-wundert-dass-ich-froehlich-bin-predigtgedanken-zum-3-advent-lk-310-18-zef-314-17-phil-44-7\/\" \/>\n<meta property=\"og:locale\" content=\"de_DE\" \/>\n<meta property=\"og:type\" content=\"article\" \/>\n<meta property=\"og:title\" content=\"MICH WUNDERT, DASS ICH FR\u00d6HLICH BIN Predigtgedanken zum 3, Advent Lk 3:10-18, Zef 3:14-17, Phil 4:4-7\u00a0\u00a0\u00a0\u00a0\u00a0\u00a0\u00a0\u00a0\u00a0\u00a0\u00a0\u00a0\u00a0\u00a0\u00a0\u00a0\u00a0\u00a0\u00a0\u00a0\u00a0\u00a0\u00a0\u00a0\u00a0\u00a0\u00a0 &#8226; Deutscher Tempelherren-Orden\" \/>\n<meta property=\"og:description\" content=\"Die Liturgie des 3. Adventssonntages beginnt mit der Aufforderung &#8222;Freut euch im Herrn zu jeder Zeit&#8220; und tr\u00e4gt den lateinischen Titel Gaudete. Was ist der Grund dieser Freude? Es geht dabei mehr als um eine Vorfreude auf Weihnachten. Wer Gott nahe wei\u00df, kann froh und gelassen sein. Artikel lesen\" \/>\n<meta property=\"og:url\" content=\"https:\/\/tempelherrenorden.de\/cms\/mich-wundert-dass-ich-froehlich-bin-predigtgedanken-zum-3-advent-lk-310-18-zef-314-17-phil-44-7\/\" \/>\n<meta property=\"og:site_name\" content=\"Deutscher Tempelherren-Orden\" \/>\n<meta property=\"article:publisher\" content=\"https:\/\/www.facebook.com\/Deutscher-Tempelherren-Orden-OMCT-2054469481490772\/\" \/>\n<meta property=\"article:published_time\" content=\"2024-12-14T17:46:21+00:00\" \/>\n<meta property=\"article:modified_time\" content=\"2024-12-14T17:46:23+00:00\" \/>\n<meta name=\"author\" content=\"Redaktion\" \/>\n<meta name=\"twitter:card\" content=\"summary_large_image\" \/>\n<meta name=\"twitter:label1\" content=\"Verfasst von\" \/>\n\t<meta name=\"twitter:data1\" content=\"Redaktion\" \/>\n\t<meta name=\"twitter:label2\" content=\"Gesch\u00e4tzte Lesezeit\" \/>\n\t<meta name=\"twitter:data2\" content=\"5\u00a0Minuten\" \/>\n<script type=\"application\/ld+json\" class=\"yoast-schema-graph\">{\"@context\":\"https:\\\/\\\/schema.org\",\"@graph\":[{\"@type\":\"Article\",\"@id\":\"https:\\\/\\\/tempelherrenorden.de\\\/cms\\\/mich-wundert-dass-ich-froehlich-bin-predigtgedanken-zum-3-advent-lk-310-18-zef-314-17-phil-44-7\\\/#article\",\"isPartOf\":{\"@id\":\"https:\\\/\\\/tempelherrenorden.de\\\/cms\\\/mich-wundert-dass-ich-froehlich-bin-predigtgedanken-zum-3-advent-lk-310-18-zef-314-17-phil-44-7\\\/\"},\"author\":{\"name\":\"Redaktion\",\"@id\":\"https:\\\/\\\/tempelherrenorden.de\\\/cms\\\/#\\\/schema\\\/person\\\/c4b556c7412791f0ed2d6851086be4aa\"},\"headline\":\"MICH WUNDERT, DASS ICH FR\u00d6HLICH BIN Predigtgedanken zum 3, Advent Lk 3:10-18, Zef 3:14-17, Phil 4:4-7\u00a0\u00a0\u00a0\u00a0\u00a0\u00a0\u00a0\u00a0\u00a0\u00a0\u00a0\u00a0\u00a0\u00a0\u00a0\u00a0\u00a0\u00a0\u00a0\u00a0\u00a0\u00a0\u00a0\u00a0\u00a0\u00a0\u00a0\",\"datePublished\":\"2024-12-14T17:46:21+00:00\",\"dateModified\":\"2024-12-14T17:46:23+00:00\",\"mainEntityOfPage\":{\"@id\":\"https:\\\/\\\/tempelherrenorden.de\\\/cms\\\/mich-wundert-dass-ich-froehlich-bin-predigtgedanken-zum-3-advent-lk-310-18-zef-314-17-phil-44-7\\\/\"},\"wordCount\":980,\"publisher\":{\"@id\":\"https:\\\/\\\/tempelherrenorden.de\\\/cms\\\/#organization\"},\"keywords\":[\"Matthias David\",\"Predigt\",\"Tempelherren\",\"Tempelritter\",\"Templer\"],\"inLanguage\":\"de\"},{\"@type\":\"WebPage\",\"@id\":\"https:\\\/\\\/tempelherrenorden.de\\\/cms\\\/mich-wundert-dass-ich-froehlich-bin-predigtgedanken-zum-3-advent-lk-310-18-zef-314-17-phil-44-7\\\/\",\"url\":\"https:\\\/\\\/tempelherrenorden.de\\\/cms\\\/mich-wundert-dass-ich-froehlich-bin-predigtgedanken-zum-3-advent-lk-310-18-zef-314-17-phil-44-7\\\/\",\"name\":\"MICH WUNDERT, DASS ICH FR\u00d6HLICH BIN Predigtgedanken zum 3, Advent Lk 3:10-18, Zef 3:14-17, Phil 4:4-7\u00a0\u00a0\u00a0\u00a0\u00a0\u00a0\u00a0\u00a0\u00a0\u00a0\u00a0\u00a0\u00a0\u00a0\u00a0\u00a0\u00a0\u00a0\u00a0\u00a0\u00a0\u00a0\u00a0\u00a0\u00a0\u00a0\u00a0 &#8226; Deutscher Tempelherren-Orden\",\"isPartOf\":{\"@id\":\"https:\\\/\\\/tempelherrenorden.de\\\/cms\\\/#website\"},\"datePublished\":\"2024-12-14T17:46:21+00:00\",\"dateModified\":\"2024-12-14T17:46:23+00:00\",\"breadcrumb\":{\"@id\":\"https:\\\/\\\/tempelherrenorden.de\\\/cms\\\/mich-wundert-dass-ich-froehlich-bin-predigtgedanken-zum-3-advent-lk-310-18-zef-314-17-phil-44-7\\\/#breadcrumb\"},\"inLanguage\":\"de\",\"potentialAction\":[{\"@type\":\"ReadAction\",\"target\":[\"https:\\\/\\\/tempelherrenorden.de\\\/cms\\\/mich-wundert-dass-ich-froehlich-bin-predigtgedanken-zum-3-advent-lk-310-18-zef-314-17-phil-44-7\\\/\"]}]},{\"@type\":\"BreadcrumbList\",\"@id\":\"https:\\\/\\\/tempelherrenorden.de\\\/cms\\\/mich-wundert-dass-ich-froehlich-bin-predigtgedanken-zum-3-advent-lk-310-18-zef-314-17-phil-44-7\\\/#breadcrumb\",\"itemListElement\":[{\"@type\":\"ListItem\",\"position\":1,\"name\":\"Startseite\",\"item\":\"https:\\\/\\\/tempelherrenorden.de\\\/cms\\\/\"},{\"@type\":\"ListItem\",\"position\":2,\"name\":\"MICH WUNDERT, DASS ICH FR\u00d6HLICH BIN Predigtgedanken zum 3, Advent Lk 3:10-18, Zef 3:14-17, Phil 4:4-7\u00a0\u00a0\u00a0\u00a0\u00a0\u00a0\u00a0\u00a0\u00a0\u00a0\u00a0\u00a0\u00a0\u00a0\u00a0\u00a0\u00a0\u00a0\u00a0\u00a0\u00a0\u00a0\u00a0\u00a0\u00a0\u00a0\u00a0\"}]},{\"@type\":\"WebSite\",\"@id\":\"https:\\\/\\\/tempelherrenorden.de\\\/cms\\\/#website\",\"url\":\"https:\\\/\\\/tempelherrenorden.de\\\/cms\\\/\",\"name\":\"Deutscher Tempelherren-Orden\",\"description\":\"\",\"publisher\":{\"@id\":\"https:\\\/\\\/tempelherrenorden.de\\\/cms\\\/#organization\"},\"potentialAction\":[{\"@type\":\"SearchAction\",\"target\":{\"@type\":\"EntryPoint\",\"urlTemplate\":\"https:\\\/\\\/tempelherrenorden.de\\\/cms\\\/?s={search_term_string}\"},\"query-input\":{\"@type\":\"PropertyValueSpecification\",\"valueRequired\":true,\"valueName\":\"search_term_string\"}}],\"inLanguage\":\"de\"},{\"@type\":\"Organization\",\"@id\":\"https:\\\/\\\/tempelherrenorden.de\\\/cms\\\/#organization\",\"name\":\"Deutscher Tempelherren-Orden OMCT e.V.\",\"url\":\"https:\\\/\\\/tempelherrenorden.de\\\/cms\\\/\",\"logo\":{\"@type\":\"ImageObject\",\"inLanguage\":\"de\",\"@id\":\"https:\\\/\\\/tempelherrenorden.de\\\/cms\\\/#\\\/schema\\\/logo\\\/image\\\/\",\"url\":\"https:\\\/\\\/i0.wp.com\\\/tempelherrenorden.de\\\/cms\\\/wp-content\\\/uploads\\\/2018\\\/01\\\/OMCT-Wappen.jpg?fit=997%2C1198&ssl=1\",\"contentUrl\":\"https:\\\/\\\/i0.wp.com\\\/tempelherrenorden.de\\\/cms\\\/wp-content\\\/uploads\\\/2018\\\/01\\\/OMCT-Wappen.jpg?fit=997%2C1198&ssl=1\",\"width\":997,\"height\":1198,\"caption\":\"Deutscher Tempelherren-Orden OMCT e.V.\"},\"image\":{\"@id\":\"https:\\\/\\\/tempelherrenorden.de\\\/cms\\\/#\\\/schema\\\/logo\\\/image\\\/\"},\"sameAs\":[\"https:\\\/\\\/www.facebook.com\\\/Deutscher-Tempelherren-Orden-OMCT-2054469481490772\\\/\"]},{\"@type\":\"Person\",\"@id\":\"https:\\\/\\\/tempelherrenorden.de\\\/cms\\\/#\\\/schema\\\/person\\\/c4b556c7412791f0ed2d6851086be4aa\",\"name\":\"Redaktion\",\"image\":{\"@type\":\"ImageObject\",\"inLanguage\":\"de\",\"@id\":\"https:\\\/\\\/secure.gravatar.com\\\/avatar\\\/4ed839132852af2d0905f18562e70ba28d4d5c2fa1196284813995a27f534319?s=96&d=mm&r=g\",\"url\":\"https:\\\/\\\/secure.gravatar.com\\\/avatar\\\/4ed839132852af2d0905f18562e70ba28d4d5c2fa1196284813995a27f534319?s=96&d=mm&r=g\",\"contentUrl\":\"https:\\\/\\\/secure.gravatar.com\\\/avatar\\\/4ed839132852af2d0905f18562e70ba28d4d5c2fa1196284813995a27f534319?s=96&d=mm&r=g\",\"caption\":\"Redaktion\"},\"url\":\"https:\\\/\\\/tempelherrenorden.de\\\/cms\\\/author\\\/redaktion\\\/\"}]}<\/script>\n<!-- \/ Yoast SEO plugin. -->","yoast_head_json":{"title":"MICH WUNDERT, DASS ICH FR\u00d6HLICH BIN Predigtgedanken zum 3, Advent Lk 3:10-18, Zef 3:14-17, Phil 4:4-7\u00a0\u00a0\u00a0\u00a0\u00a0\u00a0\u00a0\u00a0\u00a0\u00a0\u00a0\u00a0\u00a0\u00a0\u00a0\u00a0\u00a0\u00a0\u00a0\u00a0\u00a0\u00a0\u00a0\u00a0\u00a0\u00a0\u00a0 &#8226; Deutscher Tempelherren-Orden","robots":{"index":"index","follow":"follow","max-snippet":"max-snippet:-1","max-image-preview":"max-image-preview:large","max-video-preview":"max-video-preview:-1"},"canonical":"https:\/\/tempelherrenorden.de\/cms\/mich-wundert-dass-ich-froehlich-bin-predigtgedanken-zum-3-advent-lk-310-18-zef-314-17-phil-44-7\/","og_locale":"de_DE","og_type":"article","og_title":"MICH WUNDERT, DASS ICH FR\u00d6HLICH BIN Predigtgedanken zum 3, Advent Lk 3:10-18, Zef 3:14-17, Phil 4:4-7\u00a0\u00a0\u00a0\u00a0\u00a0\u00a0\u00a0\u00a0\u00a0\u00a0\u00a0\u00a0\u00a0\u00a0\u00a0\u00a0\u00a0\u00a0\u00a0\u00a0\u00a0\u00a0\u00a0\u00a0\u00a0\u00a0\u00a0 &#8226; Deutscher Tempelherren-Orden","og_description":"Die Liturgie des 3. Adventssonntages beginnt mit der Aufforderung &#8222;Freut euch im Herrn zu jeder Zeit&#8220; und tr\u00e4gt den lateinischen Titel Gaudete. Was ist der Grund dieser Freude? Es geht dabei mehr als um eine Vorfreude auf Weihnachten. Wer Gott nahe wei\u00df, kann froh und gelassen sein. Artikel lesen","og_url":"https:\/\/tempelherrenorden.de\/cms\/mich-wundert-dass-ich-froehlich-bin-predigtgedanken-zum-3-advent-lk-310-18-zef-314-17-phil-44-7\/","og_site_name":"Deutscher Tempelherren-Orden","article_publisher":"https:\/\/www.facebook.com\/Deutscher-Tempelherren-Orden-OMCT-2054469481490772\/","article_published_time":"2024-12-14T17:46:21+00:00","article_modified_time":"2024-12-14T17:46:23+00:00","author":"Redaktion","twitter_card":"summary_large_image","twitter_misc":{"Verfasst von":"Redaktion","Gesch\u00e4tzte Lesezeit":"5\u00a0Minuten"},"schema":{"@context":"https:\/\/schema.org","@graph":[{"@type":"Article","@id":"https:\/\/tempelherrenorden.de\/cms\/mich-wundert-dass-ich-froehlich-bin-predigtgedanken-zum-3-advent-lk-310-18-zef-314-17-phil-44-7\/#article","isPartOf":{"@id":"https:\/\/tempelherrenorden.de\/cms\/mich-wundert-dass-ich-froehlich-bin-predigtgedanken-zum-3-advent-lk-310-18-zef-314-17-phil-44-7\/"},"author":{"name":"Redaktion","@id":"https:\/\/tempelherrenorden.de\/cms\/#\/schema\/person\/c4b556c7412791f0ed2d6851086be4aa"},"headline":"MICH WUNDERT, DASS ICH FR\u00d6HLICH BIN Predigtgedanken zum 3, Advent Lk 3:10-18, Zef 3:14-17, Phil 4:4-7\u00a0\u00a0\u00a0\u00a0\u00a0\u00a0\u00a0\u00a0\u00a0\u00a0\u00a0\u00a0\u00a0\u00a0\u00a0\u00a0\u00a0\u00a0\u00a0\u00a0\u00a0\u00a0\u00a0\u00a0\u00a0\u00a0\u00a0","datePublished":"2024-12-14T17:46:21+00:00","dateModified":"2024-12-14T17:46:23+00:00","mainEntityOfPage":{"@id":"https:\/\/tempelherrenorden.de\/cms\/mich-wundert-dass-ich-froehlich-bin-predigtgedanken-zum-3-advent-lk-310-18-zef-314-17-phil-44-7\/"},"wordCount":980,"publisher":{"@id":"https:\/\/tempelherrenorden.de\/cms\/#organization"},"keywords":["Matthias David","Predigt","Tempelherren","Tempelritter","Templer"],"inLanguage":"de"},{"@type":"WebPage","@id":"https:\/\/tempelherrenorden.de\/cms\/mich-wundert-dass-ich-froehlich-bin-predigtgedanken-zum-3-advent-lk-310-18-zef-314-17-phil-44-7\/","url":"https:\/\/tempelherrenorden.de\/cms\/mich-wundert-dass-ich-froehlich-bin-predigtgedanken-zum-3-advent-lk-310-18-zef-314-17-phil-44-7\/","name":"MICH WUNDERT, DASS ICH FR\u00d6HLICH BIN Predigtgedanken zum 3, Advent Lk 3:10-18, Zef 3:14-17, Phil 4:4-7\u00a0\u00a0\u00a0\u00a0\u00a0\u00a0\u00a0\u00a0\u00a0\u00a0\u00a0\u00a0\u00a0\u00a0\u00a0\u00a0\u00a0\u00a0\u00a0\u00a0\u00a0\u00a0\u00a0\u00a0\u00a0\u00a0\u00a0 &#8226; Deutscher Tempelherren-Orden","isPartOf":{"@id":"https:\/\/tempelherrenorden.de\/cms\/#website"},"datePublished":"2024-12-14T17:46:21+00:00","dateModified":"2024-12-14T17:46:23+00:00","breadcrumb":{"@id":"https:\/\/tempelherrenorden.de\/cms\/mich-wundert-dass-ich-froehlich-bin-predigtgedanken-zum-3-advent-lk-310-18-zef-314-17-phil-44-7\/#breadcrumb"},"inLanguage":"de","potentialAction":[{"@type":"ReadAction","target":["https:\/\/tempelherrenorden.de\/cms\/mich-wundert-dass-ich-froehlich-bin-predigtgedanken-zum-3-advent-lk-310-18-zef-314-17-phil-44-7\/"]}]},{"@type":"BreadcrumbList","@id":"https:\/\/tempelherrenorden.de\/cms\/mich-wundert-dass-ich-froehlich-bin-predigtgedanken-zum-3-advent-lk-310-18-zef-314-17-phil-44-7\/#breadcrumb","itemListElement":[{"@type":"ListItem","position":1,"name":"Startseite","item":"https:\/\/tempelherrenorden.de\/cms\/"},{"@type":"ListItem","position":2,"name":"MICH WUNDERT, DASS ICH FR\u00d6HLICH BIN Predigtgedanken zum 3, Advent Lk 3:10-18, Zef 3:14-17, Phil 4:4-7\u00a0\u00a0\u00a0\u00a0\u00a0\u00a0\u00a0\u00a0\u00a0\u00a0\u00a0\u00a0\u00a0\u00a0\u00a0\u00a0\u00a0\u00a0\u00a0\u00a0\u00a0\u00a0\u00a0\u00a0\u00a0\u00a0\u00a0"}]},{"@type":"WebSite","@id":"https:\/\/tempelherrenorden.de\/cms\/#website","url":"https:\/\/tempelherrenorden.de\/cms\/","name":"Deutscher Tempelherren-Orden","description":"","publisher":{"@id":"https:\/\/tempelherrenorden.de\/cms\/#organization"},"potentialAction":[{"@type":"SearchAction","target":{"@type":"EntryPoint","urlTemplate":"https:\/\/tempelherrenorden.de\/cms\/?s={search_term_string}"},"query-input":{"@type":"PropertyValueSpecification","valueRequired":true,"valueName":"search_term_string"}}],"inLanguage":"de"},{"@type":"Organization","@id":"https:\/\/tempelherrenorden.de\/cms\/#organization","name":"Deutscher Tempelherren-Orden OMCT e.V.","url":"https:\/\/tempelherrenorden.de\/cms\/","logo":{"@type":"ImageObject","inLanguage":"de","@id":"https:\/\/tempelherrenorden.de\/cms\/#\/schema\/logo\/image\/","url":"https:\/\/i0.wp.com\/tempelherrenorden.de\/cms\/wp-content\/uploads\/2018\/01\/OMCT-Wappen.jpg?fit=997%2C1198&ssl=1","contentUrl":"https:\/\/i0.wp.com\/tempelherrenorden.de\/cms\/wp-content\/uploads\/2018\/01\/OMCT-Wappen.jpg?fit=997%2C1198&ssl=1","width":997,"height":1198,"caption":"Deutscher Tempelherren-Orden OMCT e.V."},"image":{"@id":"https:\/\/tempelherrenorden.de\/cms\/#\/schema\/logo\/image\/"},"sameAs":["https:\/\/www.facebook.com\/Deutscher-Tempelherren-Orden-OMCT-2054469481490772\/"]},{"@type":"Person","@id":"https:\/\/tempelherrenorden.de\/cms\/#\/schema\/person\/c4b556c7412791f0ed2d6851086be4aa","name":"Redaktion","image":{"@type":"ImageObject","inLanguage":"de","@id":"https:\/\/secure.gravatar.com\/avatar\/4ed839132852af2d0905f18562e70ba28d4d5c2fa1196284813995a27f534319?s=96&d=mm&r=g","url":"https:\/\/secure.gravatar.com\/avatar\/4ed839132852af2d0905f18562e70ba28d4d5c2fa1196284813995a27f534319?s=96&d=mm&r=g","contentUrl":"https:\/\/secure.gravatar.com\/avatar\/4ed839132852af2d0905f18562e70ba28d4d5c2fa1196284813995a27f534319?s=96&d=mm&r=g","caption":"Redaktion"},"url":"https:\/\/tempelherrenorden.de\/cms\/author\/redaktion\/"}]}},"jetpack_featured_media_url":"","jetpack_shortlink":"https:\/\/wp.me\/p5yQvL-1kR","jetpack_sharing_enabled":true,"_links":{"self":[{"href":"https:\/\/tempelherrenorden.de\/cms\/wp-json\/wp\/v2\/posts\/5137","targetHints":{"allow":["GET"]}}],"collection":[{"href":"https:\/\/tempelherrenorden.de\/cms\/wp-json\/wp\/v2\/posts"}],"about":[{"href":"https:\/\/tempelherrenorden.de\/cms\/wp-json\/wp\/v2\/types\/post"}],"author":[{"embeddable":true,"href":"https:\/\/tempelherrenorden.de\/cms\/wp-json\/wp\/v2\/users\/10"}],"replies":[{"embeddable":true,"href":"https:\/\/tempelherrenorden.de\/cms\/wp-json\/wp\/v2\/comments?post=5137"}],"version-history":[{"count":1,"href":"https:\/\/tempelherrenorden.de\/cms\/wp-json\/wp\/v2\/posts\/5137\/revisions"}],"predecessor-version":[{"id":5138,"href":"https:\/\/tempelherrenorden.de\/cms\/wp-json\/wp\/v2\/posts\/5137\/revisions\/5138"}],"wp:attachment":[{"href":"https:\/\/tempelherrenorden.de\/cms\/wp-json\/wp\/v2\/media?parent=5137"}],"wp:term":[{"taxonomy":"category","embeddable":true,"href":"https:\/\/tempelherrenorden.de\/cms\/wp-json\/wp\/v2\/categories?post=5137"},{"taxonomy":"post_tag","embeddable":true,"href":"https:\/\/tempelherrenorden.de\/cms\/wp-json\/wp\/v2\/tags?post=5137"}],"curies":[{"name":"wp","href":"https:\/\/api.w.org\/{rel}","templated":true}]}}