{"id":5142,"date":"2024-12-28T18:40:20","date_gmt":"2024-12-28T17:40:20","guid":{"rendered":"https:\/\/tempelherrenorden.de\/cms\/?p=5142"},"modified":"2024-12-28T18:40:21","modified_gmt":"2024-12-28T17:40:21","slug":"solidaritaet-zwischen-den-generationen-nach-der-art-gottes","status":"publish","type":"post","link":"https:\/\/tempelherrenorden.de\/cms\/solidaritaet-zwischen-den-generationen-nach-der-art-gottes\/","title":{"rendered":"Solidarit\u00e4t zwischen den Generationen nach der Art Gottes"},"content":{"rendered":"\n<h3 class=\"wp-block-heading\">(Predigtgedanken zum Fest der Heiligen Familie \/ 1. Sonntag nach Christfest, Lk 2:41-52, Sir 3:2 \u2013 6, 12 \u2013 14, Kol 3:12 &#8211; 21)<\/h3>\n\n\n\n<h3 class=\"wp-block-heading\"><em>GUT AUFGEHOBEN<\/em><em><\/em><\/h3>\n\n\n\n<p class=\"wp-block-paragraph\">Josef und Maria erleben in der gerade geh\u00f6rten Geschichte schockiert, wie ihr Jesus, der ihnen so vertraut ist, seinen Weg geht und darauf beharrt, dass es ja gar nicht anders geht: Er muss einfach seine Sonderwege gehen, wenn er dem gehorcht, von dem jede Elternschaft ihre Berechtigung bezieht, n\u00e4mlich dem himmlischen Vater.<br \/><br \/>Die Geschichte von Jesus in den Jahren der Pubert\u00e4t war mir als Vater ein gro\u00dfer Trost, besonders dann, wenn meine Tochter Entscheidungen traf, die ich nicht sofort nachvollziehen konnte.<br \/><br \/>Nun, das ist die eine Seite der Verantwortlichkeit zwischen Generationen: Dass Eltern ihren Kindern erm\u00f6glichen, ihren je eigenen Weg zu gehen. Und wenn das geschieht, d\u00fcrfen wir uns als Eltern auch herzlich freuen: geht damit doch eine Frucht auf, die wir mit Liebe gepflegt haben.<br \/><br \/>Dass das nicht immer so leicht geht, weil wir als Eltern nicht immer rasch erkennen, was die Jungen bewegt, das wird uns hier am Beispiel von Josef und Maria vor Augen gef\u00fchrt: Es ist also keine Schande, wenn wir manchmal etwas l\u00e4nger brauchen: Es ist ja nicht unser Leben, was die j\u00fcngere Generation lebt. Ich finde, dieser Gedanke hat viel Entlastendes &#8211; f\u00fcr beide Seiten. Wir Eltern k\u00f6nnen also getrost unsere Kinder und deren Weg der Hand Gottes anvertrauen. Bei ihm sind sie gut aufgehoben.<\/p>\n\n\n\n<!--more-->\n\n\n\n<h3 class=\"wp-block-heading\"><em>DEN VATER EHREN UND DIE MUTTER ACHTEN<\/em><em><\/em><\/h3>\n\n\n\n<p class=\"wp-block-paragraph\">Die andere Seite der Verantwortung bringt uns die Lesung aus dem Buch Jesus Sirach nahe: Den Vater zu ehren und die Mutter zu achten, auch wenn deren Kr\u00e4fte abnehmen, ist im Sinn Gottes des Sch\u00f6pfers. Das war zur Zeit, als das Vierte Gebot aufgeschrieben wurde, der Kern der Sozialgesetzgebung im Stamm der Israeliten, die durch die W\u00fcste zogen und ihr Land in Besitz nahmen. Und \u00fcbertragen auf die Zeit des Buches Jesus Sirach, der f\u00fcr die Israeliten in der hellenistischen Zeit und in der Diaspora schrieb, hie\u00df das: Wenn wir \u00fcberleben wollen als bedrohtes Volk, dann m\u00fcssen wir unsere alten Eltern in Ehren halten, wie wir es von Gott \u00fcberkommen haben. &#8211; Was hei\u00dft das f\u00fcr uns als Volk Gottes im 21. Jahrhundert in Mitteleuropa?<br \/><br \/>Da gibt es viel, was nach wie vor aktuell ist, und es gibt Neues, was wir ber\u00fccksichtigen sollten. Zun\u00e4chst das Vertraute: Leben geht weiterhin von Generation zu Generation und es ist eine Ehre f\u00fcr jede Frau und jeden Mann, als Mutter und Vater an diesem Lebensfluss aktiv beteiligt zu sein. So, wie wir unseren Kindern das Leben aus der Hand Gottes schenken durften, so d\u00fcrfen wir uns dar\u00fcber freuen, wenn dieses Leben in der Hand unserer Kinder &#8211; und Enkelkinder &#8211; seine ganz eigenen Wege weiter flie\u00dft. Im Lauf unserer Biografie standen und stehen wir in diesem Lebensfluss an verschiedenen Stellen. Und an den verschiedenen Orten gibt es verschiedenen Notwendigkeiten:<br \/><br \/>Wenn wir uns als kleine Kinder unseren Eltern anvertrauen konnten, um schlie\u00dflich immer mehr eigene Verantwortung und erwachsenes Leben zu lernen, so f\u00fchrt uns das schlie\u00dflich dazu, dieses Vertrauen in das Leben den eigenen Kindern weiterzugeben und fr\u00fcher oder sp\u00e4ter auch zu den Verpflichtung, uns um Angeh\u00f6rige zu k\u00fcmmern, die nicht mehr gut auf eigenen F\u00fc\u00dfen stehen k\u00f6nnen.<\/p>\n\n\n\n<h3 class=\"wp-block-heading\"><em>SOLIDARIT\u00c4T ZWISCHEN DEN GENERATIONEN<\/em><em><\/em><\/h3>\n\n\n\n<p class=\"wp-block-paragraph\">Diese spiralf\u00f6rmige Bewegung ist f\u00fcr alle Zeiten gleich: wir Menschen werden geboren, wachsen heran in unsere eigene Verantwortlichkeit, altern und gehen eines Tages von dieser Welt, die unsere Nachkommen bestellen.<br \/><br \/>Damit dies mit guten Rahmenbedingungen erfolgen kann, braucht es die Solidarit\u00e4t zwischen den Generationen. Solidarit\u00e4t meint nach der katholischen Soziallehre aber auch nach der evangelischen Sozialethik einen Zusammenhalt zwischen \u00e4hnlich Betroffenen, um ein wichtiges Gut zu erreichen und zu sichern.<br \/><br \/>Und wir alle sind von diesem Gang der Generationen betroffen, sind darin eingewoben an sich ver\u00e4ndernden Stellen. Und so kann das Leben gedeihen.<br \/>Daher ist es wichtig, wenn wir Eltern unterst\u00fctzen im Umgang mit ihren Kindern, wenn wir einander f\u00f6rdern im Loslassen der Heranwachsenden sowie in der Sorge um die \u00e4lter Werdenden. \u00dcberall dort haben wir als Gesellschaft, auch als kirchliche oder Ordens-Gemeinschaft unsere Aufgaben (vom Kindergarten bis zum Hort, von der Hausaufgabenbetreuung bis hin zur Essensausgabe, vom Seniorenclub bis zu den privaten Treffen, von den Paten der Benachteiligten -auch im Ausland- bis zu den Besuchen der Kranken und Senioren im Krankenhaus bzw. im Heim&#8230;).<\/p>\n\n\n\n<h3 class=\"wp-block-heading\"><em>GENERATIONENVERTRAG<\/em><em><\/em><\/h3>\n\n\n\n<p class=\"wp-block-paragraph\">Was aber auch zu dieser Solidarit\u00e4t geh\u00f6rt, ist das, was die Gesellschaft den &#8222;Generationenvertrag&#8220; nennt: Dass n\u00e4mlich jene, die mit ihrer Erwerbst\u00e4tigkeit einen finanziellen Wert schaffen, f\u00fcr die J\u00fcngeren ebenso sorgen wie f\u00fcr die \u00c4lteren, die das nicht mehr k\u00f6nnen. Wir nennen das \u00fcblicherweise das System der Rentenversicherung (welches bereits Kaiser Wilhelm einf\u00fchrte) mit allen Begleitma\u00dfnahmen.<br \/><br \/>Was aber in den letzten Jahrzehnten neu hinzugekommen ist: Wir sind &#8211; aufgrund unserer hohen Lebenserwartung &#8211; nicht mehr nur drei Generationen, sondern vier: War es fr\u00fcher die mittlere Generation, die f\u00fcr die beiden anderen sorgte, so kann es auf Dauer nicht so sein, dass die zweite der inzwischen vier Generationen f\u00fcr die drei anderen sorgen muss, zumal die Generation der &#8222;jungen Alten&#8220; immer r\u00fcstiger geworden ist: In meiner Kindheit waren 60 &#8211; 70j\u00e4hrige zum Gro\u00dfteil k\u00f6rperlich verbraucht, w\u00e4hrend heute die Generation der aktiven Alten durchaus noch in der Lage ist, in unterschiedlicher Weise unterst\u00fctzend t\u00e4tig zu sein, manche auch noch in h\u00f6chst verantwortlichen Positionen &#8211; privaten wie beruflichen, famili\u00e4ren wie gesellschaftlichen.<\/p>\n\n\n\n<h3 class=\"wp-block-heading\"><em>NEUE HERAUSFORDERUNGEN<\/em><em><\/em><\/h3>\n\n\n\n<p class=\"wp-block-paragraph\">Ich glaube, das ist die gro\u00dfe Herausforderung unserer Zeit, diese Verantwortlichkeit der r\u00fcstigen \u00e4lteren Erwachsenen wahrzunehmen und auch gesellschaftlich zu w\u00fcrdigen. Davon haben alle Seiten etwas.<br \/>Wenn wir heute der Generation derer, die die Familienphase verlassen haben und noch aktiv leben, respektieren, dann sollen wir sie auch begr\u00fc\u00dfen in haupt- wie ehrenamtlichen T\u00e4tigkeiten, dann sollten wir wie in anderen europ\u00e4ischen L\u00e4ndern erm\u00f6glichen, dass Erfahrene ihren Platz haben, auch wenn sie nicht mehr im selben Rhythmus wie 30j\u00e4hrige leben und arbeiten. (Das ist auch ein Appell an \u00f6ffentliche Arbeitgeber wie politische Parteien!)<br \/>Und wenn die Kr\u00e4fte nachlassen, dann sollte ein gesichertes und gut betreutes Leben erm\u00f6glicht werden mittels aller Netzwerke, die wir auf allen Ebenen pflegen.<br \/><br \/>Das ist heute neu: Dass dieser \u00dcbergang f\u00fcr jeden Menschen unterschiedlich aussehen kann, dass die Linie zwischen Berufst\u00e4tigkeit und zu versorgender Rentenzeit zu einem weiten Feld geworden ist, wo jede und jeder von uns ihren und seinen jeweiligen Platz finden soll.<br \/><br \/>Und daf\u00fcr k\u00f6nnen wir uns als Familien im Sinn unseres Gottes einsetzen. Und daf\u00fcr k\u00f6nnen wir uns alle darauf freuen, in W\u00fcrde alt zu werden und zu sein. Amen.<\/p>\n\n\n\n<p class=\"wp-block-paragraph\">Seneschall Matthias David<\/p>\n","protected":false},"excerpt":{"rendered":"<p>(Predigtgedanken zum Fest der Heiligen Familie \/ 1. Sonntag nach Christfest, Lk 2:41-52, Sir 3:2 \u2013 6, 12 \u2013 14, Kol 3:12 &#8211; 21) GUT AUFGEHOBEN Josef und Maria erleben in der gerade geh\u00f6rten Geschichte schockiert, wie ihr Jesus, der ihnen so vertraut ist, seinen Weg geht und darauf beharrt,\u2026<\/p>\n<p> <a class=\"continue-reading-link\" href=\"https:\/\/tempelherrenorden.de\/cms\/solidaritaet-zwischen-den-generationen-nach-der-art-gottes\/\"><span>Artikel lesen<\/span><i class=\"crycon-right-dir\"><\/i><\/a> <\/p>\n","protected":false},"author":10,"featured_media":0,"comment_status":"closed","ping_status":"closed","sticky":false,"template":"","format":"standard","meta":{"_crdt_document":"","jetpack_post_was_ever_published":false,"_jetpack_newsletter_access":"","_jetpack_dont_email_post_to_subs":false,"_jetpack_newsletter_tier_id":0,"_jetpack_memberships_contains_paywalled_content":false,"_jetpack_memberships_contains_paid_content":false,"footnotes":""},"categories":[1],"tags":[134,92,63,45,44],"class_list":["post-5142","post","type-post","status-publish","format-standard","hentry","category-allgemein","tag-matthias-david","tag-predigt","tag-tempelherren","tag-tempelritter","tag-templer"],"yoast_head":"<!-- This site is optimized with the Yoast SEO plugin v27.5 - https:\/\/yoast.com\/product\/yoast-seo-wordpress\/ -->\n<title>Solidarit\u00e4t zwischen den Generationen nach der Art Gottes &#8226; Deutscher Tempelherren-Orden<\/title>\n<meta name=\"robots\" content=\"index, follow, max-snippet:-1, max-image-preview:large, max-video-preview:-1\" \/>\n<link rel=\"canonical\" href=\"https:\/\/tempelherrenorden.de\/cms\/solidaritaet-zwischen-den-generationen-nach-der-art-gottes\/\" \/>\n<meta property=\"og:locale\" content=\"de_DE\" \/>\n<meta property=\"og:type\" content=\"article\" \/>\n<meta property=\"og:title\" content=\"Solidarit\u00e4t zwischen den Generationen nach der Art Gottes &#8226; Deutscher Tempelherren-Orden\" \/>\n<meta property=\"og:description\" content=\"(Predigtgedanken zum Fest der Heiligen Familie \/ 1. Sonntag nach Christfest, Lk 2:41-52, Sir 3:2 \u2013 6, 12 \u2013 14, Kol 3:12 &#8211; 21) GUT AUFGEHOBEN Josef und Maria erleben in der gerade geh\u00f6rten Geschichte schockiert, wie ihr Jesus, der ihnen so vertraut ist, seinen Weg geht und darauf beharrt,\u2026 Artikel lesen\" \/>\n<meta property=\"og:url\" content=\"https:\/\/tempelherrenorden.de\/cms\/solidaritaet-zwischen-den-generationen-nach-der-art-gottes\/\" \/>\n<meta property=\"og:site_name\" content=\"Deutscher Tempelherren-Orden\" \/>\n<meta property=\"article:publisher\" content=\"https:\/\/www.facebook.com\/Deutscher-Tempelherren-Orden-OMCT-2054469481490772\/\" \/>\n<meta property=\"article:published_time\" content=\"2024-12-28T17:40:20+00:00\" \/>\n<meta property=\"article:modified_time\" content=\"2024-12-28T17:40:21+00:00\" \/>\n<meta name=\"author\" content=\"Redaktion\" \/>\n<meta name=\"twitter:card\" content=\"summary_large_image\" \/>\n<meta name=\"twitter:label1\" content=\"Verfasst von\" \/>\n\t<meta name=\"twitter:data1\" content=\"Redaktion\" \/>\n\t<meta name=\"twitter:label2\" content=\"Gesch\u00e4tzte Lesezeit\" \/>\n\t<meta name=\"twitter:data2\" content=\"6\u00a0Minuten\" \/>\n<script type=\"application\/ld+json\" class=\"yoast-schema-graph\">{\"@context\":\"https:\\\/\\\/schema.org\",\"@graph\":[{\"@type\":\"Article\",\"@id\":\"https:\\\/\\\/tempelherrenorden.de\\\/cms\\\/solidaritaet-zwischen-den-generationen-nach-der-art-gottes\\\/#article\",\"isPartOf\":{\"@id\":\"https:\\\/\\\/tempelherrenorden.de\\\/cms\\\/solidaritaet-zwischen-den-generationen-nach-der-art-gottes\\\/\"},\"author\":{\"name\":\"Redaktion\",\"@id\":\"https:\\\/\\\/tempelherrenorden.de\\\/cms\\\/#\\\/schema\\\/person\\\/c4b556c7412791f0ed2d6851086be4aa\"},\"headline\":\"Solidarit\u00e4t zwischen den Generationen nach der Art Gottes\",\"datePublished\":\"2024-12-28T17:40:20+00:00\",\"dateModified\":\"2024-12-28T17:40:21+00:00\",\"mainEntityOfPage\":{\"@id\":\"https:\\\/\\\/tempelherrenorden.de\\\/cms\\\/solidaritaet-zwischen-den-generationen-nach-der-art-gottes\\\/\"},\"wordCount\":1153,\"publisher\":{\"@id\":\"https:\\\/\\\/tempelherrenorden.de\\\/cms\\\/#organization\"},\"keywords\":[\"Matthias David\",\"Predigt\",\"Tempelherren\",\"Tempelritter\",\"Templer\"],\"inLanguage\":\"de\"},{\"@type\":\"WebPage\",\"@id\":\"https:\\\/\\\/tempelherrenorden.de\\\/cms\\\/solidaritaet-zwischen-den-generationen-nach-der-art-gottes\\\/\",\"url\":\"https:\\\/\\\/tempelherrenorden.de\\\/cms\\\/solidaritaet-zwischen-den-generationen-nach-der-art-gottes\\\/\",\"name\":\"Solidarit\u00e4t zwischen den Generationen nach der Art Gottes &#8226; Deutscher Tempelherren-Orden\",\"isPartOf\":{\"@id\":\"https:\\\/\\\/tempelherrenorden.de\\\/cms\\\/#website\"},\"datePublished\":\"2024-12-28T17:40:20+00:00\",\"dateModified\":\"2024-12-28T17:40:21+00:00\",\"breadcrumb\":{\"@id\":\"https:\\\/\\\/tempelherrenorden.de\\\/cms\\\/solidaritaet-zwischen-den-generationen-nach-der-art-gottes\\\/#breadcrumb\"},\"inLanguage\":\"de\",\"potentialAction\":[{\"@type\":\"ReadAction\",\"target\":[\"https:\\\/\\\/tempelherrenorden.de\\\/cms\\\/solidaritaet-zwischen-den-generationen-nach-der-art-gottes\\\/\"]}]},{\"@type\":\"BreadcrumbList\",\"@id\":\"https:\\\/\\\/tempelherrenorden.de\\\/cms\\\/solidaritaet-zwischen-den-generationen-nach-der-art-gottes\\\/#breadcrumb\",\"itemListElement\":[{\"@type\":\"ListItem\",\"position\":1,\"name\":\"Startseite\",\"item\":\"https:\\\/\\\/tempelherrenorden.de\\\/cms\\\/\"},{\"@type\":\"ListItem\",\"position\":2,\"name\":\"Solidarit\u00e4t zwischen den Generationen nach der Art Gottes\"}]},{\"@type\":\"WebSite\",\"@id\":\"https:\\\/\\\/tempelherrenorden.de\\\/cms\\\/#website\",\"url\":\"https:\\\/\\\/tempelherrenorden.de\\\/cms\\\/\",\"name\":\"Deutscher Tempelherren-Orden\",\"description\":\"\",\"publisher\":{\"@id\":\"https:\\\/\\\/tempelherrenorden.de\\\/cms\\\/#organization\"},\"potentialAction\":[{\"@type\":\"SearchAction\",\"target\":{\"@type\":\"EntryPoint\",\"urlTemplate\":\"https:\\\/\\\/tempelherrenorden.de\\\/cms\\\/?s={search_term_string}\"},\"query-input\":{\"@type\":\"PropertyValueSpecification\",\"valueRequired\":true,\"valueName\":\"search_term_string\"}}],\"inLanguage\":\"de\"},{\"@type\":\"Organization\",\"@id\":\"https:\\\/\\\/tempelherrenorden.de\\\/cms\\\/#organization\",\"name\":\"Deutscher Tempelherren-Orden OMCT e.V.\",\"url\":\"https:\\\/\\\/tempelherrenorden.de\\\/cms\\\/\",\"logo\":{\"@type\":\"ImageObject\",\"inLanguage\":\"de\",\"@id\":\"https:\\\/\\\/tempelherrenorden.de\\\/cms\\\/#\\\/schema\\\/logo\\\/image\\\/\",\"url\":\"https:\\\/\\\/i0.wp.com\\\/tempelherrenorden.de\\\/cms\\\/wp-content\\\/uploads\\\/2018\\\/01\\\/OMCT-Wappen.jpg?fit=997%2C1198&ssl=1\",\"contentUrl\":\"https:\\\/\\\/i0.wp.com\\\/tempelherrenorden.de\\\/cms\\\/wp-content\\\/uploads\\\/2018\\\/01\\\/OMCT-Wappen.jpg?fit=997%2C1198&ssl=1\",\"width\":997,\"height\":1198,\"caption\":\"Deutscher Tempelherren-Orden OMCT e.V.\"},\"image\":{\"@id\":\"https:\\\/\\\/tempelherrenorden.de\\\/cms\\\/#\\\/schema\\\/logo\\\/image\\\/\"},\"sameAs\":[\"https:\\\/\\\/www.facebook.com\\\/Deutscher-Tempelherren-Orden-OMCT-2054469481490772\\\/\"]},{\"@type\":\"Person\",\"@id\":\"https:\\\/\\\/tempelherrenorden.de\\\/cms\\\/#\\\/schema\\\/person\\\/c4b556c7412791f0ed2d6851086be4aa\",\"name\":\"Redaktion\",\"image\":{\"@type\":\"ImageObject\",\"inLanguage\":\"de\",\"@id\":\"https:\\\/\\\/secure.gravatar.com\\\/avatar\\\/4ed839132852af2d0905f18562e70ba28d4d5c2fa1196284813995a27f534319?s=96&d=mm&r=g\",\"url\":\"https:\\\/\\\/secure.gravatar.com\\\/avatar\\\/4ed839132852af2d0905f18562e70ba28d4d5c2fa1196284813995a27f534319?s=96&d=mm&r=g\",\"contentUrl\":\"https:\\\/\\\/secure.gravatar.com\\\/avatar\\\/4ed839132852af2d0905f18562e70ba28d4d5c2fa1196284813995a27f534319?s=96&d=mm&r=g\",\"caption\":\"Redaktion\"},\"url\":\"https:\\\/\\\/tempelherrenorden.de\\\/cms\\\/author\\\/redaktion\\\/\"}]}<\/script>\n<!-- \/ Yoast SEO plugin. -->","yoast_head_json":{"title":"Solidarit\u00e4t zwischen den Generationen nach der Art Gottes &#8226; Deutscher Tempelherren-Orden","robots":{"index":"index","follow":"follow","max-snippet":"max-snippet:-1","max-image-preview":"max-image-preview:large","max-video-preview":"max-video-preview:-1"},"canonical":"https:\/\/tempelherrenorden.de\/cms\/solidaritaet-zwischen-den-generationen-nach-der-art-gottes\/","og_locale":"de_DE","og_type":"article","og_title":"Solidarit\u00e4t zwischen den Generationen nach der Art Gottes &#8226; Deutscher Tempelherren-Orden","og_description":"(Predigtgedanken zum Fest der Heiligen Familie \/ 1. Sonntag nach Christfest, Lk 2:41-52, Sir 3:2 \u2013 6, 12 \u2013 14, Kol 3:12 &#8211; 21) GUT AUFGEHOBEN Josef und Maria erleben in der gerade geh\u00f6rten Geschichte schockiert, wie ihr Jesus, der ihnen so vertraut ist, seinen Weg geht und darauf beharrt,\u2026 Artikel lesen","og_url":"https:\/\/tempelherrenorden.de\/cms\/solidaritaet-zwischen-den-generationen-nach-der-art-gottes\/","og_site_name":"Deutscher Tempelherren-Orden","article_publisher":"https:\/\/www.facebook.com\/Deutscher-Tempelherren-Orden-OMCT-2054469481490772\/","article_published_time":"2024-12-28T17:40:20+00:00","article_modified_time":"2024-12-28T17:40:21+00:00","author":"Redaktion","twitter_card":"summary_large_image","twitter_misc":{"Verfasst von":"Redaktion","Gesch\u00e4tzte Lesezeit":"6\u00a0Minuten"},"schema":{"@context":"https:\/\/schema.org","@graph":[{"@type":"Article","@id":"https:\/\/tempelherrenorden.de\/cms\/solidaritaet-zwischen-den-generationen-nach-der-art-gottes\/#article","isPartOf":{"@id":"https:\/\/tempelherrenorden.de\/cms\/solidaritaet-zwischen-den-generationen-nach-der-art-gottes\/"},"author":{"name":"Redaktion","@id":"https:\/\/tempelherrenorden.de\/cms\/#\/schema\/person\/c4b556c7412791f0ed2d6851086be4aa"},"headline":"Solidarit\u00e4t zwischen den Generationen nach der Art Gottes","datePublished":"2024-12-28T17:40:20+00:00","dateModified":"2024-12-28T17:40:21+00:00","mainEntityOfPage":{"@id":"https:\/\/tempelherrenorden.de\/cms\/solidaritaet-zwischen-den-generationen-nach-der-art-gottes\/"},"wordCount":1153,"publisher":{"@id":"https:\/\/tempelherrenorden.de\/cms\/#organization"},"keywords":["Matthias David","Predigt","Tempelherren","Tempelritter","Templer"],"inLanguage":"de"},{"@type":"WebPage","@id":"https:\/\/tempelherrenorden.de\/cms\/solidaritaet-zwischen-den-generationen-nach-der-art-gottes\/","url":"https:\/\/tempelherrenorden.de\/cms\/solidaritaet-zwischen-den-generationen-nach-der-art-gottes\/","name":"Solidarit\u00e4t zwischen den Generationen nach der Art Gottes &#8226; Deutscher Tempelherren-Orden","isPartOf":{"@id":"https:\/\/tempelherrenorden.de\/cms\/#website"},"datePublished":"2024-12-28T17:40:20+00:00","dateModified":"2024-12-28T17:40:21+00:00","breadcrumb":{"@id":"https:\/\/tempelherrenorden.de\/cms\/solidaritaet-zwischen-den-generationen-nach-der-art-gottes\/#breadcrumb"},"inLanguage":"de","potentialAction":[{"@type":"ReadAction","target":["https:\/\/tempelherrenorden.de\/cms\/solidaritaet-zwischen-den-generationen-nach-der-art-gottes\/"]}]},{"@type":"BreadcrumbList","@id":"https:\/\/tempelherrenorden.de\/cms\/solidaritaet-zwischen-den-generationen-nach-der-art-gottes\/#breadcrumb","itemListElement":[{"@type":"ListItem","position":1,"name":"Startseite","item":"https:\/\/tempelherrenorden.de\/cms\/"},{"@type":"ListItem","position":2,"name":"Solidarit\u00e4t zwischen den Generationen nach der Art Gottes"}]},{"@type":"WebSite","@id":"https:\/\/tempelherrenorden.de\/cms\/#website","url":"https:\/\/tempelherrenorden.de\/cms\/","name":"Deutscher Tempelherren-Orden","description":"","publisher":{"@id":"https:\/\/tempelherrenorden.de\/cms\/#organization"},"potentialAction":[{"@type":"SearchAction","target":{"@type":"EntryPoint","urlTemplate":"https:\/\/tempelherrenorden.de\/cms\/?s={search_term_string}"},"query-input":{"@type":"PropertyValueSpecification","valueRequired":true,"valueName":"search_term_string"}}],"inLanguage":"de"},{"@type":"Organization","@id":"https:\/\/tempelherrenorden.de\/cms\/#organization","name":"Deutscher Tempelherren-Orden OMCT e.V.","url":"https:\/\/tempelherrenorden.de\/cms\/","logo":{"@type":"ImageObject","inLanguage":"de","@id":"https:\/\/tempelherrenorden.de\/cms\/#\/schema\/logo\/image\/","url":"https:\/\/i0.wp.com\/tempelherrenorden.de\/cms\/wp-content\/uploads\/2018\/01\/OMCT-Wappen.jpg?fit=997%2C1198&ssl=1","contentUrl":"https:\/\/i0.wp.com\/tempelherrenorden.de\/cms\/wp-content\/uploads\/2018\/01\/OMCT-Wappen.jpg?fit=997%2C1198&ssl=1","width":997,"height":1198,"caption":"Deutscher Tempelherren-Orden OMCT e.V."},"image":{"@id":"https:\/\/tempelherrenorden.de\/cms\/#\/schema\/logo\/image\/"},"sameAs":["https:\/\/www.facebook.com\/Deutscher-Tempelherren-Orden-OMCT-2054469481490772\/"]},{"@type":"Person","@id":"https:\/\/tempelherrenorden.de\/cms\/#\/schema\/person\/c4b556c7412791f0ed2d6851086be4aa","name":"Redaktion","image":{"@type":"ImageObject","inLanguage":"de","@id":"https:\/\/secure.gravatar.com\/avatar\/4ed839132852af2d0905f18562e70ba28d4d5c2fa1196284813995a27f534319?s=96&d=mm&r=g","url":"https:\/\/secure.gravatar.com\/avatar\/4ed839132852af2d0905f18562e70ba28d4d5c2fa1196284813995a27f534319?s=96&d=mm&r=g","contentUrl":"https:\/\/secure.gravatar.com\/avatar\/4ed839132852af2d0905f18562e70ba28d4d5c2fa1196284813995a27f534319?s=96&d=mm&r=g","caption":"Redaktion"},"url":"https:\/\/tempelherrenorden.de\/cms\/author\/redaktion\/"}]}},"jetpack_featured_media_url":"","jetpack_shortlink":"https:\/\/wp.me\/p5yQvL-1kW","jetpack_sharing_enabled":true,"_links":{"self":[{"href":"https:\/\/tempelherrenorden.de\/cms\/wp-json\/wp\/v2\/posts\/5142","targetHints":{"allow":["GET"]}}],"collection":[{"href":"https:\/\/tempelherrenorden.de\/cms\/wp-json\/wp\/v2\/posts"}],"about":[{"href":"https:\/\/tempelherrenorden.de\/cms\/wp-json\/wp\/v2\/types\/post"}],"author":[{"embeddable":true,"href":"https:\/\/tempelherrenorden.de\/cms\/wp-json\/wp\/v2\/users\/10"}],"replies":[{"embeddable":true,"href":"https:\/\/tempelherrenorden.de\/cms\/wp-json\/wp\/v2\/comments?post=5142"}],"version-history":[{"count":1,"href":"https:\/\/tempelherrenorden.de\/cms\/wp-json\/wp\/v2\/posts\/5142\/revisions"}],"predecessor-version":[{"id":5143,"href":"https:\/\/tempelherrenorden.de\/cms\/wp-json\/wp\/v2\/posts\/5142\/revisions\/5143"}],"wp:attachment":[{"href":"https:\/\/tempelherrenorden.de\/cms\/wp-json\/wp\/v2\/media?parent=5142"}],"wp:term":[{"taxonomy":"category","embeddable":true,"href":"https:\/\/tempelherrenorden.de\/cms\/wp-json\/wp\/v2\/categories?post=5142"},{"taxonomy":"post_tag","embeddable":true,"href":"https:\/\/tempelherrenorden.de\/cms\/wp-json\/wp\/v2\/tags?post=5142"}],"curies":[{"name":"wp","href":"https:\/\/api.w.org\/{rel}","templated":true}]}}