{"id":5166,"date":"2025-03-22T22:58:01","date_gmt":"2025-03-22T21:58:01","guid":{"rendered":"https:\/\/tempelherrenorden.de\/cms\/?p=5166"},"modified":"2025-03-22T22:58:02","modified_gmt":"2025-03-22T21:58:02","slug":"gott-hat-uns-seinen-namen-anvertraut","status":"publish","type":"post","link":"https:\/\/tempelherrenorden.de\/cms\/gott-hat-uns-seinen-namen-anvertraut\/","title":{"rendered":"GOTT HAT UNS SEINEN NAMEN ANVERTRAUT"},"content":{"rendered":"\n<p class=\"wp-block-paragraph\">(Predigtgedanken zum 3. Fastensonntag: LK 13:1-9, Ex 3:1-15, 1Kor 10:1-12)<\/p>\n\n\n\n<p class=\"wp-block-paragraph\">Die Bilder &#8222;Dornbusch&#8220; und &#8222;Feigenbaum&#8220; stechen hervor aus den Lesungen dieses Sonntags. In unterschiedlicher Weise sind sie Bilder der Gegenwart Gottes.<\/p>\n\n\n\n<h3 class=\"wp-block-heading\"><em>WENN B\u00dcSCHE UND B\u00c4UME PREDIGEN<\/em><\/h3>\n\n\n\n<p class=\"wp-block-paragraph\">Es ist keine \u00dcberraschung! Ein Dornbusch kann brennen \u2013 und ein Feigenbaum soll Feigen tragen. Soweit ist auch alles klar. Der Dornbusch ist W\u00fcstengestr\u00fcpp, der Feigenbaum eine Nutzpflanze. Der Dornbusch gibt sich mit karger Umgebung zufrieden, der Feigenbaum will umhegt und gepflegt sein.<br \/>Eine \u00dcberraschung allerdings ist, dass beide heute in der Predigt die Hauptrollen spielen sollen. Blumen in der Kirche finden wir sch\u00f6n, aber Dornbusch und Feigenbaum?<\/p>\n\n\n\n<!--more-->\n\n\n\n<h3 class=\"wp-block-heading\"><em>DORNBUSCH<\/em><\/h3>\n\n\n\n<p class=\"wp-block-paragraph\">Beginnen wir mit dem Dornbusch! Mose h\u00fctet gerade die Schafe seines Schwiegervaters. Sie kennen Mose? Er wird das in \u00c4gypten gefangen gehaltene Volk Israel in das ber\u00fchmte gelobte Land f\u00fchren. Vorher ist er in einen Mordfall verwickelt \u2013 und findet buchst\u00e4blich unter Schafen und Ziegen Zuflucht. Weit ab von der Zivilisation. Genannt wird als Ort der Horeb, schon mal als Gottesberg vorgestellt. Das Land ist karg \u2013 ein Gebirge.<br \/><br \/>Mose sieht einen Dornbusch brennen. In der Gegend, bei den Temperaturen, gibt es regelm\u00e4\u00dfig Buschbr\u00e4nde. Aber dass der Busch nicht verbrennt, macht Mose stutzig. Neugierig n\u00e4hert er sich dem geheimnisvollen Ort. Er sieht das Leuchten, er sieht das Licht, er sieht die Flammen \u2013 aber was dann folgt, ist eher etwas f\u00fcr die Ohren. F\u00fcr Moses Ohren und f\u00fcr unsere. Mose h\u00f6rt, er solle seine Sandalen ausziehen \u2013 das Land, auf dem er stehe, sei heilig. Und dann stellt sich Gott ihm vor:<br \/>&nbsp;&nbsp;&nbsp;&nbsp;&nbsp;&nbsp;&nbsp;&nbsp;&nbsp;&nbsp;&nbsp;&nbsp;<em>\u201eIch bin der Gott deines Vaters,<br \/>&nbsp;&nbsp;&nbsp;&nbsp;&nbsp;&nbsp;&nbsp;&nbsp;&nbsp;&nbsp;&nbsp; der Gott Abrahams,<br \/>&nbsp;&nbsp;&nbsp;&nbsp;&nbsp;&nbsp;&nbsp;&nbsp;&nbsp;&nbsp;&nbsp; der Gott Isaaks<br \/>&nbsp;&nbsp;&nbsp;&nbsp;&nbsp;&nbsp;&nbsp;&nbsp;&nbsp;&nbsp;&nbsp; und der Gott Jakobs<\/em>.\u201c<br \/><br \/>Kennt Mose ihn? Ist er ihm schon mal begegnet? Und &#8211; woher kennt Gott Mose? Wieso kommt er hier her? Viel Zeit, dar\u00fcber nachzudenken, hat Mose nicht. W\u00e4re er doch nur nicht so neugierig gewesen! Sein ganzes Leben wird jetzt auf den Kopf gestellt. Er solle zum Pharao gehen \u2013 dem \u00e4gyptischen K\u00f6nig &#8211; und ihm sagen: Israel h\u00e4tte jetzt genug Frondienst geleistet, genug Unterdr\u00fcckung erfahren, genug gelitten. Er, der Schaf- und Ziegenhirte sollte das sagen! Sp\u00e4ter wird es das Urbekenntnis Israels sein, von Gott selbst befreit worden zu sein. Die Geschichte f\u00e4ngt hier an \u2013 am Horeb. Mit einem brennenden, leuchtenden Dornbusch.<br \/><br \/>In der aktuellen Situation tr\u00e4ume ich davon, dass ein Mose zu Putin geht: Dein Volk hat genug Frondienste geleistet, die Ukraine genug Unterdr\u00fcckung erfahren, unschuldige Menschen genug gelitten.<br \/>Es ist kaum eine Geschichte so schwer wie die der Freiheit.<br \/><br \/>Fragen Menschen, wer denn hinter dieser Geschichte stecke, sollen sie nicht einfach \u201eGott\u201c sagen \u2013 Gott hei\u00dft&nbsp;<em>\u201eDer ich bin\u201c<\/em>. Gott stellt sich so vor. Er hat schon l\u00e4ngst eine Geschichte mit Menschen. Er ist der Gott Abrahams, Isaaks und Jakobs. Namen sind auch sonst oft geheimnisvoll verschl\u00fcsselt, aber dieser Name hat es in sich. Wer ich bin, entdeckst du, wenn du mir vertraust. Wer ich bin, entdeckst du, wenn du mit mir gehst. Ich gehe mit euch. Ich bin in eurer Mitte. Mose sieht nur das Leuchten, das den Busch in Flammen h\u00fcllt. \u201eDer ich bin\u201c ist voller Liebe. \u201eDer ich bin\u201c hat Zukunft f\u00fcr Menschen. \u201eDer ich bin\u201c umfasst Himmel und Erde. Philosophen nannten ihn das h\u00f6chste Sein, den unbewegt Bewegenden \u2013 Gott hat sich solchen Festlegungen immer entzogen. Im Vaterunser d\u00fcrfen wir ihn als \u201eunseren Vater\u201c ansprechen. \u201eGeheiligt werde dein Name. Dein Reich komme. Dein Wille geschehe\u201c.<br \/><br \/>Drei Worte hat Gott noch f\u00fcr Mose: Und jetzt geh!<\/p>\n\n\n\n<h3 class=\"wp-block-heading\"><em>FEIGENBAUM<\/em><\/h3>\n\n\n\n<p class=\"wp-block-paragraph\">Jetzt sind wir beim Feigenbaum angekommen. Jesus erz\u00e4hlt von ihm. Es ist ein Gleichnis. Gleichnisse fangen so an: Schaut mal. Dann nimmt Jesus seine H\u00f6rer sozusagen an die Hand und f\u00fchrt sie in ihr eigenes Leben.<br \/><br \/>Der Feigenbaum h\u00e4tte l\u00e4ngst tragen m\u00fcssen. Ob er \u00fcberhaupt schon einmal getragen hat, erz\u00e4hlt Jesus nicht. Vielleicht ein junger Feigenbaum? Der Besitzer ist nicht gerade gl\u00fccklich. Er hat den Feigenbaum gepflanzt, um eine gute Ernte zu erzielen. Er lebt schlie\u00dflich davon. Hau ihn um! Sagt er. Hau ihn um!<br \/>Das Leben ist hart genug. Es gibt auch sonst Ernteausf\u00e4lle oder einfach schlechte Ernten. Jedes Jahr ist anders. Doch der Winzer, der sich um die Feigenb\u00e4ume k\u00fcmmert, bittet f\u00fcr einen Feigenbaum. Er k\u00e4mpft um ihn. Er gibt ihm nicht nur Zeit, er l\u00e4sst ihm das H\u00f6chstma\u00df an Pflege angedeihen.<br \/>Das ist Vertrauen: Vielleicht tr\u00e4gt der Feigenbaum doch noch. Umhauen kann man ihn sp\u00e4ter immer noch. Aufgeben kann man sp\u00e4ter. Und in diesem \u201esp\u00e4ter\u201c dr\u00fcckt sich die Hoffnung aus, dass es soweit nicht kommen wird. Sonst h\u00e4tte man ja jetzt schon entscheiden k\u00f6nnen. Welchen Sinn h\u00e4tte es, noch zu warten?<br \/><br \/>Als Jesus die kleine Geschichte erz\u00e4hlt, sieht er, wie die Menschen nicken. Nicht nur der Feigenbaum braucht eine Chance. Aber die Drohgeb\u00e4rde: ab jetzt hat das zu klappen \u2013 findet sich in diesem Gleichnis nicht. Zugegeben: viele Menschen haben diese Drohgeb\u00e4rde kennen gelernt, viele Menschen haben sie auch erbarmungslos eingesetzt. Es wurde viel umgehauen! Es wurde viel zu schnell umgehauen!<br \/><br \/>Jesus schl\u00fcpft in die Rolle des Winzers. Liebevoll bereitet er uns den Boden. In seiner Liebe k\u00f6nnen Menschen wachsen. Die Fr\u00fcchte, die der Feigenbaum tr\u00e4gt, sind gewiss \u2013 Feigen. Die Fr\u00fcchte, die wir bringen, sind bunt und vielf\u00e4ltig.<br \/>Fr\u00fcchte k\u00f6nnten unter uns sein, einen anderen Menschen nicht umzuhauen &#8211; einem anderen Menschen zu helfen, die guten Seiten zu entdecken \u2013 der Hoffnung zu trauen, dass auch Feindschaft nicht das letzte Wort behalten kann.<br \/><br \/>Ihnen fallen bestimmt noch weitere sch\u00f6ne Fr\u00fcchte ein. Sie k\u00f6nnen auch ausw\u00e4hlen. Es gibt so viele gute Fr\u00fcchte. Man kann sie wachsen lassen. Man kann sie behutsam in die Hand nehmen. Man kann sie mit einem L\u00e4cheln teilen. Schlie\u00dflich ist jeder Mensch anders. Wenn es die Liebe ist, reichen die K\u00f6rbe nicht \u2013 f\u00fcr die Fr\u00fcchte. Und die Geschichten reichen nicht, von den vielen Neuanf\u00e4ngen zu erz\u00e4hlen. \u201eSp\u00e4ter\u201c werden wir noch mehr zu erz\u00e4hlen haben.<br \/><br \/>Aus Kriegsgeschichten wollen wir ausbrechen. Hass und Angst sind keine Fr\u00fcchte, die uns den Geschmack des Lebens schenken. Wie sch\u00f6n ist doch der Feigenbaum, wenn er einsam und verlassen in einer Ruine der H\u00f6lle trotzt?<\/p>\n\n\n\n<h3 class=\"wp-block-heading\"><em>DORNBUSCH UND FEIGENBAUM<\/em><\/h3>\n\n\n\n<p class=\"wp-block-paragraph\">Es ist keine \u00dcberraschung! Ein Dornbusch kann brennen \u2013 und ein Feigenbaum soll Feigen tragen. Soweit ist auch alles klar. Aber wussten Sie, dass der Dornbusch Fr\u00fcchte tr\u00e4gt \u2013 und der Feigenbaum einem Lichtkegel gleicht?<br \/><br \/>Aus den Dornen kommt Gottes Ruf. \u201eDer ich bin\u201c ist der Gott, der Menschen in die Freiheit f\u00fchrt. Die Herren dieser Welt haben noch nie damit gerechnet. In ihrem Wahn opfern sie sogar ihre V\u00f6lker. Die Dornen tragen Fr\u00fcchte: Ich bin bei euch. Alle Tage. Bis an das Ende der Welt.<br \/><br \/>Und der Feigenbaum wird zu einem Licht mitten am Tag. Es sieht so aus, als ob er noch Zeit braucht. Wir alle brauchen noch Zeit. Aber er wird seine Fr\u00fcchte bringen. \u00dcberraschend. So reich, dass die K\u00f6rbe, dass die Geschichten nicht reichen.<br \/><br \/>Gott, der eine Geschichte mit uns hat, mit unseren Vorfahren, mit Abraham, Isaak, mit Jakob und den vielen anderen, hat uns seinen Namen anvertraut, seinen Namen f\u00fcr immer. Treu und verl\u00e4sslich steht er zu seinem Wort. So rufen wir ihn an von Generation zu Generation.<\/p>\n\n\n\n<p class=\"wp-block-paragraph\">Seneschall Matthias David<br \/><br \/><br \/><\/p>\n","protected":false},"excerpt":{"rendered":"<p>(Predigtgedanken zum 3. Fastensonntag: LK 13:1-9, Ex 3:1-15, 1Kor 10:1-12) Die Bilder &#8222;Dornbusch&#8220; und &#8222;Feigenbaum&#8220; stechen hervor aus den Lesungen dieses Sonntags. In unterschiedlicher Weise sind sie Bilder der Gegenwart Gottes. WENN B\u00dcSCHE UND B\u00c4UME PREDIGEN Es ist keine \u00dcberraschung! Ein Dornbusch kann brennen \u2013 und ein Feigenbaum soll Feigen\u2026<\/p>\n<p> <a class=\"continue-reading-link\" href=\"https:\/\/tempelherrenorden.de\/cms\/gott-hat-uns-seinen-namen-anvertraut\/\"><span>Artikel lesen<\/span><i class=\"crycon-right-dir\"><\/i><\/a> <\/p>\n","protected":false},"author":10,"featured_media":0,"comment_status":"closed","ping_status":"closed","sticky":false,"template":"","format":"standard","meta":{"_crdt_document":"","jetpack_post_was_ever_published":false,"_jetpack_newsletter_access":"","_jetpack_dont_email_post_to_subs":false,"_jetpack_newsletter_tier_id":0,"_jetpack_memberships_contains_paywalled_content":false,"_jetpack_memberships_contains_paid_content":false,"footnotes":""},"categories":[1],"tags":[134,92,63,45,44],"class_list":["post-5166","post","type-post","status-publish","format-standard","hentry","category-allgemein","tag-matthias-david","tag-predigt","tag-tempelherren","tag-tempelritter","tag-templer"],"yoast_head":"<!-- This site is optimized with the Yoast SEO plugin v27.4 - https:\/\/yoast.com\/product\/yoast-seo-wordpress\/ -->\n<title>GOTT HAT UNS SEINEN NAMEN ANVERTRAUT &#8226; Deutscher Tempelherren-Orden<\/title>\n<meta name=\"robots\" content=\"index, follow, max-snippet:-1, max-image-preview:large, max-video-preview:-1\" \/>\n<link rel=\"canonical\" href=\"https:\/\/tempelherrenorden.de\/cms\/gott-hat-uns-seinen-namen-anvertraut\/\" \/>\n<meta property=\"og:locale\" content=\"de_DE\" \/>\n<meta property=\"og:type\" content=\"article\" \/>\n<meta property=\"og:title\" content=\"GOTT HAT UNS SEINEN NAMEN ANVERTRAUT &#8226; Deutscher Tempelherren-Orden\" \/>\n<meta property=\"og:description\" content=\"(Predigtgedanken zum 3. Fastensonntag: LK 13:1-9, Ex 3:1-15, 1Kor 10:1-12) Die Bilder &#8222;Dornbusch&#8220; und &#8222;Feigenbaum&#8220; stechen hervor aus den Lesungen dieses Sonntags. In unterschiedlicher Weise sind sie Bilder der Gegenwart Gottes. WENN B\u00dcSCHE UND B\u00c4UME PREDIGEN Es ist keine \u00dcberraschung! Ein Dornbusch kann brennen \u2013 und ein Feigenbaum soll Feigen\u2026 Artikel lesen\" \/>\n<meta property=\"og:url\" content=\"https:\/\/tempelherrenorden.de\/cms\/gott-hat-uns-seinen-namen-anvertraut\/\" \/>\n<meta property=\"og:site_name\" content=\"Deutscher Tempelherren-Orden\" \/>\n<meta property=\"article:publisher\" content=\"https:\/\/www.facebook.com\/Deutscher-Tempelherren-Orden-OMCT-2054469481490772\/\" \/>\n<meta property=\"article:published_time\" content=\"2025-03-22T21:58:01+00:00\" \/>\n<meta property=\"article:modified_time\" content=\"2025-03-22T21:58:02+00:00\" \/>\n<meta name=\"author\" content=\"Redaktion\" \/>\n<meta name=\"twitter:card\" content=\"summary_large_image\" \/>\n<meta name=\"twitter:label1\" content=\"Verfasst von\" \/>\n\t<meta name=\"twitter:data1\" content=\"Redaktion\" \/>\n\t<meta name=\"twitter:label2\" content=\"Gesch\u00e4tzte Lesezeit\" \/>\n\t<meta name=\"twitter:data2\" content=\"7\u00a0Minuten\" \/>\n<script type=\"application\/ld+json\" class=\"yoast-schema-graph\">{\"@context\":\"https:\\\/\\\/schema.org\",\"@graph\":[{\"@type\":\"Article\",\"@id\":\"https:\\\/\\\/tempelherrenorden.de\\\/cms\\\/gott-hat-uns-seinen-namen-anvertraut\\\/#article\",\"isPartOf\":{\"@id\":\"https:\\\/\\\/tempelherrenorden.de\\\/cms\\\/gott-hat-uns-seinen-namen-anvertraut\\\/\"},\"author\":{\"name\":\"Redaktion\",\"@id\":\"https:\\\/\\\/tempelherrenorden.de\\\/cms\\\/#\\\/schema\\\/person\\\/c4b556c7412791f0ed2d6851086be4aa\"},\"headline\":\"GOTT HAT UNS SEINEN NAMEN ANVERTRAUT\",\"datePublished\":\"2025-03-22T21:58:01+00:00\",\"dateModified\":\"2025-03-22T21:58:02+00:00\",\"mainEntityOfPage\":{\"@id\":\"https:\\\/\\\/tempelherrenorden.de\\\/cms\\\/gott-hat-uns-seinen-namen-anvertraut\\\/\"},\"wordCount\":1312,\"publisher\":{\"@id\":\"https:\\\/\\\/tempelherrenorden.de\\\/cms\\\/#organization\"},\"keywords\":[\"Matthias David\",\"Predigt\",\"Tempelherren\",\"Tempelritter\",\"Templer\"],\"inLanguage\":\"de\"},{\"@type\":\"WebPage\",\"@id\":\"https:\\\/\\\/tempelherrenorden.de\\\/cms\\\/gott-hat-uns-seinen-namen-anvertraut\\\/\",\"url\":\"https:\\\/\\\/tempelherrenorden.de\\\/cms\\\/gott-hat-uns-seinen-namen-anvertraut\\\/\",\"name\":\"GOTT HAT UNS SEINEN NAMEN ANVERTRAUT &#8226; Deutscher Tempelherren-Orden\",\"isPartOf\":{\"@id\":\"https:\\\/\\\/tempelherrenorden.de\\\/cms\\\/#website\"},\"datePublished\":\"2025-03-22T21:58:01+00:00\",\"dateModified\":\"2025-03-22T21:58:02+00:00\",\"breadcrumb\":{\"@id\":\"https:\\\/\\\/tempelherrenorden.de\\\/cms\\\/gott-hat-uns-seinen-namen-anvertraut\\\/#breadcrumb\"},\"inLanguage\":\"de\",\"potentialAction\":[{\"@type\":\"ReadAction\",\"target\":[\"https:\\\/\\\/tempelherrenorden.de\\\/cms\\\/gott-hat-uns-seinen-namen-anvertraut\\\/\"]}]},{\"@type\":\"BreadcrumbList\",\"@id\":\"https:\\\/\\\/tempelherrenorden.de\\\/cms\\\/gott-hat-uns-seinen-namen-anvertraut\\\/#breadcrumb\",\"itemListElement\":[{\"@type\":\"ListItem\",\"position\":1,\"name\":\"Startseite\",\"item\":\"https:\\\/\\\/tempelherrenorden.de\\\/cms\\\/\"},{\"@type\":\"ListItem\",\"position\":2,\"name\":\"GOTT HAT UNS SEINEN NAMEN ANVERTRAUT\"}]},{\"@type\":\"WebSite\",\"@id\":\"https:\\\/\\\/tempelherrenorden.de\\\/cms\\\/#website\",\"url\":\"https:\\\/\\\/tempelherrenorden.de\\\/cms\\\/\",\"name\":\"Deutscher Tempelherren-Orden\",\"description\":\"\",\"publisher\":{\"@id\":\"https:\\\/\\\/tempelherrenorden.de\\\/cms\\\/#organization\"},\"potentialAction\":[{\"@type\":\"SearchAction\",\"target\":{\"@type\":\"EntryPoint\",\"urlTemplate\":\"https:\\\/\\\/tempelherrenorden.de\\\/cms\\\/?s={search_term_string}\"},\"query-input\":{\"@type\":\"PropertyValueSpecification\",\"valueRequired\":true,\"valueName\":\"search_term_string\"}}],\"inLanguage\":\"de\"},{\"@type\":\"Organization\",\"@id\":\"https:\\\/\\\/tempelherrenorden.de\\\/cms\\\/#organization\",\"name\":\"Deutscher Tempelherren-Orden OMCT e.V.\",\"url\":\"https:\\\/\\\/tempelherrenorden.de\\\/cms\\\/\",\"logo\":{\"@type\":\"ImageObject\",\"inLanguage\":\"de\",\"@id\":\"https:\\\/\\\/tempelherrenorden.de\\\/cms\\\/#\\\/schema\\\/logo\\\/image\\\/\",\"url\":\"https:\\\/\\\/i0.wp.com\\\/tempelherrenorden.de\\\/cms\\\/wp-content\\\/uploads\\\/2018\\\/01\\\/OMCT-Wappen.jpg?fit=997%2C1198&ssl=1\",\"contentUrl\":\"https:\\\/\\\/i0.wp.com\\\/tempelherrenorden.de\\\/cms\\\/wp-content\\\/uploads\\\/2018\\\/01\\\/OMCT-Wappen.jpg?fit=997%2C1198&ssl=1\",\"width\":997,\"height\":1198,\"caption\":\"Deutscher Tempelherren-Orden OMCT e.V.\"},\"image\":{\"@id\":\"https:\\\/\\\/tempelherrenorden.de\\\/cms\\\/#\\\/schema\\\/logo\\\/image\\\/\"},\"sameAs\":[\"https:\\\/\\\/www.facebook.com\\\/Deutscher-Tempelherren-Orden-OMCT-2054469481490772\\\/\"]},{\"@type\":\"Person\",\"@id\":\"https:\\\/\\\/tempelherrenorden.de\\\/cms\\\/#\\\/schema\\\/person\\\/c4b556c7412791f0ed2d6851086be4aa\",\"name\":\"Redaktion\",\"image\":{\"@type\":\"ImageObject\",\"inLanguage\":\"de\",\"@id\":\"https:\\\/\\\/secure.gravatar.com\\\/avatar\\\/4ed839132852af2d0905f18562e70ba28d4d5c2fa1196284813995a27f534319?s=96&d=mm&r=g\",\"url\":\"https:\\\/\\\/secure.gravatar.com\\\/avatar\\\/4ed839132852af2d0905f18562e70ba28d4d5c2fa1196284813995a27f534319?s=96&d=mm&r=g\",\"contentUrl\":\"https:\\\/\\\/secure.gravatar.com\\\/avatar\\\/4ed839132852af2d0905f18562e70ba28d4d5c2fa1196284813995a27f534319?s=96&d=mm&r=g\",\"caption\":\"Redaktion\"},\"url\":\"https:\\\/\\\/tempelherrenorden.de\\\/cms\\\/author\\\/redaktion\\\/\"}]}<\/script>\n<!-- \/ Yoast SEO plugin. -->","yoast_head_json":{"title":"GOTT HAT UNS SEINEN NAMEN ANVERTRAUT &#8226; Deutscher Tempelherren-Orden","robots":{"index":"index","follow":"follow","max-snippet":"max-snippet:-1","max-image-preview":"max-image-preview:large","max-video-preview":"max-video-preview:-1"},"canonical":"https:\/\/tempelherrenorden.de\/cms\/gott-hat-uns-seinen-namen-anvertraut\/","og_locale":"de_DE","og_type":"article","og_title":"GOTT HAT UNS SEINEN NAMEN ANVERTRAUT &#8226; Deutscher Tempelherren-Orden","og_description":"(Predigtgedanken zum 3. Fastensonntag: LK 13:1-9, Ex 3:1-15, 1Kor 10:1-12) Die Bilder &#8222;Dornbusch&#8220; und &#8222;Feigenbaum&#8220; stechen hervor aus den Lesungen dieses Sonntags. In unterschiedlicher Weise sind sie Bilder der Gegenwart Gottes. WENN B\u00dcSCHE UND B\u00c4UME PREDIGEN Es ist keine \u00dcberraschung! Ein Dornbusch kann brennen \u2013 und ein Feigenbaum soll Feigen\u2026 Artikel lesen","og_url":"https:\/\/tempelherrenorden.de\/cms\/gott-hat-uns-seinen-namen-anvertraut\/","og_site_name":"Deutscher Tempelherren-Orden","article_publisher":"https:\/\/www.facebook.com\/Deutscher-Tempelherren-Orden-OMCT-2054469481490772\/","article_published_time":"2025-03-22T21:58:01+00:00","article_modified_time":"2025-03-22T21:58:02+00:00","author":"Redaktion","twitter_card":"summary_large_image","twitter_misc":{"Verfasst von":"Redaktion","Gesch\u00e4tzte Lesezeit":"7\u00a0Minuten"},"schema":{"@context":"https:\/\/schema.org","@graph":[{"@type":"Article","@id":"https:\/\/tempelherrenorden.de\/cms\/gott-hat-uns-seinen-namen-anvertraut\/#article","isPartOf":{"@id":"https:\/\/tempelherrenorden.de\/cms\/gott-hat-uns-seinen-namen-anvertraut\/"},"author":{"name":"Redaktion","@id":"https:\/\/tempelherrenorden.de\/cms\/#\/schema\/person\/c4b556c7412791f0ed2d6851086be4aa"},"headline":"GOTT HAT UNS SEINEN NAMEN ANVERTRAUT","datePublished":"2025-03-22T21:58:01+00:00","dateModified":"2025-03-22T21:58:02+00:00","mainEntityOfPage":{"@id":"https:\/\/tempelherrenorden.de\/cms\/gott-hat-uns-seinen-namen-anvertraut\/"},"wordCount":1312,"publisher":{"@id":"https:\/\/tempelherrenorden.de\/cms\/#organization"},"keywords":["Matthias David","Predigt","Tempelherren","Tempelritter","Templer"],"inLanguage":"de"},{"@type":"WebPage","@id":"https:\/\/tempelherrenorden.de\/cms\/gott-hat-uns-seinen-namen-anvertraut\/","url":"https:\/\/tempelherrenorden.de\/cms\/gott-hat-uns-seinen-namen-anvertraut\/","name":"GOTT HAT UNS SEINEN NAMEN ANVERTRAUT &#8226; Deutscher Tempelherren-Orden","isPartOf":{"@id":"https:\/\/tempelherrenorden.de\/cms\/#website"},"datePublished":"2025-03-22T21:58:01+00:00","dateModified":"2025-03-22T21:58:02+00:00","breadcrumb":{"@id":"https:\/\/tempelherrenorden.de\/cms\/gott-hat-uns-seinen-namen-anvertraut\/#breadcrumb"},"inLanguage":"de","potentialAction":[{"@type":"ReadAction","target":["https:\/\/tempelherrenorden.de\/cms\/gott-hat-uns-seinen-namen-anvertraut\/"]}]},{"@type":"BreadcrumbList","@id":"https:\/\/tempelherrenorden.de\/cms\/gott-hat-uns-seinen-namen-anvertraut\/#breadcrumb","itemListElement":[{"@type":"ListItem","position":1,"name":"Startseite","item":"https:\/\/tempelherrenorden.de\/cms\/"},{"@type":"ListItem","position":2,"name":"GOTT HAT UNS SEINEN NAMEN ANVERTRAUT"}]},{"@type":"WebSite","@id":"https:\/\/tempelherrenorden.de\/cms\/#website","url":"https:\/\/tempelherrenorden.de\/cms\/","name":"Deutscher Tempelherren-Orden","description":"","publisher":{"@id":"https:\/\/tempelherrenorden.de\/cms\/#organization"},"potentialAction":[{"@type":"SearchAction","target":{"@type":"EntryPoint","urlTemplate":"https:\/\/tempelherrenorden.de\/cms\/?s={search_term_string}"},"query-input":{"@type":"PropertyValueSpecification","valueRequired":true,"valueName":"search_term_string"}}],"inLanguage":"de"},{"@type":"Organization","@id":"https:\/\/tempelherrenorden.de\/cms\/#organization","name":"Deutscher Tempelherren-Orden OMCT e.V.","url":"https:\/\/tempelherrenorden.de\/cms\/","logo":{"@type":"ImageObject","inLanguage":"de","@id":"https:\/\/tempelherrenorden.de\/cms\/#\/schema\/logo\/image\/","url":"https:\/\/i0.wp.com\/tempelherrenorden.de\/cms\/wp-content\/uploads\/2018\/01\/OMCT-Wappen.jpg?fit=997%2C1198&ssl=1","contentUrl":"https:\/\/i0.wp.com\/tempelherrenorden.de\/cms\/wp-content\/uploads\/2018\/01\/OMCT-Wappen.jpg?fit=997%2C1198&ssl=1","width":997,"height":1198,"caption":"Deutscher Tempelherren-Orden OMCT e.V."},"image":{"@id":"https:\/\/tempelherrenorden.de\/cms\/#\/schema\/logo\/image\/"},"sameAs":["https:\/\/www.facebook.com\/Deutscher-Tempelherren-Orden-OMCT-2054469481490772\/"]},{"@type":"Person","@id":"https:\/\/tempelherrenorden.de\/cms\/#\/schema\/person\/c4b556c7412791f0ed2d6851086be4aa","name":"Redaktion","image":{"@type":"ImageObject","inLanguage":"de","@id":"https:\/\/secure.gravatar.com\/avatar\/4ed839132852af2d0905f18562e70ba28d4d5c2fa1196284813995a27f534319?s=96&d=mm&r=g","url":"https:\/\/secure.gravatar.com\/avatar\/4ed839132852af2d0905f18562e70ba28d4d5c2fa1196284813995a27f534319?s=96&d=mm&r=g","contentUrl":"https:\/\/secure.gravatar.com\/avatar\/4ed839132852af2d0905f18562e70ba28d4d5c2fa1196284813995a27f534319?s=96&d=mm&r=g","caption":"Redaktion"},"url":"https:\/\/tempelherrenorden.de\/cms\/author\/redaktion\/"}]}},"jetpack_featured_media_url":"","jetpack_shortlink":"https:\/\/wp.me\/p5yQvL-1lk","jetpack_sharing_enabled":true,"_links":{"self":[{"href":"https:\/\/tempelherrenorden.de\/cms\/wp-json\/wp\/v2\/posts\/5166","targetHints":{"allow":["GET"]}}],"collection":[{"href":"https:\/\/tempelherrenorden.de\/cms\/wp-json\/wp\/v2\/posts"}],"about":[{"href":"https:\/\/tempelherrenorden.de\/cms\/wp-json\/wp\/v2\/types\/post"}],"author":[{"embeddable":true,"href":"https:\/\/tempelherrenorden.de\/cms\/wp-json\/wp\/v2\/users\/10"}],"replies":[{"embeddable":true,"href":"https:\/\/tempelherrenorden.de\/cms\/wp-json\/wp\/v2\/comments?post=5166"}],"version-history":[{"count":1,"href":"https:\/\/tempelherrenorden.de\/cms\/wp-json\/wp\/v2\/posts\/5166\/revisions"}],"predecessor-version":[{"id":5167,"href":"https:\/\/tempelherrenorden.de\/cms\/wp-json\/wp\/v2\/posts\/5166\/revisions\/5167"}],"wp:attachment":[{"href":"https:\/\/tempelherrenorden.de\/cms\/wp-json\/wp\/v2\/media?parent=5166"}],"wp:term":[{"taxonomy":"category","embeddable":true,"href":"https:\/\/tempelherrenorden.de\/cms\/wp-json\/wp\/v2\/categories?post=5166"},{"taxonomy":"post_tag","embeddable":true,"href":"https:\/\/tempelherrenorden.de\/cms\/wp-json\/wp\/v2\/tags?post=5166"}],"curies":[{"name":"wp","href":"https:\/\/api.w.org\/{rel}","templated":true}]}}