{"id":5181,"date":"2025-04-20T20:57:48","date_gmt":"2025-04-20T18:57:48","guid":{"rendered":"https:\/\/tempelherrenorden.de\/cms\/?p=5181"},"modified":"2025-04-20T20:57:49","modified_gmt":"2025-04-20T18:57:49","slug":"ostergruesse-des-ordensmeisters","status":"publish","type":"post","link":"https:\/\/tempelherrenorden.de\/cms\/ostergruesse-des-ordensmeisters\/","title":{"rendered":"Ostergr\u00fc\u00dfe des Ordensmeisters"},"content":{"rendered":"\n<p class=\"wp-block-paragraph\">Liebe Ordensschwestern,Liebe Ordensbr\u00fcder,Liebe Freunde und F\u00f6rderer des Tempelherrenoderns,<\/p>\n\n\n\n<blockquote class=\"wp-block-quote is-layout-flow wp-block-quote-is-layout-flow\">\n<p class=\"wp-block-paragraph\"><em>Wer nur den lieben Gott l\u00e4sst walten und hoffet auf ihn allezeit,<\/em><br \/><em>den wird er wunderbar erhalten in aller Not und Traurigkeit.<\/em><br \/><em>Wer Gott, dem Allerh\u00f6chsten, traut, der hat auf keinen Sand gebaut.<\/em><br \/><em>Ich w\u00fcnsche Euch und Euren Familien den Segen des Auferstandenen<\/em><br \/><em>und de Frieden unseres allm\u00e4chtigen Gottes<\/em><\/p>\n<\/blockquote>\n\n\n\n<figure class=\"wp-block-image size-full\"><img data-recalc-dims=\"1\" loading=\"lazy\" decoding=\"async\" width=\"990\" height=\"556\" data-attachment-id=\"5182\" data-permalink=\"https:\/\/tempelherrenorden.de\/cms\/ostergruesse-des-ordensmeisters\/ostergruesse-ordensmeister\/\" data-orig-file=\"https:\/\/i0.wp.com\/tempelherrenorden.de\/cms\/wp-content\/uploads\/2025\/04\/ostergruesse-Ordensmeister.jpg?fit=990%2C556&amp;ssl=1\" data-orig-size=\"990,556\" data-comments-opened=\"0\" data-image-meta=\"{&quot;aperture&quot;:&quot;0&quot;,&quot;credit&quot;:&quot;&quot;,&quot;camera&quot;:&quot;&quot;,&quot;caption&quot;:&quot;&quot;,&quot;created_timestamp&quot;:&quot;0&quot;,&quot;copyright&quot;:&quot;&quot;,&quot;focal_length&quot;:&quot;0&quot;,&quot;iso&quot;:&quot;0&quot;,&quot;shutter_speed&quot;:&quot;0&quot;,&quot;title&quot;:&quot;&quot;,&quot;orientation&quot;:&quot;0&quot;}\" data-image-title=\"ostergr\u00fc\u00dfe Ordensmeister\" data-image-description=\"\" data-image-caption=\"\" data-large-file=\"https:\/\/i0.wp.com\/tempelherrenorden.de\/cms\/wp-content\/uploads\/2025\/04\/ostergruesse-Ordensmeister.jpg?fit=990%2C556&amp;ssl=1\" src=\"https:\/\/i0.wp.com\/tempelherrenorden.de\/cms\/wp-content\/uploads\/2025\/04\/ostergruesse-Ordensmeister.jpg?resize=990%2C556&#038;ssl=1\" alt=\"\" class=\"wp-image-5182\" srcset=\"https:\/\/i0.wp.com\/tempelherrenorden.de\/cms\/wp-content\/uploads\/2025\/04\/ostergruesse-Ordensmeister.jpg?w=990&amp;ssl=1 990w, https:\/\/i0.wp.com\/tempelherrenorden.de\/cms\/wp-content\/uploads\/2025\/04\/ostergruesse-Ordensmeister.jpg?resize=300%2C168&amp;ssl=1 300w, https:\/\/i0.wp.com\/tempelherrenorden.de\/cms\/wp-content\/uploads\/2025\/04\/ostergruesse-Ordensmeister.jpg?resize=768%2C431&amp;ssl=1 768w, https:\/\/i0.wp.com\/tempelherrenorden.de\/cms\/wp-content\/uploads\/2025\/04\/ostergruesse-Ordensmeister.jpg?resize=150%2C84&amp;ssl=1 150w\" sizes=\"auto, (max-width: 990px) 100vw, 990px\" \/><\/figure>\n\n\n\n<p class=\"wp-block-paragraph\">Frohe Ostern<br \/><strong>Non Nobis, Domine, Non Nobis \u2013 Sed Nomini Tuo Da Gloriam<\/strong><\/p>\n\n\n\n<p class=\"wp-block-paragraph\">mit br\u00fcderlichen Gr\u00fc\u00dfen<br \/>Obr. Thomas Henning<br \/>Ordensmeister<\/p>\n","protected":false},"excerpt":{"rendered":"<p>Liebe Ordensschwestern,Liebe Ordensbr\u00fcder,Liebe Freunde und F\u00f6rderer des Tempelherrenoderns, Wer nur den lieben Gott l\u00e4sst walten und hoffet auf ihn allezeit,den wird er wunderbar erhalten in aller Not und Traurigkeit.Wer Gott, dem Allerh\u00f6chsten, traut, der hat auf keinen Sand gebaut.Ich w\u00fcnsche Euch und Euren Familien den Segen des Auferstandenenund de Frieden\u2026<\/p>\n<p> <a class=\"continue-reading-link\" href=\"https:\/\/tempelherrenorden.de\/cms\/ostergruesse-des-ordensmeisters\/\"><span>Artikel lesen<\/span><i class=\"crycon-right-dir\"><\/i><\/a> <\/p>\n","protected":false},"author":7,"featured_media":1838,"comment_status":"closed","ping_status":"closed","sticky":false,"template":"","format":"standard","meta":{"_crdt_document":"","jetpack_post_was_ever_published":false,"_jetpack_newsletter_access":"","_jetpack_dont_email_post_to_subs":false,"_jetpack_newsletter_tier_id":0,"_jetpack_memberships_contains_paywalled_content":false,"_jetpack_memberships_contains_paid_content":false,"footnotes":""},"categories":[1],"tags":[105,42,63,45,44],"class_list":["post-5181","post","type-post","status-publish","format-standard","has-post-thumbnail","hentry","category-allgemein","tag-ordensmeister","tag-ostern","tag-tempelherren","tag-tempelritter","tag-templer"],"yoast_head":"<!-- This site is optimized with the Yoast SEO plugin v27.4 - https:\/\/yoast.com\/product\/yoast-seo-wordpress\/ -->\n<title>Ostergr\u00fc\u00dfe des Ordensmeisters &#8226; Deutscher Tempelherren-Orden<\/title>\n<meta name=\"description\" content=\"Ostergru\u00dfwort des Tempelherrenordens: Ordensmeister Thomas Henning w\u00fcnscht Frieden und Vertrauen in Gott \u2013 Non Nobis, Domine! Frohe Ostern!\" \/>\n<meta name=\"robots\" content=\"index, follow, max-snippet:-1, max-image-preview:large, max-video-preview:-1\" \/>\n<link rel=\"canonical\" href=\"https:\/\/tempelherrenorden.de\/cms\/ostergruesse-des-ordensmeisters\/\" \/>\n<meta property=\"og:locale\" content=\"de_DE\" \/>\n<meta property=\"og:type\" content=\"article\" \/>\n<meta property=\"og:title\" content=\"Ostergr\u00fc\u00dfe des Ordensmeisters &#8226; Deutscher Tempelherren-Orden\" \/>\n<meta property=\"og:description\" content=\"Ostergru\u00dfwort des Tempelherrenordens: Ordensmeister Thomas Henning w\u00fcnscht Frieden und Vertrauen in Gott \u2013 Non Nobis, Domine! Frohe Ostern!\" \/>\n<meta property=\"og:url\" content=\"https:\/\/tempelherrenorden.de\/cms\/ostergruesse-des-ordensmeisters\/\" \/>\n<meta property=\"og:site_name\" content=\"Deutscher Tempelherren-Orden\" \/>\n<meta property=\"article:publisher\" content=\"https:\/\/www.facebook.com\/Deutscher-Tempelherren-Orden-OMCT-2054469481490772\/\" \/>\n<meta property=\"article:published_time\" content=\"2025-04-20T18:57:48+00:00\" \/>\n<meta property=\"article:modified_time\" content=\"2025-04-20T18:57:49+00:00\" \/>\n<meta property=\"og:image\" content=\"https:\/\/tempelherrenorden.de\/cms\/wp-content\/uploads\/2016\/03\/cropped-OMCT-Templerkreuz.jpg\" \/>\n\t<meta property=\"og:image:width\" content=\"512\" \/>\n\t<meta property=\"og:image:height\" content=\"512\" \/>\n\t<meta property=\"og:image:type\" content=\"image\/jpeg\" \/>\n<meta name=\"author\" content=\"Roland Mitterbauer\" \/>\n<meta name=\"twitter:card\" content=\"summary_large_image\" \/>\n<meta name=\"twitter:label1\" content=\"Verfasst von\" \/>\n\t<meta name=\"twitter:data1\" content=\"Roland Mitterbauer\" \/>\n\t<meta name=\"twitter:label2\" content=\"Gesch\u00e4tzte Lesezeit\" \/>\n\t<meta name=\"twitter:data2\" content=\"1\u00a0Minute\" \/>\n<script type=\"application\/ld+json\" class=\"yoast-schema-graph\">{\"@context\":\"https:\\\/\\\/schema.org\",\"@graph\":[{\"@type\":\"Article\",\"@id\":\"https:\\\/\\\/tempelherrenorden.de\\\/cms\\\/ostergruesse-des-ordensmeisters\\\/#article\",\"isPartOf\":{\"@id\":\"https:\\\/\\\/tempelherrenorden.de\\\/cms\\\/ostergruesse-des-ordensmeisters\\\/\"},\"author\":{\"name\":\"Roland Mitterbauer\",\"@id\":\"https:\\\/\\\/tempelherrenorden.de\\\/cms\\\/#\\\/schema\\\/person\\\/85638e715cb00d0c084bb3e637cb241c\"},\"headline\":\"Ostergr\u00fc\u00dfe des Ordensmeisters\",\"datePublished\":\"2025-04-20T18:57:48+00:00\",\"dateModified\":\"2025-04-20T18:57:49+00:00\",\"mainEntityOfPage\":{\"@id\":\"https:\\\/\\\/tempelherrenorden.de\\\/cms\\\/ostergruesse-des-ordensmeisters\\\/\"},\"wordCount\":88,\"publisher\":{\"@id\":\"https:\\\/\\\/tempelherrenorden.de\\\/cms\\\/#organization\"},\"image\":{\"@id\":\"https:\\\/\\\/tempelherrenorden.de\\\/cms\\\/ostergruesse-des-ordensmeisters\\\/#primaryimage\"},\"thumbnailUrl\":\"https:\\\/\\\/i0.wp.com\\\/tempelherrenorden.de\\\/cms\\\/wp-content\\\/uploads\\\/2016\\\/03\\\/cropped-OMCT-Templerkreuz.jpg?fit=512%2C512&ssl=1\",\"keywords\":[\"Ordensmeister\",\"Ostern\",\"Tempelherren\",\"Tempelritter\",\"Templer\"],\"inLanguage\":\"de\"},{\"@type\":\"WebPage\",\"@id\":\"https:\\\/\\\/tempelherrenorden.de\\\/cms\\\/ostergruesse-des-ordensmeisters\\\/\",\"url\":\"https:\\\/\\\/tempelherrenorden.de\\\/cms\\\/ostergruesse-des-ordensmeisters\\\/\",\"name\":\"Ostergr\u00fc\u00dfe des Ordensmeisters &#8226; Deutscher Tempelherren-Orden\",\"isPartOf\":{\"@id\":\"https:\\\/\\\/tempelherrenorden.de\\\/cms\\\/#website\"},\"primaryImageOfPage\":{\"@id\":\"https:\\\/\\\/tempelherrenorden.de\\\/cms\\\/ostergruesse-des-ordensmeisters\\\/#primaryimage\"},\"image\":{\"@id\":\"https:\\\/\\\/tempelherrenorden.de\\\/cms\\\/ostergruesse-des-ordensmeisters\\\/#primaryimage\"},\"thumbnailUrl\":\"https:\\\/\\\/i0.wp.com\\\/tempelherrenorden.de\\\/cms\\\/wp-content\\\/uploads\\\/2016\\\/03\\\/cropped-OMCT-Templerkreuz.jpg?fit=512%2C512&ssl=1\",\"datePublished\":\"2025-04-20T18:57:48+00:00\",\"dateModified\":\"2025-04-20T18:57:49+00:00\",\"description\":\"Ostergru\u00dfwort des Tempelherrenordens: Ordensmeister Thomas Henning w\u00fcnscht Frieden und Vertrauen in Gott \u2013 Non Nobis, Domine! Frohe Ostern!\",\"breadcrumb\":{\"@id\":\"https:\\\/\\\/tempelherrenorden.de\\\/cms\\\/ostergruesse-des-ordensmeisters\\\/#breadcrumb\"},\"inLanguage\":\"de\",\"potentialAction\":[{\"@type\":\"ReadAction\",\"target\":[\"https:\\\/\\\/tempelherrenorden.de\\\/cms\\\/ostergruesse-des-ordensmeisters\\\/\"]}]},{\"@type\":\"ImageObject\",\"inLanguage\":\"de\",\"@id\":\"https:\\\/\\\/tempelherrenorden.de\\\/cms\\\/ostergruesse-des-ordensmeisters\\\/#primaryimage\",\"url\":\"https:\\\/\\\/i0.wp.com\\\/tempelherrenorden.de\\\/cms\\\/wp-content\\\/uploads\\\/2016\\\/03\\\/cropped-OMCT-Templerkreuz.jpg?fit=512%2C512&ssl=1\",\"contentUrl\":\"https:\\\/\\\/i0.wp.com\\\/tempelherrenorden.de\\\/cms\\\/wp-content\\\/uploads\\\/2016\\\/03\\\/cropped-OMCT-Templerkreuz.jpg?fit=512%2C512&ssl=1\",\"width\":512,\"height\":512},{\"@type\":\"BreadcrumbList\",\"@id\":\"https:\\\/\\\/tempelherrenorden.de\\\/cms\\\/ostergruesse-des-ordensmeisters\\\/#breadcrumb\",\"itemListElement\":[{\"@type\":\"ListItem\",\"position\":1,\"name\":\"Startseite\",\"item\":\"https:\\\/\\\/tempelherrenorden.de\\\/cms\\\/\"},{\"@type\":\"ListItem\",\"position\":2,\"name\":\"Ostergr\u00fc\u00dfe des Ordensmeisters\"}]},{\"@type\":\"WebSite\",\"@id\":\"https:\\\/\\\/tempelherrenorden.de\\\/cms\\\/#website\",\"url\":\"https:\\\/\\\/tempelherrenorden.de\\\/cms\\\/\",\"name\":\"Deutscher Tempelherren-Orden\",\"description\":\"\",\"publisher\":{\"@id\":\"https:\\\/\\\/tempelherrenorden.de\\\/cms\\\/#organization\"},\"potentialAction\":[{\"@type\":\"SearchAction\",\"target\":{\"@type\":\"EntryPoint\",\"urlTemplate\":\"https:\\\/\\\/tempelherrenorden.de\\\/cms\\\/?s={search_term_string}\"},\"query-input\":{\"@type\":\"PropertyValueSpecification\",\"valueRequired\":true,\"valueName\":\"search_term_string\"}}],\"inLanguage\":\"de\"},{\"@type\":\"Organization\",\"@id\":\"https:\\\/\\\/tempelherrenorden.de\\\/cms\\\/#organization\",\"name\":\"Deutscher Tempelherren-Orden OMCT e.V.\",\"url\":\"https:\\\/\\\/tempelherrenorden.de\\\/cms\\\/\",\"logo\":{\"@type\":\"ImageObject\",\"inLanguage\":\"de\",\"@id\":\"https:\\\/\\\/tempelherrenorden.de\\\/cms\\\/#\\\/schema\\\/logo\\\/image\\\/\",\"url\":\"https:\\\/\\\/i0.wp.com\\\/tempelherrenorden.de\\\/cms\\\/wp-content\\\/uploads\\\/2018\\\/01\\\/OMCT-Wappen.jpg?fit=997%2C1198&ssl=1\",\"contentUrl\":\"https:\\\/\\\/i0.wp.com\\\/tempelherrenorden.de\\\/cms\\\/wp-content\\\/uploads\\\/2018\\\/01\\\/OMCT-Wappen.jpg?fit=997%2C1198&ssl=1\",\"width\":997,\"height\":1198,\"caption\":\"Deutscher Tempelherren-Orden OMCT e.V.\"},\"image\":{\"@id\":\"https:\\\/\\\/tempelherrenorden.de\\\/cms\\\/#\\\/schema\\\/logo\\\/image\\\/\"},\"sameAs\":[\"https:\\\/\\\/www.facebook.com\\\/Deutscher-Tempelherren-Orden-OMCT-2054469481490772\\\/\"]},{\"@type\":\"Person\",\"@id\":\"https:\\\/\\\/tempelherrenorden.de\\\/cms\\\/#\\\/schema\\\/person\\\/85638e715cb00d0c084bb3e637cb241c\",\"name\":\"Roland Mitterbauer\",\"image\":{\"@type\":\"ImageObject\",\"inLanguage\":\"de\",\"@id\":\"https:\\\/\\\/secure.gravatar.com\\\/avatar\\\/614ff4846142c661e8c1236530cd4acc42356132b87aba2907f6815f14ba911f?s=96&d=mm&r=g\",\"url\":\"https:\\\/\\\/secure.gravatar.com\\\/avatar\\\/614ff4846142c661e8c1236530cd4acc42356132b87aba2907f6815f14ba911f?s=96&d=mm&r=g\",\"contentUrl\":\"https:\\\/\\\/secure.gravatar.com\\\/avatar\\\/614ff4846142c661e8c1236530cd4acc42356132b87aba2907f6815f14ba911f?s=96&d=mm&r=g\",\"caption\":\"Roland Mitterbauer\"},\"url\":\"https:\\\/\\\/tempelherrenorden.de\\\/cms\\\/author\\\/webadmin\\\/\"}]}<\/script>\n<!-- \/ Yoast SEO plugin. -->","yoast_head_json":{"title":"Ostergr\u00fc\u00dfe des Ordensmeisters &#8226; Deutscher Tempelherren-Orden","description":"Ostergru\u00dfwort des Tempelherrenordens: Ordensmeister Thomas Henning w\u00fcnscht Frieden und Vertrauen in Gott \u2013 Non Nobis, Domine! Frohe Ostern!","robots":{"index":"index","follow":"follow","max-snippet":"max-snippet:-1","max-image-preview":"max-image-preview:large","max-video-preview":"max-video-preview:-1"},"canonical":"https:\/\/tempelherrenorden.de\/cms\/ostergruesse-des-ordensmeisters\/","og_locale":"de_DE","og_type":"article","og_title":"Ostergr\u00fc\u00dfe des Ordensmeisters &#8226; Deutscher Tempelherren-Orden","og_description":"Ostergru\u00dfwort des Tempelherrenordens: Ordensmeister Thomas Henning w\u00fcnscht Frieden und Vertrauen in Gott \u2013 Non Nobis, Domine! Frohe Ostern!","og_url":"https:\/\/tempelherrenorden.de\/cms\/ostergruesse-des-ordensmeisters\/","og_site_name":"Deutscher Tempelherren-Orden","article_publisher":"https:\/\/www.facebook.com\/Deutscher-Tempelherren-Orden-OMCT-2054469481490772\/","article_published_time":"2025-04-20T18:57:48+00:00","article_modified_time":"2025-04-20T18:57:49+00:00","og_image":[{"width":512,"height":512,"url":"https:\/\/tempelherrenorden.de\/cms\/wp-content\/uploads\/2016\/03\/cropped-OMCT-Templerkreuz.jpg","type":"image\/jpeg"}],"author":"Roland Mitterbauer","twitter_card":"summary_large_image","twitter_misc":{"Verfasst von":"Roland Mitterbauer","Gesch\u00e4tzte Lesezeit":"1\u00a0Minute"},"schema":{"@context":"https:\/\/schema.org","@graph":[{"@type":"Article","@id":"https:\/\/tempelherrenorden.de\/cms\/ostergruesse-des-ordensmeisters\/#article","isPartOf":{"@id":"https:\/\/tempelherrenorden.de\/cms\/ostergruesse-des-ordensmeisters\/"},"author":{"name":"Roland Mitterbauer","@id":"https:\/\/tempelherrenorden.de\/cms\/#\/schema\/person\/85638e715cb00d0c084bb3e637cb241c"},"headline":"Ostergr\u00fc\u00dfe des Ordensmeisters","datePublished":"2025-04-20T18:57:48+00:00","dateModified":"2025-04-20T18:57:49+00:00","mainEntityOfPage":{"@id":"https:\/\/tempelherrenorden.de\/cms\/ostergruesse-des-ordensmeisters\/"},"wordCount":88,"publisher":{"@id":"https:\/\/tempelherrenorden.de\/cms\/#organization"},"image":{"@id":"https:\/\/tempelherrenorden.de\/cms\/ostergruesse-des-ordensmeisters\/#primaryimage"},"thumbnailUrl":"https:\/\/i0.wp.com\/tempelherrenorden.de\/cms\/wp-content\/uploads\/2016\/03\/cropped-OMCT-Templerkreuz.jpg?fit=512%2C512&ssl=1","keywords":["Ordensmeister","Ostern","Tempelherren","Tempelritter","Templer"],"inLanguage":"de"},{"@type":"WebPage","@id":"https:\/\/tempelherrenorden.de\/cms\/ostergruesse-des-ordensmeisters\/","url":"https:\/\/tempelherrenorden.de\/cms\/ostergruesse-des-ordensmeisters\/","name":"Ostergr\u00fc\u00dfe des Ordensmeisters &#8226; Deutscher Tempelherren-Orden","isPartOf":{"@id":"https:\/\/tempelherrenorden.de\/cms\/#website"},"primaryImageOfPage":{"@id":"https:\/\/tempelherrenorden.de\/cms\/ostergruesse-des-ordensmeisters\/#primaryimage"},"image":{"@id":"https:\/\/tempelherrenorden.de\/cms\/ostergruesse-des-ordensmeisters\/#primaryimage"},"thumbnailUrl":"https:\/\/i0.wp.com\/tempelherrenorden.de\/cms\/wp-content\/uploads\/2016\/03\/cropped-OMCT-Templerkreuz.jpg?fit=512%2C512&ssl=1","datePublished":"2025-04-20T18:57:48+00:00","dateModified":"2025-04-20T18:57:49+00:00","description":"Ostergru\u00dfwort des Tempelherrenordens: Ordensmeister Thomas Henning w\u00fcnscht Frieden und Vertrauen in Gott \u2013 Non Nobis, Domine! Frohe Ostern!","breadcrumb":{"@id":"https:\/\/tempelherrenorden.de\/cms\/ostergruesse-des-ordensmeisters\/#breadcrumb"},"inLanguage":"de","potentialAction":[{"@type":"ReadAction","target":["https:\/\/tempelherrenorden.de\/cms\/ostergruesse-des-ordensmeisters\/"]}]},{"@type":"ImageObject","inLanguage":"de","@id":"https:\/\/tempelherrenorden.de\/cms\/ostergruesse-des-ordensmeisters\/#primaryimage","url":"https:\/\/i0.wp.com\/tempelherrenorden.de\/cms\/wp-content\/uploads\/2016\/03\/cropped-OMCT-Templerkreuz.jpg?fit=512%2C512&ssl=1","contentUrl":"https:\/\/i0.wp.com\/tempelherrenorden.de\/cms\/wp-content\/uploads\/2016\/03\/cropped-OMCT-Templerkreuz.jpg?fit=512%2C512&ssl=1","width":512,"height":512},{"@type":"BreadcrumbList","@id":"https:\/\/tempelherrenorden.de\/cms\/ostergruesse-des-ordensmeisters\/#breadcrumb","itemListElement":[{"@type":"ListItem","position":1,"name":"Startseite","item":"https:\/\/tempelherrenorden.de\/cms\/"},{"@type":"ListItem","position":2,"name":"Ostergr\u00fc\u00dfe des Ordensmeisters"}]},{"@type":"WebSite","@id":"https:\/\/tempelherrenorden.de\/cms\/#website","url":"https:\/\/tempelherrenorden.de\/cms\/","name":"Deutscher Tempelherren-Orden","description":"","publisher":{"@id":"https:\/\/tempelherrenorden.de\/cms\/#organization"},"potentialAction":[{"@type":"SearchAction","target":{"@type":"EntryPoint","urlTemplate":"https:\/\/tempelherrenorden.de\/cms\/?s={search_term_string}"},"query-input":{"@type":"PropertyValueSpecification","valueRequired":true,"valueName":"search_term_string"}}],"inLanguage":"de"},{"@type":"Organization","@id":"https:\/\/tempelherrenorden.de\/cms\/#organization","name":"Deutscher Tempelherren-Orden OMCT e.V.","url":"https:\/\/tempelherrenorden.de\/cms\/","logo":{"@type":"ImageObject","inLanguage":"de","@id":"https:\/\/tempelherrenorden.de\/cms\/#\/schema\/logo\/image\/","url":"https:\/\/i0.wp.com\/tempelherrenorden.de\/cms\/wp-content\/uploads\/2018\/01\/OMCT-Wappen.jpg?fit=997%2C1198&ssl=1","contentUrl":"https:\/\/i0.wp.com\/tempelherrenorden.de\/cms\/wp-content\/uploads\/2018\/01\/OMCT-Wappen.jpg?fit=997%2C1198&ssl=1","width":997,"height":1198,"caption":"Deutscher Tempelherren-Orden OMCT e.V."},"image":{"@id":"https:\/\/tempelherrenorden.de\/cms\/#\/schema\/logo\/image\/"},"sameAs":["https:\/\/www.facebook.com\/Deutscher-Tempelherren-Orden-OMCT-2054469481490772\/"]},{"@type":"Person","@id":"https:\/\/tempelherrenorden.de\/cms\/#\/schema\/person\/85638e715cb00d0c084bb3e637cb241c","name":"Roland Mitterbauer","image":{"@type":"ImageObject","inLanguage":"de","@id":"https:\/\/secure.gravatar.com\/avatar\/614ff4846142c661e8c1236530cd4acc42356132b87aba2907f6815f14ba911f?s=96&d=mm&r=g","url":"https:\/\/secure.gravatar.com\/avatar\/614ff4846142c661e8c1236530cd4acc42356132b87aba2907f6815f14ba911f?s=96&d=mm&r=g","contentUrl":"https:\/\/secure.gravatar.com\/avatar\/614ff4846142c661e8c1236530cd4acc42356132b87aba2907f6815f14ba911f?s=96&d=mm&r=g","caption":"Roland Mitterbauer"},"url":"https:\/\/tempelherrenorden.de\/cms\/author\/webadmin\/"}]}},"jetpack_featured_media_url":"https:\/\/i0.wp.com\/tempelherrenorden.de\/cms\/wp-content\/uploads\/2016\/03\/cropped-OMCT-Templerkreuz.jpg?fit=512%2C512&ssl=1","jetpack_shortlink":"https:\/\/wp.me\/p5yQvL-1lz","jetpack_sharing_enabled":true,"_links":{"self":[{"href":"https:\/\/tempelherrenorden.de\/cms\/wp-json\/wp\/v2\/posts\/5181","targetHints":{"allow":["GET"]}}],"collection":[{"href":"https:\/\/tempelherrenorden.de\/cms\/wp-json\/wp\/v2\/posts"}],"about":[{"href":"https:\/\/tempelherrenorden.de\/cms\/wp-json\/wp\/v2\/types\/post"}],"author":[{"embeddable":true,"href":"https:\/\/tempelherrenorden.de\/cms\/wp-json\/wp\/v2\/users\/7"}],"replies":[{"embeddable":true,"href":"https:\/\/tempelherrenorden.de\/cms\/wp-json\/wp\/v2\/comments?post=5181"}],"version-history":[{"count":1,"href":"https:\/\/tempelherrenorden.de\/cms\/wp-json\/wp\/v2\/posts\/5181\/revisions"}],"predecessor-version":[{"id":5183,"href":"https:\/\/tempelherrenorden.de\/cms\/wp-json\/wp\/v2\/posts\/5181\/revisions\/5183"}],"wp:featuredmedia":[{"embeddable":true,"href":"https:\/\/tempelherrenorden.de\/cms\/wp-json\/wp\/v2\/media\/1838"}],"wp:attachment":[{"href":"https:\/\/tempelherrenorden.de\/cms\/wp-json\/wp\/v2\/media?parent=5181"}],"wp:term":[{"taxonomy":"category","embeddable":true,"href":"https:\/\/tempelherrenorden.de\/cms\/wp-json\/wp\/v2\/categories?post=5181"},{"taxonomy":"post_tag","embeddable":true,"href":"https:\/\/tempelherrenorden.de\/cms\/wp-json\/wp\/v2\/tags?post=5181"}],"curies":[{"name":"wp","href":"https:\/\/api.w.org\/{rel}","templated":true}]}}