{"id":640,"date":"2014-10-30T00:10:49","date_gmt":"2014-10-29T23:10:49","guid":{"rendered":"http:\/\/tempelherrenorden.de\/cms\/?p=640"},"modified":"2021-05-13T18:05:12","modified_gmt":"2021-05-13T16:05:12","slug":"erhebung-einer-ordenscella-zum-ordenshaus-berlin-brandenburg","status":"publish","type":"post","link":"https:\/\/tempelherrenorden.de\/cms\/erhebung-einer-ordenscella-zum-ordenshaus-berlin-brandenburg\/","title":{"rendered":"ERHEBUNG EINER ORDENSCELLA ZUM ORDENSHAUS BERLIN-BRANDENBURG"},"content":{"rendered":"<p style=\"text-align: justify;\">Unser Orden freut sich, das nicht allt\u00e4gliche Ereignis bekannt machen zu d\u00fcrfen, dass die Cella von Ordensangeh\u00f6rigen in Berlin-Brandenburg gewachsen ist und die Voraussetzung f\u00fcr die Gr\u00fcndung eines Ordenshauses als Vorstufe zu einer Komturei erf\u00fcllt hat.<\/p>\n<p style=\"text-align: justify;\">Als Zeichen der neuen W\u00fcrde und als Ausdruck der regionalen Identit\u00e4t der neuen Gemeinschaft im Orden ist dem Ordenshaus von der Ordensregierung das Recht verliehen worden, ein eigenst\u00e4ndiges Wappen f\u00fchren zu d\u00fcrfen. Die linke Seite des Wappenschildes symbolisiert den Bezug zum Deutschen Tempelherren-Ordens, der f\u00fcr dieses Ordenshaus die Verantwortung tr\u00e4gt.<\/p>\n<p style=\"text-align: justify;\">Im Feld oben links ist der Bezug zur Wiederbegr\u00fcndung des historischen Templerordens in Frankreich im Jahr 1705 festgelegt. Das darunter abgebildete Doppelkreuz ist der Flagge des historischen Templerordens entnommen. Die rechte Seite ist &#8211; falls sich dies heraldisch umsetzen l\u00e4sst &#8211; einem Ordenhaus bzw. einer Komturei gewidmet. Die Cella hat sich aufgrund des Bezuges ihrer Angeh\u00f6rigen f\u00fcr die Wappensymbole von Berlin und Brandenburg entschieden.<\/p>\n<p style=\"text-align: justify;\">In einem feierlichen Gr\u00fcndungsgottesdienst werden schlie\u00dflich dem neuen Ordenshaus die Insignien verliehen, die sich mit diesem wichtigen Schritt verbinden. Diese Insignien sind das optische Symbol der Verbindung zum historischen Templerorden, aber auch die Br\u00fccke zum bestehenden Deutschen Tempelherren-Orden (Ordo Militiae Crucis Templi), die in dieser neuen Form intensiv gelebt wird.<\/p>\n<p style=\"text-align: justify;\">Wenn dieses Geschehen dann noch auf f\u00fcr den Orden \u00e4u\u00dferst bedeutsamen historischen Grund stattfinden darf, dann ist dies ein zus\u00e4tzlicher au\u00dferordentlicher Grund zur Freude:<\/p>\n<p style=\"text-align: justify;\">Auf dem Boden der historischen Komturei Tempelhof aus dem Jahre 1200, die zur Ordensprovinz Alemania et Slauia geh\u00f6rte, befindet sich noch heute die alterw\u00fcrdige Dorfkiche Tempelhof. In diesem Rahmen die Gr\u00fcndung des Ordenshauses Berlin-Brandenburg feiern zu d\u00fcrfen, ist eine seltene Ehre und Auszeichnung f\u00fcr unsere dortigen Ordensangeh\u00f6rigen. Die damit f\u00fchlbar nahe Verbindung zum historischen Orden ist Auftrag, Verpflichtung, aber auch wirksame St\u00e4rkung auf dem Weg zur Komturei.<\/p>\n<p style=\"text-align: justify;\">Wir laden auf diesem Wege alle Christinnen und Christen sowie alle Vertreter von christlichen Ritterorden ein, an diesem Gr\u00fcndungsgottesdienst teilzunehmen:<\/p>\n<p>BERLIN-TEMPELHOF<br \/>\nDORFKIRCHE, Reinhardplatz<br \/>\nDONNERSTAG, 30.10.2014<br \/>\nUM 18 Uhr<\/p>\n","protected":false},"excerpt":{"rendered":"<p>Unser Orden freut sich, das nicht allt\u00e4gliche Ereignis bekannt machen zu d\u00fcrfen, dass die Cella von Ordensangeh\u00f6rigen in Berlin-Brandenburg gewachsen ist und die Voraussetzung f\u00fcr die Gr\u00fcndung eines Ordenshauses als Vorstufe zu einer Komturei erf\u00fcllt hat. Als Zeichen der neuen W\u00fcrde und als Ausdruck der regionalen Identit\u00e4t der neuen Gemeinschaft\u2026<\/p>\n<p> <a class=\"continue-reading-link\" href=\"https:\/\/tempelherrenorden.de\/cms\/erhebung-einer-ordenscella-zum-ordenshaus-berlin-brandenburg\/\"><span>Artikel lesen<\/span><i class=\"crycon-right-dir\"><\/i><\/a> <\/p>\n","protected":false},"author":10,"featured_media":0,"comment_status":"closed","ping_status":"closed","sticky":false,"template":"","format":"standard","meta":{"_crdt_document":"","jetpack_post_was_ever_published":false,"_jetpack_newsletter_access":"","_jetpack_dont_email_post_to_subs":false,"_jetpack_newsletter_tier_id":0,"_jetpack_memberships_contains_paywalled_content":false,"_jetpack_memberships_contains_paid_content":false,"footnotes":""},"categories":[1,37],"tags":[52,49,56,50,63,45,44,47],"class_list":["post-640","post","type-post","status-publish","format-standard","hentry","category-allgemein","category-georg","tag-berlin","tag-komturei","tag-ordenshaus","tag-st-georg","tag-tempelherren","tag-tempelritter","tag-templer","tag-veranstaltung"],"yoast_head":"<!-- This site is optimized with the Yoast SEO plugin v27.5 - https:\/\/yoast.com\/product\/yoast-seo-wordpress\/ -->\n<title>ERHEBUNG EINER ORDENSCELLA ZUM ORDENSHAUS BERLIN-BRANDENBURG &#8226; Deutscher Tempelherren-Orden<\/title>\n<meta name=\"robots\" content=\"index, follow, max-snippet:-1, max-image-preview:large, max-video-preview:-1\" \/>\n<link rel=\"canonical\" href=\"https:\/\/tempelherrenorden.de\/cms\/erhebung-einer-ordenscella-zum-ordenshaus-berlin-brandenburg\/\" \/>\n<meta property=\"og:locale\" content=\"de_DE\" \/>\n<meta property=\"og:type\" content=\"article\" \/>\n<meta property=\"og:title\" content=\"ERHEBUNG EINER ORDENSCELLA ZUM ORDENSHAUS BERLIN-BRANDENBURG &#8226; Deutscher Tempelherren-Orden\" \/>\n<meta property=\"og:description\" content=\"Unser Orden freut sich, das nicht allt\u00e4gliche Ereignis bekannt machen zu d\u00fcrfen, dass die Cella von Ordensangeh\u00f6rigen in Berlin-Brandenburg gewachsen ist und die Voraussetzung f\u00fcr die Gr\u00fcndung eines Ordenshauses als Vorstufe zu einer Komturei erf\u00fcllt hat. Als Zeichen der neuen W\u00fcrde und als Ausdruck der regionalen Identit\u00e4t der neuen Gemeinschaft\u2026 Artikel lesen\" \/>\n<meta property=\"og:url\" content=\"https:\/\/tempelherrenorden.de\/cms\/erhebung-einer-ordenscella-zum-ordenshaus-berlin-brandenburg\/\" \/>\n<meta property=\"og:site_name\" content=\"Deutscher Tempelherren-Orden\" \/>\n<meta property=\"article:publisher\" content=\"https:\/\/www.facebook.com\/Deutscher-Tempelherren-Orden-OMCT-2054469481490772\/\" \/>\n<meta property=\"article:published_time\" content=\"2014-10-29T23:10:49+00:00\" \/>\n<meta property=\"article:modified_time\" content=\"2021-05-13T16:05:12+00:00\" \/>\n<meta name=\"author\" content=\"Redaktion\" \/>\n<meta name=\"twitter:card\" content=\"summary_large_image\" \/>\n<meta name=\"twitter:label1\" content=\"Verfasst von\" \/>\n\t<meta name=\"twitter:data1\" content=\"Redaktion\" \/>\n\t<meta name=\"twitter:label2\" content=\"Gesch\u00e4tzte Lesezeit\" \/>\n\t<meta name=\"twitter:data2\" content=\"2\u00a0Minuten\" \/>\n<script type=\"application\/ld+json\" class=\"yoast-schema-graph\">{\"@context\":\"https:\\\/\\\/schema.org\",\"@graph\":[{\"@type\":\"Article\",\"@id\":\"https:\\\/\\\/tempelherrenorden.de\\\/cms\\\/erhebung-einer-ordenscella-zum-ordenshaus-berlin-brandenburg\\\/#article\",\"isPartOf\":{\"@id\":\"https:\\\/\\\/tempelherrenorden.de\\\/cms\\\/erhebung-einer-ordenscella-zum-ordenshaus-berlin-brandenburg\\\/\"},\"author\":{\"name\":\"Redaktion\",\"@id\":\"https:\\\/\\\/tempelherrenorden.de\\\/cms\\\/#\\\/schema\\\/person\\\/c4b556c7412791f0ed2d6851086be4aa\"},\"headline\":\"ERHEBUNG EINER ORDENSCELLA ZUM ORDENSHAUS BERLIN-BRANDENBURG\",\"datePublished\":\"2014-10-29T23:10:49+00:00\",\"dateModified\":\"2021-05-13T16:05:12+00:00\",\"mainEntityOfPage\":{\"@id\":\"https:\\\/\\\/tempelherrenorden.de\\\/cms\\\/erhebung-einer-ordenscella-zum-ordenshaus-berlin-brandenburg\\\/\"},\"wordCount\":354,\"publisher\":{\"@id\":\"https:\\\/\\\/tempelherrenorden.de\\\/cms\\\/#organization\"},\"keywords\":[\"Berlin\",\"Komturei\",\"Ordenshaus\",\"St. Georg\",\"Tempelherren\",\"Tempelritter\",\"Templer\",\"Veranstaltung\"],\"articleSection\":{\"1\":\"Komturei St. Georg\"},\"inLanguage\":\"de\"},{\"@type\":\"WebPage\",\"@id\":\"https:\\\/\\\/tempelherrenorden.de\\\/cms\\\/erhebung-einer-ordenscella-zum-ordenshaus-berlin-brandenburg\\\/\",\"url\":\"https:\\\/\\\/tempelherrenorden.de\\\/cms\\\/erhebung-einer-ordenscella-zum-ordenshaus-berlin-brandenburg\\\/\",\"name\":\"ERHEBUNG EINER ORDENSCELLA ZUM ORDENSHAUS BERLIN-BRANDENBURG &#8226; Deutscher Tempelherren-Orden\",\"isPartOf\":{\"@id\":\"https:\\\/\\\/tempelherrenorden.de\\\/cms\\\/#website\"},\"datePublished\":\"2014-10-29T23:10:49+00:00\",\"dateModified\":\"2021-05-13T16:05:12+00:00\",\"breadcrumb\":{\"@id\":\"https:\\\/\\\/tempelherrenorden.de\\\/cms\\\/erhebung-einer-ordenscella-zum-ordenshaus-berlin-brandenburg\\\/#breadcrumb\"},\"inLanguage\":\"de\",\"potentialAction\":[{\"@type\":\"ReadAction\",\"target\":[\"https:\\\/\\\/tempelherrenorden.de\\\/cms\\\/erhebung-einer-ordenscella-zum-ordenshaus-berlin-brandenburg\\\/\"]}]},{\"@type\":\"BreadcrumbList\",\"@id\":\"https:\\\/\\\/tempelherrenorden.de\\\/cms\\\/erhebung-einer-ordenscella-zum-ordenshaus-berlin-brandenburg\\\/#breadcrumb\",\"itemListElement\":[{\"@type\":\"ListItem\",\"position\":1,\"name\":\"Startseite\",\"item\":\"https:\\\/\\\/tempelherrenorden.de\\\/cms\\\/\"},{\"@type\":\"ListItem\",\"position\":2,\"name\":\"ERHEBUNG EINER ORDENSCELLA ZUM ORDENSHAUS BERLIN-BRANDENBURG\"}]},{\"@type\":\"WebSite\",\"@id\":\"https:\\\/\\\/tempelherrenorden.de\\\/cms\\\/#website\",\"url\":\"https:\\\/\\\/tempelherrenorden.de\\\/cms\\\/\",\"name\":\"Deutscher Tempelherren-Orden\",\"description\":\"\",\"publisher\":{\"@id\":\"https:\\\/\\\/tempelherrenorden.de\\\/cms\\\/#organization\"},\"potentialAction\":[{\"@type\":\"SearchAction\",\"target\":{\"@type\":\"EntryPoint\",\"urlTemplate\":\"https:\\\/\\\/tempelherrenorden.de\\\/cms\\\/?s={search_term_string}\"},\"query-input\":{\"@type\":\"PropertyValueSpecification\",\"valueRequired\":true,\"valueName\":\"search_term_string\"}}],\"inLanguage\":\"de\"},{\"@type\":\"Organization\",\"@id\":\"https:\\\/\\\/tempelherrenorden.de\\\/cms\\\/#organization\",\"name\":\"Deutscher Tempelherren-Orden OMCT e.V.\",\"url\":\"https:\\\/\\\/tempelherrenorden.de\\\/cms\\\/\",\"logo\":{\"@type\":\"ImageObject\",\"inLanguage\":\"de\",\"@id\":\"https:\\\/\\\/tempelherrenorden.de\\\/cms\\\/#\\\/schema\\\/logo\\\/image\\\/\",\"url\":\"https:\\\/\\\/i0.wp.com\\\/tempelherrenorden.de\\\/cms\\\/wp-content\\\/uploads\\\/2018\\\/01\\\/OMCT-Wappen.jpg?fit=997%2C1198&ssl=1\",\"contentUrl\":\"https:\\\/\\\/i0.wp.com\\\/tempelherrenorden.de\\\/cms\\\/wp-content\\\/uploads\\\/2018\\\/01\\\/OMCT-Wappen.jpg?fit=997%2C1198&ssl=1\",\"width\":997,\"height\":1198,\"caption\":\"Deutscher Tempelherren-Orden OMCT e.V.\"},\"image\":{\"@id\":\"https:\\\/\\\/tempelherrenorden.de\\\/cms\\\/#\\\/schema\\\/logo\\\/image\\\/\"},\"sameAs\":[\"https:\\\/\\\/www.facebook.com\\\/Deutscher-Tempelherren-Orden-OMCT-2054469481490772\\\/\"]},{\"@type\":\"Person\",\"@id\":\"https:\\\/\\\/tempelherrenorden.de\\\/cms\\\/#\\\/schema\\\/person\\\/c4b556c7412791f0ed2d6851086be4aa\",\"name\":\"Redaktion\",\"image\":{\"@type\":\"ImageObject\",\"inLanguage\":\"de\",\"@id\":\"https:\\\/\\\/secure.gravatar.com\\\/avatar\\\/4ed839132852af2d0905f18562e70ba28d4d5c2fa1196284813995a27f534319?s=96&d=mm&r=g\",\"url\":\"https:\\\/\\\/secure.gravatar.com\\\/avatar\\\/4ed839132852af2d0905f18562e70ba28d4d5c2fa1196284813995a27f534319?s=96&d=mm&r=g\",\"contentUrl\":\"https:\\\/\\\/secure.gravatar.com\\\/avatar\\\/4ed839132852af2d0905f18562e70ba28d4d5c2fa1196284813995a27f534319?s=96&d=mm&r=g\",\"caption\":\"Redaktion\"},\"url\":\"https:\\\/\\\/tempelherrenorden.de\\\/cms\\\/author\\\/redaktion\\\/\"}]}<\/script>\n<!-- \/ Yoast SEO plugin. -->","yoast_head_json":{"title":"ERHEBUNG EINER ORDENSCELLA ZUM ORDENSHAUS BERLIN-BRANDENBURG &#8226; Deutscher Tempelherren-Orden","robots":{"index":"index","follow":"follow","max-snippet":"max-snippet:-1","max-image-preview":"max-image-preview:large","max-video-preview":"max-video-preview:-1"},"canonical":"https:\/\/tempelherrenorden.de\/cms\/erhebung-einer-ordenscella-zum-ordenshaus-berlin-brandenburg\/","og_locale":"de_DE","og_type":"article","og_title":"ERHEBUNG EINER ORDENSCELLA ZUM ORDENSHAUS BERLIN-BRANDENBURG &#8226; Deutscher Tempelherren-Orden","og_description":"Unser Orden freut sich, das nicht allt\u00e4gliche Ereignis bekannt machen zu d\u00fcrfen, dass die Cella von Ordensangeh\u00f6rigen in Berlin-Brandenburg gewachsen ist und die Voraussetzung f\u00fcr die Gr\u00fcndung eines Ordenshauses als Vorstufe zu einer Komturei erf\u00fcllt hat. Als Zeichen der neuen W\u00fcrde und als Ausdruck der regionalen Identit\u00e4t der neuen Gemeinschaft\u2026 Artikel lesen","og_url":"https:\/\/tempelherrenorden.de\/cms\/erhebung-einer-ordenscella-zum-ordenshaus-berlin-brandenburg\/","og_site_name":"Deutscher Tempelherren-Orden","article_publisher":"https:\/\/www.facebook.com\/Deutscher-Tempelherren-Orden-OMCT-2054469481490772\/","article_published_time":"2014-10-29T23:10:49+00:00","article_modified_time":"2021-05-13T16:05:12+00:00","author":"Redaktion","twitter_card":"summary_large_image","twitter_misc":{"Verfasst von":"Redaktion","Gesch\u00e4tzte Lesezeit":"2\u00a0Minuten"},"schema":{"@context":"https:\/\/schema.org","@graph":[{"@type":"Article","@id":"https:\/\/tempelherrenorden.de\/cms\/erhebung-einer-ordenscella-zum-ordenshaus-berlin-brandenburg\/#article","isPartOf":{"@id":"https:\/\/tempelherrenorden.de\/cms\/erhebung-einer-ordenscella-zum-ordenshaus-berlin-brandenburg\/"},"author":{"name":"Redaktion","@id":"https:\/\/tempelherrenorden.de\/cms\/#\/schema\/person\/c4b556c7412791f0ed2d6851086be4aa"},"headline":"ERHEBUNG EINER ORDENSCELLA ZUM ORDENSHAUS BERLIN-BRANDENBURG","datePublished":"2014-10-29T23:10:49+00:00","dateModified":"2021-05-13T16:05:12+00:00","mainEntityOfPage":{"@id":"https:\/\/tempelherrenorden.de\/cms\/erhebung-einer-ordenscella-zum-ordenshaus-berlin-brandenburg\/"},"wordCount":354,"publisher":{"@id":"https:\/\/tempelherrenorden.de\/cms\/#organization"},"keywords":["Berlin","Komturei","Ordenshaus","St. Georg","Tempelherren","Tempelritter","Templer","Veranstaltung"],"articleSection":{"1":"Komturei St. Georg"},"inLanguage":"de"},{"@type":"WebPage","@id":"https:\/\/tempelherrenorden.de\/cms\/erhebung-einer-ordenscella-zum-ordenshaus-berlin-brandenburg\/","url":"https:\/\/tempelherrenorden.de\/cms\/erhebung-einer-ordenscella-zum-ordenshaus-berlin-brandenburg\/","name":"ERHEBUNG EINER ORDENSCELLA ZUM ORDENSHAUS BERLIN-BRANDENBURG &#8226; Deutscher Tempelherren-Orden","isPartOf":{"@id":"https:\/\/tempelherrenorden.de\/cms\/#website"},"datePublished":"2014-10-29T23:10:49+00:00","dateModified":"2021-05-13T16:05:12+00:00","breadcrumb":{"@id":"https:\/\/tempelherrenorden.de\/cms\/erhebung-einer-ordenscella-zum-ordenshaus-berlin-brandenburg\/#breadcrumb"},"inLanguage":"de","potentialAction":[{"@type":"ReadAction","target":["https:\/\/tempelherrenorden.de\/cms\/erhebung-einer-ordenscella-zum-ordenshaus-berlin-brandenburg\/"]}]},{"@type":"BreadcrumbList","@id":"https:\/\/tempelherrenorden.de\/cms\/erhebung-einer-ordenscella-zum-ordenshaus-berlin-brandenburg\/#breadcrumb","itemListElement":[{"@type":"ListItem","position":1,"name":"Startseite","item":"https:\/\/tempelherrenorden.de\/cms\/"},{"@type":"ListItem","position":2,"name":"ERHEBUNG EINER ORDENSCELLA ZUM ORDENSHAUS BERLIN-BRANDENBURG"}]},{"@type":"WebSite","@id":"https:\/\/tempelherrenorden.de\/cms\/#website","url":"https:\/\/tempelherrenorden.de\/cms\/","name":"Deutscher Tempelherren-Orden","description":"","publisher":{"@id":"https:\/\/tempelherrenorden.de\/cms\/#organization"},"potentialAction":[{"@type":"SearchAction","target":{"@type":"EntryPoint","urlTemplate":"https:\/\/tempelherrenorden.de\/cms\/?s={search_term_string}"},"query-input":{"@type":"PropertyValueSpecification","valueRequired":true,"valueName":"search_term_string"}}],"inLanguage":"de"},{"@type":"Organization","@id":"https:\/\/tempelherrenorden.de\/cms\/#organization","name":"Deutscher Tempelherren-Orden OMCT e.V.","url":"https:\/\/tempelherrenorden.de\/cms\/","logo":{"@type":"ImageObject","inLanguage":"de","@id":"https:\/\/tempelherrenorden.de\/cms\/#\/schema\/logo\/image\/","url":"https:\/\/i0.wp.com\/tempelherrenorden.de\/cms\/wp-content\/uploads\/2018\/01\/OMCT-Wappen.jpg?fit=997%2C1198&ssl=1","contentUrl":"https:\/\/i0.wp.com\/tempelherrenorden.de\/cms\/wp-content\/uploads\/2018\/01\/OMCT-Wappen.jpg?fit=997%2C1198&ssl=1","width":997,"height":1198,"caption":"Deutscher Tempelherren-Orden OMCT e.V."},"image":{"@id":"https:\/\/tempelherrenorden.de\/cms\/#\/schema\/logo\/image\/"},"sameAs":["https:\/\/www.facebook.com\/Deutscher-Tempelherren-Orden-OMCT-2054469481490772\/"]},{"@type":"Person","@id":"https:\/\/tempelherrenorden.de\/cms\/#\/schema\/person\/c4b556c7412791f0ed2d6851086be4aa","name":"Redaktion","image":{"@type":"ImageObject","inLanguage":"de","@id":"https:\/\/secure.gravatar.com\/avatar\/4ed839132852af2d0905f18562e70ba28d4d5c2fa1196284813995a27f534319?s=96&d=mm&r=g","url":"https:\/\/secure.gravatar.com\/avatar\/4ed839132852af2d0905f18562e70ba28d4d5c2fa1196284813995a27f534319?s=96&d=mm&r=g","contentUrl":"https:\/\/secure.gravatar.com\/avatar\/4ed839132852af2d0905f18562e70ba28d4d5c2fa1196284813995a27f534319?s=96&d=mm&r=g","caption":"Redaktion"},"url":"https:\/\/tempelherrenorden.de\/cms\/author\/redaktion\/"}]}},"jetpack_featured_media_url":"","jetpack_shortlink":"https:\/\/wp.me\/p5yQvL-ak","jetpack_sharing_enabled":true,"_links":{"self":[{"href":"https:\/\/tempelherrenorden.de\/cms\/wp-json\/wp\/v2\/posts\/640","targetHints":{"allow":["GET"]}}],"collection":[{"href":"https:\/\/tempelherrenorden.de\/cms\/wp-json\/wp\/v2\/posts"}],"about":[{"href":"https:\/\/tempelherrenorden.de\/cms\/wp-json\/wp\/v2\/types\/post"}],"author":[{"embeddable":true,"href":"https:\/\/tempelherrenorden.de\/cms\/wp-json\/wp\/v2\/users\/10"}],"replies":[{"embeddable":true,"href":"https:\/\/tempelherrenorden.de\/cms\/wp-json\/wp\/v2\/comments?post=640"}],"version-history":[{"count":4,"href":"https:\/\/tempelherrenorden.de\/cms\/wp-json\/wp\/v2\/posts\/640\/revisions"}],"predecessor-version":[{"id":4259,"href":"https:\/\/tempelherrenorden.de\/cms\/wp-json\/wp\/v2\/posts\/640\/revisions\/4259"}],"wp:attachment":[{"href":"https:\/\/tempelherrenorden.de\/cms\/wp-json\/wp\/v2\/media?parent=640"}],"wp:term":[{"taxonomy":"category","embeddable":true,"href":"https:\/\/tempelherrenorden.de\/cms\/wp-json\/wp\/v2\/categories?post=640"},{"taxonomy":"post_tag","embeddable":true,"href":"https:\/\/tempelherrenorden.de\/cms\/wp-json\/wp\/v2\/tags?post=640"}],"curies":[{"name":"wp","href":"https:\/\/api.w.org\/{rel}","templated":true}]}}