{"id":650,"date":"2014-10-30T00:23:27","date_gmt":"2014-10-29T23:23:27","guid":{"rendered":"http:\/\/tempelherrenorden.de\/cms\/?p=650"},"modified":"2018-05-13T20:26:17","modified_gmt":"2018-05-13T18:26:17","slug":"gruendungsgottesdienst-des-ordenshauses-berlin-brandenburg","status":"publish","type":"post","link":"https:\/\/tempelherrenorden.de\/cms\/gruendungsgottesdienst-des-ordenshauses-berlin-brandenburg\/","title":{"rendered":"Gr\u00fcndungsgottesdienst des Ordenshauses Berlin-Brandenburg"},"content":{"rendered":"<div id=\"attachment_651\" style=\"width: 310px\" class=\"wp-caption alignleft\"><a  href=\"https:\/\/i0.wp.com\/tempelherrenorden.de\/cms\/wp-content\/uploads\/2015\/12\/Ansprache.jpg?ssl=1\" data-rel=\"lightbox-gallery-0\" data-rl_title=\"\" data-rl_caption=\"\" title=\"\"><img data-recalc-dims=\"1\" loading=\"lazy\" decoding=\"async\" aria-describedby=\"caption-attachment-651\" data-attachment-id=\"651\" data-permalink=\"https:\/\/tempelherrenorden.de\/cms\/gruendungsgottesdienst-des-ordenshauses-berlin-brandenburg\/ansprache\/\" data-orig-file=\"https:\/\/i0.wp.com\/tempelherrenorden.de\/cms\/wp-content\/uploads\/2015\/12\/Ansprache.jpg?fit=4000%2C3000&amp;ssl=1\" data-orig-size=\"4000,3000\" data-comments-opened=\"0\" data-image-meta=\"{&quot;aperture&quot;:&quot;0&quot;,&quot;credit&quot;:&quot;&quot;,&quot;camera&quot;:&quot;&quot;,&quot;caption&quot;:&quot;&quot;,&quot;created_timestamp&quot;:&quot;0&quot;,&quot;copyright&quot;:&quot;&quot;,&quot;focal_length&quot;:&quot;0&quot;,&quot;iso&quot;:&quot;0&quot;,&quot;shutter_speed&quot;:&quot;0&quot;,&quot;title&quot;:&quot;&quot;,&quot;orientation&quot;:&quot;0&quot;}\" data-image-title=\"Ansprache\" data-image-description=\"\" data-image-caption=\"\" data-large-file=\"https:\/\/i0.wp.com\/tempelherrenorden.de\/cms\/wp-content\/uploads\/2015\/12\/Ansprache.jpg?fit=1024%2C768&amp;ssl=1\" class=\"wp-image-651 size-medium\" src=\"https:\/\/i0.wp.com\/tempelherrenorden.de\/cms\/wp-content\/uploads\/2015\/12\/Ansprache.jpg?resize=300%2C225&#038;ssl=1\" alt=\"Ansprache\" width=\"300\" height=\"225\" srcset=\"https:\/\/i0.wp.com\/tempelherrenorden.de\/cms\/wp-content\/uploads\/2015\/12\/Ansprache.jpg?resize=300%2C225&amp;ssl=1 300w, https:\/\/i0.wp.com\/tempelherrenorden.de\/cms\/wp-content\/uploads\/2015\/12\/Ansprache.jpg?resize=1024%2C768&amp;ssl=1 1024w, https:\/\/i0.wp.com\/tempelherrenorden.de\/cms\/wp-content\/uploads\/2015\/12\/Ansprache.jpg?resize=600%2C450&amp;ssl=1 600w, https:\/\/i0.wp.com\/tempelherrenorden.de\/cms\/wp-content\/uploads\/2015\/12\/Ansprache.jpg?resize=200%2C150&amp;ssl=1 200w, https:\/\/i0.wp.com\/tempelherrenorden.de\/cms\/wp-content\/uploads\/2015\/12\/Ansprache.jpg?resize=150%2C113&amp;ssl=1 150w, https:\/\/i0.wp.com\/tempelherrenorden.de\/cms\/wp-content\/uploads\/2015\/12\/Ansprache.jpg?w=2080&amp;ssl=1 2080w, https:\/\/i0.wp.com\/tempelherrenorden.de\/cms\/wp-content\/uploads\/2015\/12\/Ansprache.jpg?w=3120&amp;ssl=1 3120w\" sizes=\"auto, (max-width: 300px) 100vw, 300px\" \/><\/a><p id=\"caption-attachment-651\" class=\"wp-caption-text\">OBr. Wolf zur Er\u00f6ffnung des Gottesdienstes<\/p><\/div>\n<p style=\"text-align: justify;\">OBr. Wolf er\u00f6ffnete den Gottesdienst durch die Begr\u00fc\u00dfung der Gottesdienstteilnehmer und geladenen G\u00e4ste. In beeindruckenden pers\u00f6nlichen Worten schilderte er seine wachsende Beziehung zu dieser historischen Kirche aus der Templerzeit und sein Hineinwachsen in den Orden. Die Faszination dieses Weges und die damit verbundene Begeisterung waren die Br\u00fccke, um Interessenten f\u00fcr den Orden und den Aufbau des Ordenshauses Berlin-Brandenburg zu gewinnen.<\/p>\n<p style=\"text-align: justify;\">Ordensmeister Prior Dr. Schneider versinnbildlichte, dass das neue Ordenhaus nur dann wachsen kann, wenn seine &#8222;Bausteine&#8220; eine lebendige Gemeinschaft bilden, die sich nicht abschottet und als vollendet ansieht, sondern stets offen und einladend f\u00fcr neue Interessentinnen und Interessenten ist.<\/p>\n<p style=\"text-align: justify;\">Eine Ordensgemeinschaft bedarf einer Leitung, die sich f\u00fcr dieses Leben vor Ort verantwortlich zeichnet. Daher ernannte der Ordensmeister im Gottesdienst OBr. Wolf zum Ordensoffizier.<\/p>\n<div id=\"attachment_653\" style=\"width: 191px\" class=\"wp-caption alignleft\"><a  href=\"https:\/\/i0.wp.com\/tempelherrenorden.de\/cms\/wp-content\/uploads\/2015\/12\/Handauflegung-Pfarrerin-Voigt.jpg?ssl=1\" data-rel=\"lightbox-gallery-0\" data-rl_title=\"Handauflegung durch Pfarrerin Voigt\" data-rl_caption=\"Handauflegung durch Pfarrerin Voigt\" title=\"Handauflegung durch Pfarrerin Voigt\"><img data-recalc-dims=\"1\" loading=\"lazy\" decoding=\"async\" aria-describedby=\"caption-attachment-653\" data-attachment-id=\"653\" data-permalink=\"https:\/\/tempelherrenorden.de\/cms\/gruendungsgottesdienst-des-ordenshauses-berlin-brandenburg\/handauflegung-pfarrerin-voigt\/\" data-orig-file=\"https:\/\/i0.wp.com\/tempelherrenorden.de\/cms\/wp-content\/uploads\/2015\/12\/Handauflegung-Pfarrerin-Voigt.jpg?fit=4000%2C3000&amp;ssl=1\" data-orig-size=\"4000,3000\" data-comments-opened=\"0\" data-image-meta=\"{&quot;aperture&quot;:&quot;0&quot;,&quot;credit&quot;:&quot;&quot;,&quot;camera&quot;:&quot;&quot;,&quot;caption&quot;:&quot;&quot;,&quot;created_timestamp&quot;:&quot;0&quot;,&quot;copyright&quot;:&quot;&quot;,&quot;focal_length&quot;:&quot;0&quot;,&quot;iso&quot;:&quot;0&quot;,&quot;shutter_speed&quot;:&quot;0&quot;,&quot;title&quot;:&quot;&quot;,&quot;orientation&quot;:&quot;0&quot;}\" data-image-title=\"Handauflegung Pfarrerin Voigt\" data-image-description=\"\" data-image-caption=\"&lt;p&gt;Handauflegung durch Pfarrerin Voigt&lt;\/p&gt;\n\" data-large-file=\"https:\/\/i0.wp.com\/tempelherrenorden.de\/cms\/wp-content\/uploads\/2015\/12\/Handauflegung-Pfarrerin-Voigt.jpg?fit=1024%2C768&amp;ssl=1\" class=\" wp-image-653\" src=\"https:\/\/i0.wp.com\/tempelherrenorden.de\/cms\/wp-content\/uploads\/2015\/12\/Handauflegung-Pfarrerin-Voigt.jpg?resize=181%2C136&#038;ssl=1\" alt=\"Handauflegung durch Pfarrerin Voigt\" width=\"181\" height=\"136\" srcset=\"https:\/\/i0.wp.com\/tempelherrenorden.de\/cms\/wp-content\/uploads\/2015\/12\/Handauflegung-Pfarrerin-Voigt.jpg?resize=300%2C225&amp;ssl=1 300w, https:\/\/i0.wp.com\/tempelherrenorden.de\/cms\/wp-content\/uploads\/2015\/12\/Handauflegung-Pfarrerin-Voigt.jpg?resize=1024%2C768&amp;ssl=1 1024w, https:\/\/i0.wp.com\/tempelherrenorden.de\/cms\/wp-content\/uploads\/2015\/12\/Handauflegung-Pfarrerin-Voigt.jpg?resize=600%2C450&amp;ssl=1 600w, https:\/\/i0.wp.com\/tempelherrenorden.de\/cms\/wp-content\/uploads\/2015\/12\/Handauflegung-Pfarrerin-Voigt.jpg?resize=200%2C150&amp;ssl=1 200w, https:\/\/i0.wp.com\/tempelherrenorden.de\/cms\/wp-content\/uploads\/2015\/12\/Handauflegung-Pfarrerin-Voigt.jpg?resize=150%2C113&amp;ssl=1 150w, https:\/\/i0.wp.com\/tempelherrenorden.de\/cms\/wp-content\/uploads\/2015\/12\/Handauflegung-Pfarrerin-Voigt.jpg?w=2080&amp;ssl=1 2080w, https:\/\/i0.wp.com\/tempelherrenorden.de\/cms\/wp-content\/uploads\/2015\/12\/Handauflegung-Pfarrerin-Voigt.jpg?w=3120&amp;ssl=1 3120w\" sizes=\"auto, (max-width: 181px) 100vw, 181px\" \/><\/a><p id=\"caption-attachment-653\" class=\"wp-caption-text\">Handauflegung durch Pfarrerin Voigt<\/p><\/div>\n<p style=\"text-align: justify;\">Ungew\u00f6hnlich ist es, wenn ein Ordensangeh\u00f6riger auch noch eine geistliche Berufung erkennen l\u00e4sst, die sich in vielen Gespr\u00e4chen herauskristallisierte. Daher wurde OBr. Wolf durch Handauflegung auch noch zum Ordensliturgen berufen. In diesem Amt steht er den Ordensvespern des Ordenshauses in der Tempelhofer Dorfkirche vor und bekam als Zeichen seines geistlichen Amtes das Kapitelkreuz verliehen.<\/p>\n<p style=\"text-align: justify;\">Die von OSr. Monika Schneider gestaltete Ordenshauskerze wurde gesegnet und ist das sichtbare Symbol f\u00fcr Jesus Christus. In den Ordenslichtvespern und im Konvent wird die Ordenshauskerze k\u00fcnftig entz\u00fcndet.<\/p>\n<p style=\"text-align: justify;\">Ein Orden lebt von den Menschen, die dem Ordensideal folgen &#8211; ein Ordenhaus beginnt zu leben, wenn Menschen bereit sind, sich auf den Weg in den Orden zu machen. So haben sich an diesem denkw\u00fcrdigen Abend in der Tempelhofer Dorfkirche vier M\u00e4nner versammelt, um den Weg in die Ordensgemeinschaft als Ordensaffiliierte zu beschreiten. Leider war ein weiterer Interessent aus beruflichen Gr\u00fcnden gehindert, an der Aufnahmefeier teilzunehmen. Gemeinsam mit dem neu ernannten Ordensoffizier Wolf werden sie nun Schritt f\u00fcr Schritt den Orden n\u00e4her kennenlernen und gleichzeitig auch im Ordenshaus aktiv f\u00fcr die Umsetzung der Ordensideale mitarbeiten.Die historische Templer-Br\u00fcderschaft, die beim Konzil von Pisa gegr\u00fcndet wurde, hatte die Aufgabe, die Templer bei ihren Aufgaben tatkr\u00e4ftig ideell und materiell zu unterst\u00fctzen.<\/p>\n<p style=\"text-align: justify;\">Auf diese Grundlage lassen sich unsere Ordensaffiliierten zur\u00fcckf\u00fchren und sollen die Ordensgemeinschaft gem\u00e4\u00df des gro\u00dfen historischen Vorbildes unterst\u00fctzen. Als \u00e4u\u00dferes Zeichen ihres neuen Standes verlieh Ihnen der Ordensoffizier im Auftrag der Ordensregierung das Affiliiertenzeichen, das sie daran erinnern soll, dass ihr allt\u00e4gliches Leben von Wahrheit, Gerechtigkeit, Br\u00fcderlichkeit und Hilfsbereitschaft gepr\u00e4gt sein soll. Im Rahmen eines Ordensseminars im Jahr 2015 werden dann alle Ordensaffiliierten, Interessentinnen und Interessenten tiefer in die Historie, Ordensideal und gelebter Ordenswirklichkeit eingef\u00fchrt.<\/p>\n<p style=\"text-align: justify;\">Gem\u00e4\u00df unsere Ordensverfassung ist es uns ein stetes Anliegen, die Jugend in den Orden mit einzubinden. So erkl\u00e4rte Mia im Gottesdienst vor dem Ordensprior die Bereitschaft, in den Ordenlichtvespern des Ordenshauses k\u00fcnftig als Ordensministrantin dem Ordensliturgen OBr. Wolf beizustehen.<\/p>\n<p style=\"text-align: justify;\">\n","protected":false},"excerpt":{"rendered":"<p>OBr. Wolf er\u00f6ffnete den Gottesdienst durch die Begr\u00fc\u00dfung der Gottesdienstteilnehmer und geladenen G\u00e4ste. In beeindruckenden pers\u00f6nlichen Worten schilderte er seine wachsende Beziehung zu dieser historischen Kirche aus der Templerzeit und sein Hineinwachsen in den Orden. Die Faszination dieses Weges und die damit verbundene Begeisterung waren die Br\u00fccke, um Interessenten f\u00fcr\u2026<\/p>\n<p> <a class=\"continue-reading-link\" href=\"https:\/\/tempelherrenorden.de\/cms\/gruendungsgottesdienst-des-ordenshauses-berlin-brandenburg\/\"><span>Artikel lesen<\/span><i class=\"crycon-right-dir\"><\/i><\/a> <\/p>\n","protected":false},"author":10,"featured_media":0,"comment_status":"closed","ping_status":"closed","sticky":false,"template":"","format":"standard","meta":{"_crdt_document":"","jetpack_post_was_ever_published":false,"_jetpack_newsletter_access":"","_jetpack_dont_email_post_to_subs":false,"_jetpack_newsletter_tier_id":0,"_jetpack_memberships_contains_paywalled_content":false,"_jetpack_memberships_contains_paid_content":false,"footnotes":""},"categories":[1,37],"tags":[52,57,49,56,50,63,45,44,47],"class_list":["post-650","post","type-post","status-publish","format-standard","hentry","category-allgemein","category-georg","tag-berlin","tag-gottesdienst","tag-komturei","tag-ordenshaus","tag-st-georg","tag-tempelherren","tag-tempelritter","tag-templer","tag-veranstaltung"],"yoast_head":"<!-- This site is optimized with the Yoast SEO plugin v27.5 - https:\/\/yoast.com\/product\/yoast-seo-wordpress\/ -->\n<title>Gr\u00fcndungsgottesdienst des Ordenshauses Berlin-Brandenburg &#8226; Deutscher Tempelherren-Orden<\/title>\n<meta name=\"robots\" content=\"index, follow, max-snippet:-1, max-image-preview:large, max-video-preview:-1\" \/>\n<link rel=\"canonical\" href=\"https:\/\/tempelherrenorden.de\/cms\/gruendungsgottesdienst-des-ordenshauses-berlin-brandenburg\/\" \/>\n<meta property=\"og:locale\" content=\"de_DE\" \/>\n<meta property=\"og:type\" content=\"article\" \/>\n<meta property=\"og:title\" content=\"Gr\u00fcndungsgottesdienst des Ordenshauses Berlin-Brandenburg &#8226; Deutscher Tempelherren-Orden\" \/>\n<meta property=\"og:description\" content=\"OBr. Wolf er\u00f6ffnete den Gottesdienst durch die Begr\u00fc\u00dfung der Gottesdienstteilnehmer und geladenen G\u00e4ste. In beeindruckenden pers\u00f6nlichen Worten schilderte er seine wachsende Beziehung zu dieser historischen Kirche aus der Templerzeit und sein Hineinwachsen in den Orden. Die Faszination dieses Weges und die damit verbundene Begeisterung waren die Br\u00fccke, um Interessenten f\u00fcr\u2026 Artikel lesen\" \/>\n<meta property=\"og:url\" content=\"https:\/\/tempelherrenorden.de\/cms\/gruendungsgottesdienst-des-ordenshauses-berlin-brandenburg\/\" \/>\n<meta property=\"og:site_name\" content=\"Deutscher Tempelherren-Orden\" \/>\n<meta property=\"article:publisher\" content=\"https:\/\/www.facebook.com\/Deutscher-Tempelherren-Orden-OMCT-2054469481490772\/\" \/>\n<meta property=\"article:published_time\" content=\"2014-10-29T23:23:27+00:00\" \/>\n<meta property=\"article:modified_time\" content=\"2018-05-13T18:26:17+00:00\" \/>\n<meta property=\"og:image\" content=\"https:\/\/tempelherrenorden.de\/cms\/wp-content\/uploads\/2015\/12\/Ansprache-300x225.jpg\" \/>\n<meta name=\"author\" content=\"Redaktion\" \/>\n<meta name=\"twitter:card\" content=\"summary_large_image\" \/>\n<meta name=\"twitter:label1\" content=\"Verfasst von\" \/>\n\t<meta name=\"twitter:data1\" content=\"Redaktion\" \/>\n\t<meta name=\"twitter:label2\" content=\"Gesch\u00e4tzte Lesezeit\" \/>\n\t<meta name=\"twitter:data2\" content=\"2\u00a0Minuten\" \/>\n<script type=\"application\/ld+json\" class=\"yoast-schema-graph\">{\"@context\":\"https:\\\/\\\/schema.org\",\"@graph\":[{\"@type\":\"Article\",\"@id\":\"https:\\\/\\\/tempelherrenorden.de\\\/cms\\\/gruendungsgottesdienst-des-ordenshauses-berlin-brandenburg\\\/#article\",\"isPartOf\":{\"@id\":\"https:\\\/\\\/tempelherrenorden.de\\\/cms\\\/gruendungsgottesdienst-des-ordenshauses-berlin-brandenburg\\\/\"},\"author\":{\"name\":\"Redaktion\",\"@id\":\"https:\\\/\\\/tempelherrenorden.de\\\/cms\\\/#\\\/schema\\\/person\\\/c4b556c7412791f0ed2d6851086be4aa\"},\"headline\":\"Gr\u00fcndungsgottesdienst des Ordenshauses Berlin-Brandenburg\",\"datePublished\":\"2014-10-29T23:23:27+00:00\",\"dateModified\":\"2018-05-13T18:26:17+00:00\",\"mainEntityOfPage\":{\"@id\":\"https:\\\/\\\/tempelherrenorden.de\\\/cms\\\/gruendungsgottesdienst-des-ordenshauses-berlin-brandenburg\\\/\"},\"wordCount\":503,\"publisher\":{\"@id\":\"https:\\\/\\\/tempelherrenorden.de\\\/cms\\\/#organization\"},\"image\":{\"@id\":\"https:\\\/\\\/tempelherrenorden.de\\\/cms\\\/gruendungsgottesdienst-des-ordenshauses-berlin-brandenburg\\\/#primaryimage\"},\"thumbnailUrl\":\"https:\\\/\\\/tempelherrenorden.de\\\/cms\\\/wp-content\\\/uploads\\\/2015\\\/12\\\/Ansprache-300x225.jpg\",\"keywords\":[\"Berlin\",\"Gottesdienst\",\"Komturei\",\"Ordenshaus\",\"St. Georg\",\"Tempelherren\",\"Tempelritter\",\"Templer\",\"Veranstaltung\"],\"articleSection\":{\"1\":\"Komturei St. Georg\"},\"inLanguage\":\"de\"},{\"@type\":\"WebPage\",\"@id\":\"https:\\\/\\\/tempelherrenorden.de\\\/cms\\\/gruendungsgottesdienst-des-ordenshauses-berlin-brandenburg\\\/\",\"url\":\"https:\\\/\\\/tempelherrenorden.de\\\/cms\\\/gruendungsgottesdienst-des-ordenshauses-berlin-brandenburg\\\/\",\"name\":\"Gr\u00fcndungsgottesdienst des Ordenshauses Berlin-Brandenburg &#8226; Deutscher Tempelherren-Orden\",\"isPartOf\":{\"@id\":\"https:\\\/\\\/tempelherrenorden.de\\\/cms\\\/#website\"},\"primaryImageOfPage\":{\"@id\":\"https:\\\/\\\/tempelherrenorden.de\\\/cms\\\/gruendungsgottesdienst-des-ordenshauses-berlin-brandenburg\\\/#primaryimage\"},\"image\":{\"@id\":\"https:\\\/\\\/tempelherrenorden.de\\\/cms\\\/gruendungsgottesdienst-des-ordenshauses-berlin-brandenburg\\\/#primaryimage\"},\"thumbnailUrl\":\"https:\\\/\\\/tempelherrenorden.de\\\/cms\\\/wp-content\\\/uploads\\\/2015\\\/12\\\/Ansprache-300x225.jpg\",\"datePublished\":\"2014-10-29T23:23:27+00:00\",\"dateModified\":\"2018-05-13T18:26:17+00:00\",\"breadcrumb\":{\"@id\":\"https:\\\/\\\/tempelherrenorden.de\\\/cms\\\/gruendungsgottesdienst-des-ordenshauses-berlin-brandenburg\\\/#breadcrumb\"},\"inLanguage\":\"de\",\"potentialAction\":[{\"@type\":\"ReadAction\",\"target\":[\"https:\\\/\\\/tempelherrenorden.de\\\/cms\\\/gruendungsgottesdienst-des-ordenshauses-berlin-brandenburg\\\/\"]}]},{\"@type\":\"ImageObject\",\"inLanguage\":\"de\",\"@id\":\"https:\\\/\\\/tempelherrenorden.de\\\/cms\\\/gruendungsgottesdienst-des-ordenshauses-berlin-brandenburg\\\/#primaryimage\",\"url\":\"https:\\\/\\\/i0.wp.com\\\/tempelherrenorden.de\\\/cms\\\/wp-content\\\/uploads\\\/2015\\\/12\\\/Ansprache.jpg?fit=4000%2C3000&ssl=1\",\"contentUrl\":\"https:\\\/\\\/i0.wp.com\\\/tempelherrenorden.de\\\/cms\\\/wp-content\\\/uploads\\\/2015\\\/12\\\/Ansprache.jpg?fit=4000%2C3000&ssl=1\",\"width\":4000,\"height\":3000},{\"@type\":\"BreadcrumbList\",\"@id\":\"https:\\\/\\\/tempelherrenorden.de\\\/cms\\\/gruendungsgottesdienst-des-ordenshauses-berlin-brandenburg\\\/#breadcrumb\",\"itemListElement\":[{\"@type\":\"ListItem\",\"position\":1,\"name\":\"Startseite\",\"item\":\"https:\\\/\\\/tempelherrenorden.de\\\/cms\\\/\"},{\"@type\":\"ListItem\",\"position\":2,\"name\":\"Gr\u00fcndungsgottesdienst des Ordenshauses Berlin-Brandenburg\"}]},{\"@type\":\"WebSite\",\"@id\":\"https:\\\/\\\/tempelherrenorden.de\\\/cms\\\/#website\",\"url\":\"https:\\\/\\\/tempelherrenorden.de\\\/cms\\\/\",\"name\":\"Deutscher Tempelherren-Orden\",\"description\":\"\",\"publisher\":{\"@id\":\"https:\\\/\\\/tempelherrenorden.de\\\/cms\\\/#organization\"},\"potentialAction\":[{\"@type\":\"SearchAction\",\"target\":{\"@type\":\"EntryPoint\",\"urlTemplate\":\"https:\\\/\\\/tempelherrenorden.de\\\/cms\\\/?s={search_term_string}\"},\"query-input\":{\"@type\":\"PropertyValueSpecification\",\"valueRequired\":true,\"valueName\":\"search_term_string\"}}],\"inLanguage\":\"de\"},{\"@type\":\"Organization\",\"@id\":\"https:\\\/\\\/tempelherrenorden.de\\\/cms\\\/#organization\",\"name\":\"Deutscher Tempelherren-Orden OMCT e.V.\",\"url\":\"https:\\\/\\\/tempelherrenorden.de\\\/cms\\\/\",\"logo\":{\"@type\":\"ImageObject\",\"inLanguage\":\"de\",\"@id\":\"https:\\\/\\\/tempelherrenorden.de\\\/cms\\\/#\\\/schema\\\/logo\\\/image\\\/\",\"url\":\"https:\\\/\\\/i0.wp.com\\\/tempelherrenorden.de\\\/cms\\\/wp-content\\\/uploads\\\/2018\\\/01\\\/OMCT-Wappen.jpg?fit=997%2C1198&ssl=1\",\"contentUrl\":\"https:\\\/\\\/i0.wp.com\\\/tempelherrenorden.de\\\/cms\\\/wp-content\\\/uploads\\\/2018\\\/01\\\/OMCT-Wappen.jpg?fit=997%2C1198&ssl=1\",\"width\":997,\"height\":1198,\"caption\":\"Deutscher Tempelherren-Orden OMCT e.V.\"},\"image\":{\"@id\":\"https:\\\/\\\/tempelherrenorden.de\\\/cms\\\/#\\\/schema\\\/logo\\\/image\\\/\"},\"sameAs\":[\"https:\\\/\\\/www.facebook.com\\\/Deutscher-Tempelherren-Orden-OMCT-2054469481490772\\\/\"]},{\"@type\":\"Person\",\"@id\":\"https:\\\/\\\/tempelherrenorden.de\\\/cms\\\/#\\\/schema\\\/person\\\/c4b556c7412791f0ed2d6851086be4aa\",\"name\":\"Redaktion\",\"image\":{\"@type\":\"ImageObject\",\"inLanguage\":\"de\",\"@id\":\"https:\\\/\\\/secure.gravatar.com\\\/avatar\\\/4ed839132852af2d0905f18562e70ba28d4d5c2fa1196284813995a27f534319?s=96&d=mm&r=g\",\"url\":\"https:\\\/\\\/secure.gravatar.com\\\/avatar\\\/4ed839132852af2d0905f18562e70ba28d4d5c2fa1196284813995a27f534319?s=96&d=mm&r=g\",\"contentUrl\":\"https:\\\/\\\/secure.gravatar.com\\\/avatar\\\/4ed839132852af2d0905f18562e70ba28d4d5c2fa1196284813995a27f534319?s=96&d=mm&r=g\",\"caption\":\"Redaktion\"},\"url\":\"https:\\\/\\\/tempelherrenorden.de\\\/cms\\\/author\\\/redaktion\\\/\"}]}<\/script>\n<!-- \/ Yoast SEO plugin. -->","yoast_head_json":{"title":"Gr\u00fcndungsgottesdienst des Ordenshauses Berlin-Brandenburg &#8226; Deutscher Tempelherren-Orden","robots":{"index":"index","follow":"follow","max-snippet":"max-snippet:-1","max-image-preview":"max-image-preview:large","max-video-preview":"max-video-preview:-1"},"canonical":"https:\/\/tempelherrenorden.de\/cms\/gruendungsgottesdienst-des-ordenshauses-berlin-brandenburg\/","og_locale":"de_DE","og_type":"article","og_title":"Gr\u00fcndungsgottesdienst des Ordenshauses Berlin-Brandenburg &#8226; Deutscher Tempelherren-Orden","og_description":"OBr. Wolf er\u00f6ffnete den Gottesdienst durch die Begr\u00fc\u00dfung der Gottesdienstteilnehmer und geladenen G\u00e4ste. In beeindruckenden pers\u00f6nlichen Worten schilderte er seine wachsende Beziehung zu dieser historischen Kirche aus der Templerzeit und sein Hineinwachsen in den Orden. Die Faszination dieses Weges und die damit verbundene Begeisterung waren die Br\u00fccke, um Interessenten f\u00fcr\u2026 Artikel lesen","og_url":"https:\/\/tempelherrenorden.de\/cms\/gruendungsgottesdienst-des-ordenshauses-berlin-brandenburg\/","og_site_name":"Deutscher Tempelherren-Orden","article_publisher":"https:\/\/www.facebook.com\/Deutscher-Tempelherren-Orden-OMCT-2054469481490772\/","article_published_time":"2014-10-29T23:23:27+00:00","article_modified_time":"2018-05-13T18:26:17+00:00","og_image":[{"url":"https:\/\/tempelherrenorden.de\/cms\/wp-content\/uploads\/2015\/12\/Ansprache-300x225.jpg","type":"","width":"","height":""}],"author":"Redaktion","twitter_card":"summary_large_image","twitter_misc":{"Verfasst von":"Redaktion","Gesch\u00e4tzte Lesezeit":"2\u00a0Minuten"},"schema":{"@context":"https:\/\/schema.org","@graph":[{"@type":"Article","@id":"https:\/\/tempelherrenorden.de\/cms\/gruendungsgottesdienst-des-ordenshauses-berlin-brandenburg\/#article","isPartOf":{"@id":"https:\/\/tempelherrenorden.de\/cms\/gruendungsgottesdienst-des-ordenshauses-berlin-brandenburg\/"},"author":{"name":"Redaktion","@id":"https:\/\/tempelherrenorden.de\/cms\/#\/schema\/person\/c4b556c7412791f0ed2d6851086be4aa"},"headline":"Gr\u00fcndungsgottesdienst des Ordenshauses Berlin-Brandenburg","datePublished":"2014-10-29T23:23:27+00:00","dateModified":"2018-05-13T18:26:17+00:00","mainEntityOfPage":{"@id":"https:\/\/tempelherrenorden.de\/cms\/gruendungsgottesdienst-des-ordenshauses-berlin-brandenburg\/"},"wordCount":503,"publisher":{"@id":"https:\/\/tempelherrenorden.de\/cms\/#organization"},"image":{"@id":"https:\/\/tempelherrenorden.de\/cms\/gruendungsgottesdienst-des-ordenshauses-berlin-brandenburg\/#primaryimage"},"thumbnailUrl":"https:\/\/tempelherrenorden.de\/cms\/wp-content\/uploads\/2015\/12\/Ansprache-300x225.jpg","keywords":["Berlin","Gottesdienst","Komturei","Ordenshaus","St. Georg","Tempelherren","Tempelritter","Templer","Veranstaltung"],"articleSection":{"1":"Komturei St. Georg"},"inLanguage":"de"},{"@type":"WebPage","@id":"https:\/\/tempelherrenorden.de\/cms\/gruendungsgottesdienst-des-ordenshauses-berlin-brandenburg\/","url":"https:\/\/tempelherrenorden.de\/cms\/gruendungsgottesdienst-des-ordenshauses-berlin-brandenburg\/","name":"Gr\u00fcndungsgottesdienst des Ordenshauses Berlin-Brandenburg &#8226; Deutscher Tempelherren-Orden","isPartOf":{"@id":"https:\/\/tempelherrenorden.de\/cms\/#website"},"primaryImageOfPage":{"@id":"https:\/\/tempelherrenorden.de\/cms\/gruendungsgottesdienst-des-ordenshauses-berlin-brandenburg\/#primaryimage"},"image":{"@id":"https:\/\/tempelherrenorden.de\/cms\/gruendungsgottesdienst-des-ordenshauses-berlin-brandenburg\/#primaryimage"},"thumbnailUrl":"https:\/\/tempelherrenorden.de\/cms\/wp-content\/uploads\/2015\/12\/Ansprache-300x225.jpg","datePublished":"2014-10-29T23:23:27+00:00","dateModified":"2018-05-13T18:26:17+00:00","breadcrumb":{"@id":"https:\/\/tempelherrenorden.de\/cms\/gruendungsgottesdienst-des-ordenshauses-berlin-brandenburg\/#breadcrumb"},"inLanguage":"de","potentialAction":[{"@type":"ReadAction","target":["https:\/\/tempelherrenorden.de\/cms\/gruendungsgottesdienst-des-ordenshauses-berlin-brandenburg\/"]}]},{"@type":"ImageObject","inLanguage":"de","@id":"https:\/\/tempelherrenorden.de\/cms\/gruendungsgottesdienst-des-ordenshauses-berlin-brandenburg\/#primaryimage","url":"https:\/\/i0.wp.com\/tempelherrenorden.de\/cms\/wp-content\/uploads\/2015\/12\/Ansprache.jpg?fit=4000%2C3000&ssl=1","contentUrl":"https:\/\/i0.wp.com\/tempelherrenorden.de\/cms\/wp-content\/uploads\/2015\/12\/Ansprache.jpg?fit=4000%2C3000&ssl=1","width":4000,"height":3000},{"@type":"BreadcrumbList","@id":"https:\/\/tempelherrenorden.de\/cms\/gruendungsgottesdienst-des-ordenshauses-berlin-brandenburg\/#breadcrumb","itemListElement":[{"@type":"ListItem","position":1,"name":"Startseite","item":"https:\/\/tempelherrenorden.de\/cms\/"},{"@type":"ListItem","position":2,"name":"Gr\u00fcndungsgottesdienst des Ordenshauses Berlin-Brandenburg"}]},{"@type":"WebSite","@id":"https:\/\/tempelherrenorden.de\/cms\/#website","url":"https:\/\/tempelherrenorden.de\/cms\/","name":"Deutscher Tempelherren-Orden","description":"","publisher":{"@id":"https:\/\/tempelherrenorden.de\/cms\/#organization"},"potentialAction":[{"@type":"SearchAction","target":{"@type":"EntryPoint","urlTemplate":"https:\/\/tempelherrenorden.de\/cms\/?s={search_term_string}"},"query-input":{"@type":"PropertyValueSpecification","valueRequired":true,"valueName":"search_term_string"}}],"inLanguage":"de"},{"@type":"Organization","@id":"https:\/\/tempelherrenorden.de\/cms\/#organization","name":"Deutscher Tempelherren-Orden OMCT e.V.","url":"https:\/\/tempelherrenorden.de\/cms\/","logo":{"@type":"ImageObject","inLanguage":"de","@id":"https:\/\/tempelherrenorden.de\/cms\/#\/schema\/logo\/image\/","url":"https:\/\/i0.wp.com\/tempelherrenorden.de\/cms\/wp-content\/uploads\/2018\/01\/OMCT-Wappen.jpg?fit=997%2C1198&ssl=1","contentUrl":"https:\/\/i0.wp.com\/tempelherrenorden.de\/cms\/wp-content\/uploads\/2018\/01\/OMCT-Wappen.jpg?fit=997%2C1198&ssl=1","width":997,"height":1198,"caption":"Deutscher Tempelherren-Orden OMCT e.V."},"image":{"@id":"https:\/\/tempelherrenorden.de\/cms\/#\/schema\/logo\/image\/"},"sameAs":["https:\/\/www.facebook.com\/Deutscher-Tempelherren-Orden-OMCT-2054469481490772\/"]},{"@type":"Person","@id":"https:\/\/tempelherrenorden.de\/cms\/#\/schema\/person\/c4b556c7412791f0ed2d6851086be4aa","name":"Redaktion","image":{"@type":"ImageObject","inLanguage":"de","@id":"https:\/\/secure.gravatar.com\/avatar\/4ed839132852af2d0905f18562e70ba28d4d5c2fa1196284813995a27f534319?s=96&d=mm&r=g","url":"https:\/\/secure.gravatar.com\/avatar\/4ed839132852af2d0905f18562e70ba28d4d5c2fa1196284813995a27f534319?s=96&d=mm&r=g","contentUrl":"https:\/\/secure.gravatar.com\/avatar\/4ed839132852af2d0905f18562e70ba28d4d5c2fa1196284813995a27f534319?s=96&d=mm&r=g","caption":"Redaktion"},"url":"https:\/\/tempelherrenorden.de\/cms\/author\/redaktion\/"}]}},"jetpack_featured_media_url":"","jetpack_shortlink":"https:\/\/wp.me\/p5yQvL-au","jetpack_sharing_enabled":true,"_links":{"self":[{"href":"https:\/\/tempelherrenorden.de\/cms\/wp-json\/wp\/v2\/posts\/650","targetHints":{"allow":["GET"]}}],"collection":[{"href":"https:\/\/tempelherrenorden.de\/cms\/wp-json\/wp\/v2\/posts"}],"about":[{"href":"https:\/\/tempelherrenorden.de\/cms\/wp-json\/wp\/v2\/types\/post"}],"author":[{"embeddable":true,"href":"https:\/\/tempelherrenorden.de\/cms\/wp-json\/wp\/v2\/users\/10"}],"replies":[{"embeddable":true,"href":"https:\/\/tempelherrenorden.de\/cms\/wp-json\/wp\/v2\/comments?post=650"}],"version-history":[{"count":10,"href":"https:\/\/tempelherrenorden.de\/cms\/wp-json\/wp\/v2\/posts\/650\/revisions"}],"predecessor-version":[{"id":1947,"href":"https:\/\/tempelherrenorden.de\/cms\/wp-json\/wp\/v2\/posts\/650\/revisions\/1947"}],"wp:attachment":[{"href":"https:\/\/tempelherrenorden.de\/cms\/wp-json\/wp\/v2\/media?parent=650"}],"wp:term":[{"taxonomy":"category","embeddable":true,"href":"https:\/\/tempelherrenorden.de\/cms\/wp-json\/wp\/v2\/categories?post=650"},{"taxonomy":"post_tag","embeddable":true,"href":"https:\/\/tempelherrenorden.de\/cms\/wp-json\/wp\/v2\/tags?post=650"}],"curies":[{"name":"wp","href":"https:\/\/api.w.org\/{rel}","templated":true}]}}